{"id":9655,"date":"2014-09-26T09:13:17","date_gmt":"2014-09-26T07:13:17","guid":{"rendered":"http:\/\/blogs.diariosur.es\/tormentas-y-rayos\/?p=9655"},"modified":"2014-09-26T09:13:17","modified_gmt":"2014-09-26T07:13:17","slug":"prevision-del-tiempo-andalucia-se-activan-los-avisos-amarillos-por-lluvias-una-bolsa-de-aire-frio-se-situara-en-el-cabo-de-san-vicente","status":"publish","type":"post","link":"https:\/\/blogs.diariosur.es\/tormentas-y-rayos\/2014\/09\/26\/prevision-del-tiempo-andalucia-se-activan-los-avisos-amarillos-por-lluvias-una-bolsa-de-aire-frio-se-situara-en-el-cabo-de-san-vicente\/","title":{"rendered":"Previsi\u00f3n del tiempo Andaluc\u00eda. Se activan los avisos amarillos por lluvias. Una bolsa de aire fr\u00edo se situara en el Cabo de San Vicente."},"content":{"rendered":"<p><img loading=\"lazy\" class=\"aligncenter\" src=\"https:\/\/farm3.staticflickr.com\/2898\/14371881571_bbae3518b1_q.jpg\" alt=\"\" width=\"150\" height=\"150\" \/><\/p>\n<p>&nbsp;<\/p>\n<p>&nbsp;<\/p>\n<p>&nbsp;<\/p>\n<p>&nbsp;<\/p>\n<p><strong>Buenos dias amigos de la meteo. Son las seis de la ma\u00f1ana, registro 20 grados y los cielos est\u00e1n algo nubosos debido al levante. Que fresquito mas bueno.<\/strong><\/p>\n<p><strong>\u00a0Aunque\u00a0sea repetitivo una y otra vez, de nuevo os digo que estas situaciones son muy\u00a0dif\u00edciles\u00a0de modelizar. Como nos gusta a todos echar la culpa a la Aemet cuando se activan los avisos y no cae ni gota. Pues de nuevo se activan los avisos amarillos por lluvias y me\u00a0vais\u00a0a permitir que hoy este\u00a0rega\u00f1\u00f3n\u00a0jijijiji \u00a0y os vuelva a poner los significados de los avisos, sobre todo el amarillo. Y a\u00a0continuaci\u00f3n\u00a0hablamos de lo que pueda pasar.<\/strong><\/p>\n<p><a href=\"https:\/\/blogs.diariosur.es\/tormentas-y-rayos\/2014\/09\/26\/prevision-del-tiempo-andalucia-se-activan-los-avisos-amarillos-por-lluvias-una-bolsa-de-aire-frio-se-situara-en-el-cabo-de-san-vicente\/captura27-600x135\/\" rel=\"attachment wp-att-9656\"><img loading=\"lazy\" class=\"aligncenter size-full wp-image-9656\" title=\"Captura27-600x135\" src=\"\/tormentas-y-rayos\/wp-content\/uploads\/sites\/12\/2014\/09\/Captura27.jpg\" alt=\"\" width=\"600\" height=\"135\" \/><\/a><\/p>\n<p><strong>Otra bolsa de aire fr\u00edo se situara durante el dia de hoy en el Cabo de San Vicente, os paso el mapa a 500 hpa ( 5500 m ) Fuente aemet,hirlam<\/strong><\/p>\n<p><a href=\"https:\/\/blogs.diariosur.es\/tormentas-y-rayos\/2014\/09\/26\/prevision-del-tiempo-andalucia-se-activan-los-avisos-amarillos-por-lluvias-una-bolsa-de-aire-frio-se-situara-en-el-cabo-de-san-vicente\/b-31\/\" rel=\"attachment wp-att-9657\"><img loading=\"lazy\" class=\"aligncenter size-medium wp-image-9657\" title=\"b\" src=\"\/tormentas-y-rayos\/wp-content\/uploads\/sites\/12\/2014\/09\/b2.jpg\" alt=\"\" width=\"560\" height=\"400\" srcset=\"https:\/\/static-blogs.diariosur.es\/wp-content\/uploads\/sites\/12\/2014\/09\/b2.jpg 759w, https:\/\/static-blogs.diariosur.es\/wp-content\/uploads\/sites\/12\/2014\/09\/b2-560x400.jpg 560w\" sizes=\"(max-width: 560px) 100vw, 560px\" \/><\/a><\/p>\n<p>&nbsp;<\/p>\n<p><strong>Muchos me\u00a0diereis&#8230;&#8230; pues lo mismo que el domingo pasado, pues no amigos. Hay dos factores que\u00a0hacen\u00a0que\u00a0cambien con\u00a0lo del domingo pasado.\u00a0\u00a0El primero y como ocurre ahora mismo el viento entra de sureste, el domingo pasado era aterralado, y otro factor importante es que la dorsal Africana se ha retirado. Os paso un mapa de superficie fuente gfs, meteociel.<\/strong><\/p>\n<p><a href=\"https:\/\/blogs.diariosur.es\/tormentas-y-rayos\/2014\/09\/26\/prevision-del-tiempo-andalucia-se-activan-los-avisos-amarillos-por-lluvias-una-bolsa-de-aire-frio-se-situara-en-el-cabo-de-san-vicente\/b2-4\/\" rel=\"attachment wp-att-9658\"><img loading=\"lazy\" class=\"aligncenter size-medium wp-image-9658\" title=\"b2\" src=\"\/tormentas-y-rayos\/wp-content\/uploads\/sites\/12\/2014\/09\/b21.jpg\" alt=\"\" width=\"600\" height=\"367\" srcset=\"https:\/\/static-blogs.diariosur.es\/wp-content\/uploads\/sites\/12\/2014\/09\/b21.jpg 762w, https:\/\/static-blogs.diariosur.es\/wp-content\/uploads\/sites\/12\/2014\/09\/b21-640x392.jpg 640w\" sizes=\"(max-width: 600px) 100vw, 600px\" \/><\/a><\/p>\n<p>&nbsp;<\/p>\n<p><strong>De todas formas aun\u00a0as\u00ed\u00a0es\u00a0dif\u00edcil\u00a0saber donde\u00a0caer\u00e1\u00a0la lluvia mas fuerte. En la Costa Malague\u00f1a se esperan chubascos a partir de esta tarde noche, siendo mas abundantes ma\u00f1ana\u00a0s\u00e1bado.\u00a0<\/strong><\/p>\n<p><strong>Desde hace unas horas en el levante Almeriense se producen tormentas, que est\u00e1n descargando buenos litros.<\/strong><\/p>\n<p><strong>Os paso los mapas de avisos para hoy y ma\u00f1ana. Recordaros que el aviso amarillo para hoy en la capital empieza a las nueve de la noche.<\/strong><\/p>\n<p><a href=\"https:\/\/blogs.diariosur.es\/tormentas-y-rayos\/2014\/09\/26\/prevision-del-tiempo-andalucia-se-activan-los-avisos-amarillos-por-lluvias-una-bolsa-de-aire-frio-se-situara-en-el-cabo-de-san-vicente\/a1-13\/\" rel=\"attachment wp-att-9659\"><img loading=\"lazy\" class=\"aligncenter size-full wp-image-9659\" title=\"a1\" src=\"\/tormentas-y-rayos\/wp-content\/uploads\/sites\/12\/2014\/09\/a1.jpg\" alt=\"\" width=\"588\" height=\"378\" \/><\/a><a href=\"https:\/\/blogs.diariosur.es\/tormentas-y-rayos\/2014\/09\/26\/prevision-del-tiempo-andalucia-se-activan-los-avisos-amarillos-por-lluvias-una-bolsa-de-aire-frio-se-situara-en-el-cabo-de-san-vicente\/a-34\/\" rel=\"attachment wp-att-9660\"><img loading=\"lazy\" class=\"aligncenter size-medium wp-image-9660\" title=\"a\" src=\"\/tormentas-y-rayos\/wp-content\/uploads\/sites\/12\/2014\/09\/a2.jpg\" alt=\"\" width=\"600\" height=\"149\" \/><\/a><\/p>\n<p>&nbsp;<\/p>\n<p><a href=\"https:\/\/blogs.diariosur.es\/tormentas-y-rayos\/2014\/09\/26\/prevision-del-tiempo-andalucia-se-activan-los-avisos-amarillos-por-lluvias-una-bolsa-de-aire-frio-se-situara-en-el-cabo-de-san-vicente\/z-35\/\" rel=\"attachment wp-att-9662\"><img loading=\"lazy\" class=\"aligncenter size-full wp-image-9662\" title=\"z\" src=\"\/tormentas-y-rayos\/wp-content\/uploads\/sites\/12\/2014\/09\/z4.jpg\" alt=\"\" width=\"561\" height=\"364\" \/><\/a><a href=\"https:\/\/blogs.diariosur.es\/tormentas-y-rayos\/2014\/09\/26\/prevision-del-tiempo-andalucia-se-activan-los-avisos-amarillos-por-lluvias-una-bolsa-de-aire-frio-se-situara-en-el-cabo-de-san-vicente\/z1-21\/\" rel=\"attachment wp-att-9663\"><img loading=\"lazy\" class=\"aligncenter size-medium wp-image-9663\" title=\"z1\" src=\"\/tormentas-y-rayos\/wp-content\/uploads\/sites\/12\/2014\/09\/z12.jpg\" alt=\"\" width=\"600\" height=\"292\" \/><\/a><\/p>\n<p><strong>Como estoy muy rega\u00f1on, os dejo unos minutos y me voy para la playa. Necesito cargar las pilas y desde la playa ver como vienen las nubes y la\u00a0direcci\u00f3n\u00a0exacta del viento.<\/strong><\/p>\n<p>&nbsp;<\/p>\n<p><strong>Ya de vuelta amigos, impresionante el amanecer de hoy. Ya se nota que hay mucha inestabuilidad en altura y se empiezan a formas nubes con bastante desarrollo por el interior. Incluso he visto varios altocumulus . Os paso castellanus. Os paso una foto.<\/strong><\/p>\n<p><img loading=\"lazy\" class=\"aligncenter\" src=\"https:\/\/farm3.staticflickr.com\/2942\/15354309441_a382380039_z.jpg\" alt=\"\" width=\"640\" height=\"427\" \/><\/p>\n<p>&nbsp;<\/p>\n<p><strong>Os hago un peque\u00f1o resumen de ayer.<\/strong><\/p>\n<p><strong>La maxima ayer en M\u00e1laga fue de 26 grados, casi cinco grados menos que el mi\u00e9rcoles. Lo mas destacado una tormenta que se formo en el interior de la provincia, mas concretamente por la zona de Ronda.\u00a0<\/strong><\/p>\n<p><strong>Mi amigo Alvaro Gordillo me mandaba desde Ronda esta foto cuando\u00a0ca\u00eda\u00a0un fuerte chubasco. Ronda contabilizo 11 litros.<\/strong><\/p>\n<p><a href=\"https:\/\/blogs.diariosur.es\/tormentas-y-rayos\/2014\/09\/26\/prevision-del-tiempo-andalucia-se-activan-los-avisos-amarillos-por-lluvias-una-bolsa-de-aire-frio-se-situara-en-el-cabo-de-san-vicente\/alvaro-gordillo\/\" rel=\"attachment wp-att-9664\"><img loading=\"lazy\" class=\"aligncenter size-full wp-image-9664\" title=\"alvaro gordillo\" src=\"\/tormentas-y-rayos\/wp-content\/uploads\/sites\/12\/2014\/09\/alvaro-gordillo.jpg\" alt=\"\" width=\"640\" height=\"480\" srcset=\"https:\/\/static-blogs.diariosur.es\/wp-content\/uploads\/sites\/12\/2014\/09\/alvaro-gordillo.jpg 640w, https:\/\/static-blogs.diariosur.es\/wp-content\/uploads\/sites\/12\/2014\/09\/alvaro-gordillo-533x400.jpg 533w\" sizes=\"(max-width: 640px) 100vw, 640px\" \/><\/a><\/p>\n<p>&nbsp;<\/p>\n<p><strong>A ultima<\/strong><strong>\u00a0hora de la tarde noche aun se\u00a0ve\u00eda\u00a0ese preciosos cumulonimbus incus que\u00a0fotografi\u00f3\u00a0mi amiga Fuensanta Villalobos.<\/strong><\/p>\n<p><a href=\"https:\/\/blogs.diariosur.es\/tormentas-y-rayos\/2014\/09\/26\/prevision-del-tiempo-andalucia-se-activan-los-avisos-amarillos-por-lluvias-una-bolsa-de-aire-frio-se-situara-en-el-cabo-de-san-vicente\/fuensanta-villalobos-5\/\" rel=\"attachment wp-att-9665\"><img loading=\"lazy\" class=\"aligncenter size-full wp-image-9665\" title=\"fuensanta villalobos\" src=\"\/tormentas-y-rayos\/wp-content\/uploads\/sites\/12\/2014\/09\/fuensanta-villalobos.jpg\" alt=\"\" width=\"640\" height=\"427\" srcset=\"https:\/\/static-blogs.diariosur.es\/wp-content\/uploads\/sites\/12\/2014\/09\/fuensanta-villalobos.jpg 640w, https:\/\/static-blogs.diariosur.es\/wp-content\/uploads\/sites\/12\/2014\/09\/fuensanta-villalobos-600x400.jpg 600w\" sizes=\"(max-width: 640px) 100vw, 640px\" \/><\/a><\/p>\n<p>&nbsp;<\/p>\n<p><strong>Beatriz Maria, ademas de fotografiarlo tambi\u00e9n, ha tenido el detalle de\u00a0dedic\u00e1rmelo\u00a0\u00a0con una bonita poesia. Gracias amiga<\/strong><\/p>\n<p>&nbsp;<\/p>\n<p><a href=\"https:\/\/blogs.diariosur.es\/tormentas-y-rayos\/2014\/09\/26\/prevision-del-tiempo-andalucia-se-activan-los-avisos-amarillos-por-lluvias-una-bolsa-de-aire-frio-se-situara-en-el-cabo-de-san-vicente\/beatriz-maria-4\/\" rel=\"attachment wp-att-9667\"><img loading=\"lazy\" class=\"aligncenter size-full wp-image-9667\" title=\"beatriz maria\" src=\"\/tormentas-y-rayos\/wp-content\/uploads\/sites\/12\/2014\/09\/beatriz-maria3.jpg\" alt=\"\" width=\"640\" height=\"234\" \/><\/a><\/p>\n<p>&nbsp;<\/p>\n<p>&nbsp;<\/p>\n<p>&nbsp;<\/p>\n<p><a href=\"https:\/\/blogs.diariosur.es\/tormentas-y-rayos\/2014\/09\/26\/prevision-del-tiempo-andalucia-se-activan-los-avisos-amarillos-por-lluvias-una-bolsa-de-aire-frio-se-situara-en-el-cabo-de-san-vicente\/poesia\/\" rel=\"attachment wp-att-9666\"><img loading=\"lazy\" class=\"aligncenter size-full wp-image-9666\" title=\"poesia\" src=\"\/tormentas-y-rayos\/wp-content\/uploads\/sites\/12\/2014\/09\/poesia.jpg\" alt=\"\" width=\"434\" height=\"338\" \/><\/a><\/p>\n<p>&nbsp;<\/p>\n<p>&nbsp;<\/p>\n<p>&nbsp;<\/p>\n<p><strong>Julia Mariela Balquinta desde la Cala , gracias guapisima.<\/strong><\/p>\n<p><a href=\"https:\/\/blogs.diariosur.es\/tormentas-y-rayos\/2014\/09\/26\/prevision-del-tiempo-andalucia-se-activan-los-avisos-amarillos-por-lluvias-una-bolsa-de-aire-frio-se-situara-en-el-cabo-de-san-vicente\/10714857_855005891206400_1694753136_n-2\/\" rel=\"attachment wp-att-9670\"><img loading=\"lazy\" class=\"aligncenter size-full wp-image-9670\" title=\"10714857_855005891206400_1694753136_n\" src=\"\/tormentas-y-rayos\/wp-content\/uploads\/sites\/12\/2014\/09\/10714857_855005891206400_1694753136_n1.jpg\" alt=\"\" width=\"350\" height=\"622\" srcset=\"https:\/\/static-blogs.diariosur.es\/wp-content\/uploads\/sites\/12\/2014\/09\/10714857_855005891206400_1694753136_n1.jpg 350w, https:\/\/static-blogs.diariosur.es\/wp-content\/uploads\/sites\/12\/2014\/09\/10714857_855005891206400_1694753136_n1-225x400.jpg 225w\" sizes=\"(max-width: 350px) 100vw, 350px\" \/><\/a><\/p>\n<p>&nbsp;<\/p>\n<p><strong>Como hoy libro iremos actualizando el blog es este mismo post.<\/strong><\/p>\n<p>&nbsp;<\/p>\n","protected":false},"excerpt":{"rendered":"<p>&nbsp; &nbsp; &nbsp; &nbsp; Buenos dias amigos de la meteo. Son las seis de la ma\u00f1ana, registro 20 grados y los cielos est\u00e1n algo nubosos debido al levante. Que fresquito mas bueno. \u00a0Aunque\u00a0sea repetitivo una y otra vez, de nuevo os digo que estas situaciones son muy\u00a0dif\u00edciles\u00a0de modelizar. Como nos gusta a todos echar la [&hellip;]<\/p>\n","protected":false},"author":16,"featured_media":9658,"comment_status":"open","ping_status":"open","sticky":false,"template":"","format":"standard","meta":[],"categories":[2],"tags":[54,94,100,151,185,432,569,809,980],"_links":{"self":[{"href":"https:\/\/blogs.diariosur.es\/tormentas-y-rayos\/wp-json\/wp\/v2\/posts\/9655"}],"collection":[{"href":"https:\/\/blogs.diariosur.es\/tormentas-y-rayos\/wp-json\/wp\/v2\/posts"}],"about":[{"href":"https:\/\/blogs.diariosur.es\/tormentas-y-rayos\/wp-json\/wp\/v2\/types\/post"}],"author":[{"embeddable":true,"href":"https:\/\/blogs.diariosur.es\/tormentas-y-rayos\/wp-json\/wp\/v2\/users\/16"}],"replies":[{"embeddable":true,"href":"https:\/\/blogs.diariosur.es\/tormentas-y-rayos\/wp-json\/wp\/v2\/comments?post=9655"}],"version-history":[{"count":0,"href":"https:\/\/blogs.diariosur.es\/tormentas-y-rayos\/wp-json\/wp\/v2\/posts\/9655\/revisions"}],"wp:featuredmedia":[{"embeddable":true,"href":"https:\/\/blogs.diariosur.es\/tormentas-y-rayos\/wp-json\/wp\/v2\/media\/9658"}],"wp:attachment":[{"href":"https:\/\/blogs.diariosur.es\/tormentas-y-rayos\/wp-json\/wp\/v2\/media?parent=9655"}],"wp:term":[{"taxonomy":"category","embeddable":true,"href":"https:\/\/blogs.diariosur.es\/tormentas-y-rayos\/wp-json\/wp\/v2\/categories?post=9655"},{"taxonomy":"post_tag","embeddable":true,"href":"https:\/\/blogs.diariosur.es\/tormentas-y-rayos\/wp-json\/wp\/v2\/tags?post=9655"}],"curies":[{"name":"wp","href":"https:\/\/api.w.org\/{rel}","templated":true}]}}