{"id":9678,"date":"2014-09-28T09:20:50","date_gmt":"2014-09-28T07:20:50","guid":{"rendered":"http:\/\/blogs.diariosur.es\/tormentas-y-rayos\/?p=9678"},"modified":"2014-09-28T09:20:50","modified_gmt":"2014-09-28T07:20:50","slug":"la-bolsa-de-aire-frio-deja-149-litros-en-rio-grande-128-en-pujerra-110-alpandeire-ardales-65-casarabonela-69-ronda-68-jubrique-81-velez-malaga-70-malaga-46-etc-etc","status":"publish","type":"post","link":"https:\/\/blogs.diariosur.es\/tormentas-y-rayos\/2014\/09\/28\/la-bolsa-de-aire-frio-deja-149-litros-en-rio-grande-128-en-pujerra-110-alpandeire-ardales-65-casarabonela-69-ronda-68-jubrique-81-velez-malaga-70-malaga-46-etc-etc\/","title":{"rendered":"La bolsa de aire fr\u00edo deja 149 litros en R\u00edo Grande, 128 en Pujerra, 110 Alpandeire, Ardales 65, Casarabonela 69, Ronda 68, Jubrique 81, Vel\u00e9z M\u00e1laga 70, M\u00e1laga 46 etc etc"},"content":{"rendered":"<p><img loading=\"lazy\" class=\"aligncenter\" src=\"https:\/\/farm3.staticflickr.com\/2898\/14371881571_bbae3518b1_q.jpg\" alt=\"\" width=\"150\" height=\"150\" \/><\/p>\n<p>&nbsp;<\/p>\n<p>&nbsp;<\/p>\n<p>&nbsp;<\/p>\n<p><strong>Buenos dias amigos de la meteo, son las seis de la ma\u00f1ana, registro 20.5 grados y los cielos est\u00e1n\u00a0nubosos. Otra madrugada de guardia y lo\u00a0\u00fanico\u00a0que ha merecido la pena ha sido la\u00a0lluvia\u00a0 moderada y en ocasiones fuerte\u00a0que\u00a0ha\u00a0ca\u00eddo\u00a0en la Capital Malague\u00f1a. En cuesti\u00f3n de rayos muy pocos hemos tenido, eso si, hubo un petardazo \u00a0que\u00a0despert\u00f3\u00a0a muchos malague\u00f1os.\u00a0As\u00ed\u00a0venia la Avenida Ortega y Gasset sobre las cinco de la ma\u00f1ana..<\/strong><\/p>\n<p><a href=\"https:\/\/blogs.diariosur.es\/tormentas-y-rayos\/2014\/09\/28\/la-bolsa-de-aire-frio-deja-149-litros-en-rio-grande-128-en-pujerra-110-alpandeire-ardales-65-casarabonela-69-ronda-68-jubrique-81-velez-malaga-70-malaga-46-etc-etc\/012-8\/\" rel=\"attachment wp-att-9679\"><img loading=\"lazy\" class=\"aligncenter size-full wp-image-9679\" title=\"012\" src=\"\/tormentas-y-rayos\/wp-content\/uploads\/sites\/12\/2014\/09\/0121.jpg\" alt=\"\" width=\"640\" height=\"427\" srcset=\"https:\/\/static-blogs.diariosur.es\/wp-content\/uploads\/sites\/12\/2014\/09\/0121.jpg 640w, https:\/\/static-blogs.diariosur.es\/wp-content\/uploads\/sites\/12\/2014\/09\/0121-600x400.jpg 600w\" sizes=\"(max-width: 640px) 100vw, 640px\" \/><\/a><\/p>\n<p><strong>Esta pasada madrugada he contabilizado 32 litros, que sumando lo de ayer hace un total de \u00a0<span style=\"color: #ff0000;\">46 litros<\/span>. No esta nada mal. \u00a0En la Provincia Malague\u00f1a el agua\u00a0ca\u00edda\u00a0ha estado muy bien y que yo sepa de momento no hay da\u00f1os\u00a0materiales. En el titulo del post \u00a0pod\u00e9is\u00a0ver los registros mas importantes en las ultimas 24 horas. Se ha regado tanto el oeste interior como en el este de la provincia.<\/strong><\/p>\n<p><strong>En esta imagen del radar de lluvias de la siete de la ma\u00f1ana, aun se ve que sigue lloviendo en algunos puntos de la provincia.<\/strong><\/p>\n<p><a href=\"https:\/\/blogs.diariosur.es\/tormentas-y-rayos\/2014\/09\/28\/la-bolsa-de-aire-frio-deja-149-litros-en-rio-grande-128-en-pujerra-110-alpandeire-ardales-65-casarabonela-69-ronda-68-jubrique-81-velez-malaga-70-malaga-46-etc-etc\/captura-441\/\" rel=\"attachment wp-att-9680\"><img loading=\"lazy\" class=\"aligncenter size-medium wp-image-9680\" title=\"Captura\" src=\"\/tormentas-y-rayos\/wp-content\/uploads\/sites\/12\/2014\/09\/Captura37.jpg\" alt=\"\" width=\"460\" height=\"400\" srcset=\"https:\/\/static-blogs.diariosur.es\/wp-content\/uploads\/sites\/12\/2014\/09\/Captura37.jpg 778w, https:\/\/static-blogs.diariosur.es\/wp-content\/uploads\/sites\/12\/2014\/09\/Captura37-460x400.jpg 460w, https:\/\/static-blogs.diariosur.es\/wp-content\/uploads\/sites\/12\/2014\/09\/Captura37-768x667.jpg 768w\" sizes=\"(max-width: 460px) 100vw, 460px\" \/><\/a><\/p>\n<p>&nbsp;<\/p>\n<p><strong>Hoy a medida que pasen las horas los \u00a0cielos\u00a0<\/strong><strong>abrir\u00e1n, si acaso pueden caer algunos chubascos\u00a0espor\u00e1dicos. Con vuestro permiso tiro para la Playa de la Misericordia, candilazo no tendremos, pero seguro que el contraste del mar de fondo con el nublado queda bonito.<\/strong><\/p>\n<p><strong>Ya estoy aqui de nuevo. Os paso un par de fotos que he pasado a blanco y negro.<\/strong><\/p>\n<p><a href=\"https:\/\/blogs.diariosur.es\/tormentas-y-rayos\/2014\/09\/28\/la-bolsa-de-aire-frio-deja-149-litros-en-rio-grande-128-en-pujerra-110-alpandeire-ardales-65-casarabonela-69-ronda-68-jubrique-81-velez-malaga-70-malaga-46-etc-etc\/z-36\/\" rel=\"attachment wp-att-9681\"><img loading=\"lazy\" class=\"aligncenter size-full wp-image-9681\" title=\"z\" src=\"\/tormentas-y-rayos\/wp-content\/uploads\/sites\/12\/2014\/09\/z5.jpg\" alt=\"\" width=\"640\" height=\"427\" srcset=\"https:\/\/static-blogs.diariosur.es\/wp-content\/uploads\/sites\/12\/2014\/09\/z5.jpg 640w, https:\/\/static-blogs.diariosur.es\/wp-content\/uploads\/sites\/12\/2014\/09\/z5-600x400.jpg 600w\" sizes=\"(max-width: 640px) 100vw, 640px\" \/><\/a><\/p>\n<p>&nbsp;<\/p>\n<p><a href=\"https:\/\/blogs.diariosur.es\/tormentas-y-rayos\/2014\/09\/28\/la-bolsa-de-aire-frio-deja-149-litros-en-rio-grande-128-en-pujerra-110-alpandeire-ardales-65-casarabonela-69-ronda-68-jubrique-81-velez-malaga-70-malaga-46-etc-etc\/z1-22\/\" rel=\"attachment wp-att-9682\"><img loading=\"lazy\" class=\"aligncenter size-full wp-image-9682\" title=\"z1\" src=\"\/tormentas-y-rayos\/wp-content\/uploads\/sites\/12\/2014\/09\/z13.jpg\" alt=\"\" width=\"640\" height=\"427\" srcset=\"https:\/\/static-blogs.diariosur.es\/wp-content\/uploads\/sites\/12\/2014\/09\/z13.jpg 640w, https:\/\/static-blogs.diariosur.es\/wp-content\/uploads\/sites\/12\/2014\/09\/z13-600x400.jpg 600w\" sizes=\"(max-width: 640px) 100vw, 640px\" \/><\/a><\/p>\n<p>&nbsp;<\/p>\n<p><strong>\u00a0Ayer os comentaba que se\u00a0podr\u00eda\u00a0formar un sistema convectivo de mesoescala SCM en el\u00a0Mediterr\u00e1neo. Viendo la ultima imagen del visible tiene toda la pinta de que si. De todas formas aun no esta confirmado.<\/strong><\/p>\n<p><a href=\"https:\/\/blogs.diariosur.es\/tormentas-y-rayos\/2014\/09\/28\/la-bolsa-de-aire-frio-deja-149-litros-en-rio-grande-128-en-pujerra-110-alpandeire-ardales-65-casarabonela-69-ronda-68-jubrique-81-velez-malaga-70-malaga-46-etc-etc\/a-35\/\" rel=\"attachment wp-att-9683\"><img loading=\"lazy\" class=\"aligncenter size-medium wp-image-9683\" title=\"a\" src=\"\/tormentas-y-rayos\/wp-content\/uploads\/sites\/12\/2014\/09\/a3.jpg\" alt=\"\" width=\"545\" height=\"400\" srcset=\"https:\/\/static-blogs.diariosur.es\/wp-content\/uploads\/sites\/12\/2014\/09\/a3.jpg 739w, https:\/\/static-blogs.diariosur.es\/wp-content\/uploads\/sites\/12\/2014\/09\/a3-545x400.jpg 545w\" sizes=\"(max-width: 545px) 100vw, 545px\" \/><\/a><\/p>\n<p><strong>Poco mas que contar amigos. Ma\u00f1ana\u00a0pondr\u00e9\u00a0las fotos que me\u00a0hab\u00e9is\u00a0mandado. \u00a0Disfrutar del domingo.<\/strong><\/p>\n<p>&nbsp;<\/p>\n","protected":false},"excerpt":{"rendered":"<p>&nbsp; &nbsp; &nbsp; Buenos dias amigos de la meteo, son las seis de la ma\u00f1ana, registro 20.5 grados y los cielos est\u00e1n\u00a0nubosos. Otra madrugada de guardia y lo\u00a0\u00fanico\u00a0que ha merecido la pena ha sido la\u00a0lluvia\u00a0 moderada y en ocasiones fuerte\u00a0que\u00a0ha\u00a0ca\u00eddo\u00a0en la Capital Malague\u00f1a. En cuesti\u00f3n de rayos muy pocos hemos tenido, eso si, hubo un [&hellip;]<\/p>\n","protected":false},"author":16,"featured_media":9682,"comment_status":"open","ping_status":"open","sticky":false,"template":"","format":"standard","meta":[],"categories":[2],"tags":[55,185],"_links":{"self":[{"href":"https:\/\/blogs.diariosur.es\/tormentas-y-rayos\/wp-json\/wp\/v2\/posts\/9678"}],"collection":[{"href":"https:\/\/blogs.diariosur.es\/tormentas-y-rayos\/wp-json\/wp\/v2\/posts"}],"about":[{"href":"https:\/\/blogs.diariosur.es\/tormentas-y-rayos\/wp-json\/wp\/v2\/types\/post"}],"author":[{"embeddable":true,"href":"https:\/\/blogs.diariosur.es\/tormentas-y-rayos\/wp-json\/wp\/v2\/users\/16"}],"replies":[{"embeddable":true,"href":"https:\/\/blogs.diariosur.es\/tormentas-y-rayos\/wp-json\/wp\/v2\/comments?post=9678"}],"version-history":[{"count":0,"href":"https:\/\/blogs.diariosur.es\/tormentas-y-rayos\/wp-json\/wp\/v2\/posts\/9678\/revisions"}],"wp:featuredmedia":[{"embeddable":true,"href":"https:\/\/blogs.diariosur.es\/tormentas-y-rayos\/wp-json\/wp\/v2\/media\/9682"}],"wp:attachment":[{"href":"https:\/\/blogs.diariosur.es\/tormentas-y-rayos\/wp-json\/wp\/v2\/media?parent=9678"}],"wp:term":[{"taxonomy":"category","embeddable":true,"href":"https:\/\/blogs.diariosur.es\/tormentas-y-rayos\/wp-json\/wp\/v2\/categories?post=9678"},{"taxonomy":"post_tag","embeddable":true,"href":"https:\/\/blogs.diariosur.es\/tormentas-y-rayos\/wp-json\/wp\/v2\/tags?post=9678"}],"curies":[{"name":"wp","href":"https:\/\/api.w.org\/{rel}","templated":true}]}}