{"id":9684,"date":"2014-09-29T07:19:52","date_gmt":"2014-09-29T05:19:52","guid":{"rendered":"http:\/\/blogs.diariosur.es\/tormentas-y-rayos\/?p=9684"},"modified":"2014-09-29T07:19:52","modified_gmt":"2014-09-29T05:19:52","slug":"prevision-del-tiempo-andalucia-seguiremos-con-inestabilidad-en-zona-oriental-andaluza-imagenes-del-scm-sistema-convectivo-de-mesoescala","status":"publish","type":"post","link":"https:\/\/blogs.diariosur.es\/tormentas-y-rayos\/2014\/09\/29\/prevision-del-tiempo-andalucia-seguiremos-con-inestabilidad-en-zona-oriental-andaluza-imagenes-del-scm-sistema-convectivo-de-mesoescala\/","title":{"rendered":"Previsi\u00f3n del tiempo Andaluc\u00eda. Seguiremos con inestabilidad en zona oriental andaluza. Im\u00e1genes del SCM ( SISTEMA CONVECTIVO DE MESOESCALA) ."},"content":{"rendered":"<p><img loading=\"lazy\" class=\"aligncenter\" src=\"https:\/\/farm6.staticflickr.com\/5566\/14568830453_8e0522e3fc_q.jpg\" alt=\"\" width=\"150\" height=\"150\" \/><\/p>\n<p>&nbsp;<\/p>\n<p>&nbsp;<\/p>\n<p>&nbsp;<\/p>\n<p>&nbsp;<\/p>\n<p><strong>Buenos d\u00edas amigos de la meteo, son las seis y media de la ma\u00f1ana, registro 21 grados y los cielos est\u00e1n algo nubosos.<\/strong><\/p>\n<p><strong>\u00a0Quiero saludar a Mari Carmen y a su marido que son seguidores de mi blog, me hizo mucha ilusi\u00f3n de que el s\u00e1bado pasado me saludarais en mi trabajo. Un abrazo. Dar las gracias tambi\u00e9n a todos vosotros por las 5723 visitas que ha tenido el blog desde el pasado viernes hasta el domingo.\u00a0<\/strong><\/p>\n<p><span style=\"color: #ff0000;\"><strong>Hoy lunes y ma\u00f1ana martes \u00a0los restos de la bolsa de aire fr\u00edo traer\u00e1 chubascos tormentosos de moderados a fuertes\u00a0 a la zona m\u00e1s oriental de Andaluc\u00eda y Melilla. Ahora mismo se registran precipitaciones en Melilla y Almer\u00eda. Tambi\u00e9n se pueden dar estos chubascos en la provincia de Granada y M\u00e1laga. La aemet activa el aviso amarillo por lluvias y tormentas en el levante Almeriense.\u00a0<\/strong><\/span><\/p>\n<p><strong>\u00a0En el Valle del Guadalquivir hay\u00a0posibilidad de\u00a0brumas durante el dia de hoy, a partir de ma\u00f1ana las\u00a0m\u00e1ximas\u00a0subir\u00e1n\u00a0en esa zona.<\/strong><\/p>\n<p><strong>Os paso este mapa a 500 hpa ( 5500) que guarde ayer.\u00a0Aqu\u00ed\u00a0se puede ver los restos de la bolsa de aire fr\u00edo que traera hoy y ma\u00f1ana esa inestabilidad. Fuente aemet,Hirlam<\/strong><\/p>\n<p><a href=\"https:\/\/blogs.diariosur.es\/tormentas-y-rayos\/2014\/09\/29\/prevision-del-tiempo-andalucia-seguiremos-con-inestabilidad-en-zona-oriental-andaluza-imagenes-del-scm-sistema-convectivo-de-mesoescala\/captura-442\/\" rel=\"attachment wp-att-9690\"><img loading=\"lazy\" class=\"aligncenter size-medium wp-image-9690\" title=\"Captura\" src=\"\/tormentas-y-rayos\/wp-content\/uploads\/sites\/12\/2014\/09\/Captura38.jpg\" alt=\"\" width=\"560\" height=\"400\" srcset=\"https:\/\/static-blogs.diariosur.es\/wp-content\/uploads\/sites\/12\/2014\/09\/Captura38.jpg 760w, https:\/\/static-blogs.diariosur.es\/wp-content\/uploads\/sites\/12\/2014\/09\/Captura38-561x400.jpg 561w\" sizes=\"(max-width: 560px) 100vw, 560px\" \/><\/a><\/p>\n<p>&nbsp;<\/p>\n<p>&nbsp;<\/p>\n<p><strong>En M\u00e1laga el viento de levante tomara protagonismo a partir del martes por la tarde, asi como la \u00a0posibilidad de que se registren precipitaciones el dia 1 de Octubre, pero esto lo veremos mejor ma\u00f1ana cuando actualice el blog. Aun no tengo muy claro lo que pueda pasar.\u00a0<\/strong><\/p>\n<p>&nbsp;<\/p>\n<p><strong>En este mapa de superficie se puede ver esa peque\u00f1a baja cerca del Estrecho, que\u00a0podr\u00eda\u00a0traer esos chubascos que os comento a nuestra costa malague\u00f1a \u00a0y al casi todo el litoral\u00a0mediterr\u00e1neo\u00a0andaluz.\u00a0<\/strong><\/p>\n<p><a href=\"https:\/\/blogs.diariosur.es\/tormentas-y-rayos\/2014\/09\/29\/prevision-del-tiempo-andalucia-seguiremos-con-inestabilidad-en-zona-oriental-andaluza-imagenes-del-scm-sistema-convectivo-de-mesoescala\/m-9\/\" rel=\"attachment wp-att-9691\"><img loading=\"lazy\" class=\"aligncenter size-medium wp-image-9691\" title=\"m\" src=\"\/tormentas-y-rayos\/wp-content\/uploads\/sites\/12\/2014\/09\/m.jpg\" alt=\"\" width=\"565\" height=\"400\" srcset=\"https:\/\/static-blogs.diariosur.es\/wp-content\/uploads\/sites\/12\/2014\/09\/m.jpg 794w, https:\/\/static-blogs.diariosur.es\/wp-content\/uploads\/sites\/12\/2014\/09\/m-565x400.jpg 565w, https:\/\/static-blogs.diariosur.es\/wp-content\/uploads\/sites\/12\/2014\/09\/m-768x544.jpg 768w\" sizes=\"(max-width: 565px) 100vw, 565px\" \/><\/a><\/p>\n<p>&nbsp;<\/p>\n<p>&nbsp;<\/p>\n<p><strong>Os hago un peque\u00f1o resumen del domingo.<\/strong><\/p>\n<p><strong>La maxima de la\u00a0pen\u00ednsula\u00a0la dio M\u00e1laga con 29.1 grados, concretamente se registro en la estaci\u00f3n del Puerto. Como todos\u00a0sab\u00e9is\u00a0la madrugada fue muy lluviosa, destaca Marbella con mas de 70 litros. En mi\u00a0pluvi\u00f3metro\u00a0contabilice 32 litros, que unido a lo del\u00a0s\u00e1bado\u00a0hacen un total de 46.\u00a0<\/strong><\/p>\n<p><strong>El amanecer estuvo sin color jijijiji, las fotos que hice quedaron mejor en blanco y negro.<\/strong><\/p>\n<p><img loading=\"lazy\" class=\"aligncenter\" src=\"https:\/\/farm4.staticflickr.com\/3871\/15194771137_6848ee89f6_z.jpg\" alt=\"\" width=\"640\" height=\"427\" \/><\/p>\n<p>&nbsp;<\/p>\n<p><strong>Sobre las once de la ma\u00f1ana baje de nuevo a la playa, en esos momentos caia un peque\u00f1o chubasco.<\/strong><\/p>\n<p><img loading=\"lazy\" class=\"aligncenter\" src=\"https:\/\/farm4.staticflickr.com\/3902\/15378779681_2fa628c702_z.jpg\" alt=\"\" width=\"640\" height=\"427\" \/><\/p>\n<p>&nbsp;<\/p>\n<p><strong>A las doce del mediod\u00eda el sol se hacia paso entre las nubes.<\/strong><\/p>\n<p>&nbsp;<\/p>\n<p><img loading=\"lazy\" class=\"aligncenter\" src=\"https:\/\/farm3.staticflickr.com\/2942\/15381942305_9fbf810616_z.jpg\" alt=\"\" width=\"640\" height=\"427\" \/><\/p>\n<p>&nbsp;<\/p>\n<p><strong>\u00a0Por la tarde los protagonistas fueron los\u00a0c\u00famulos\u00a0congestus.<\/strong><\/p>\n<p>&nbsp;<\/p>\n<p><a href=\"https:\/\/blogs.diariosur.es\/tormentas-y-rayos\/2014\/09\/29\/prevision-del-tiempo-andalucia-seguiremos-con-inestabilidad-en-zona-oriental-andaluza-imagenes-del-scm-sistema-convectivo-de-mesoescala\/063-2\/\" rel=\"attachment wp-att-9693\"><img loading=\"lazy\" class=\"aligncenter size-full wp-image-9693\" title=\"063\" src=\"\/tormentas-y-rayos\/wp-content\/uploads\/sites\/12\/2014\/09\/063.jpg\" alt=\"\" width=\"640\" height=\"427\" srcset=\"https:\/\/static-blogs.diariosur.es\/wp-content\/uploads\/sites\/12\/2014\/09\/063.jpg 640w, https:\/\/static-blogs.diariosur.es\/wp-content\/uploads\/sites\/12\/2014\/09\/063-600x400.jpg 600w\" sizes=\"(max-width: 640px) 100vw, 640px\" \/><\/a><\/p>\n<p>&nbsp;<\/p>\n<p><a href=\"https:\/\/blogs.diariosur.es\/tormentas-y-rayos\/2014\/09\/29\/prevision-del-tiempo-andalucia-seguiremos-con-inestabilidad-en-zona-oriental-andaluza-imagenes-del-scm-sistema-convectivo-de-mesoescala\/064-2\/\" rel=\"attachment wp-att-9694\"><img loading=\"lazy\" class=\"aligncenter size-full wp-image-9694\" title=\"064\" src=\"\/tormentas-y-rayos\/wp-content\/uploads\/sites\/12\/2014\/09\/064.jpg\" alt=\"\" width=\"640\" height=\"427\" srcset=\"https:\/\/static-blogs.diariosur.es\/wp-content\/uploads\/sites\/12\/2014\/09\/064.jpg 640w, https:\/\/static-blogs.diariosur.es\/wp-content\/uploads\/sites\/12\/2014\/09\/064-600x400.jpg 600w\" sizes=\"(max-width: 640px) 100vw, 640px\" \/><\/a><\/p>\n<p>&nbsp;<\/p>\n<p>&nbsp;<\/p>\n<p><strong>Os paso varios enlaces\u00a0donde\u00a0explican los sistemas convectivos de mesoescala. Impresionante el que se formo ayer en el\u00a0mediterr\u00e1neo. Fuente Revista Ram.<\/strong><\/p>\n<p>&nbsp;<\/p>\n<p><a href=\"https:\/\/blogs.diariosur.es\/tormentas-y-rayos\/2014\/09\/29\/prevision-del-tiempo-andalucia-seguiremos-con-inestabilidad-en-zona-oriental-andaluza-imagenes-del-scm-sistema-convectivo-de-mesoescala\/1-83\/\" rel=\"attachment wp-att-9692\"><img loading=\"lazy\" class=\"aligncenter size-full wp-image-9692\" title=\"1\" src=\"\/tormentas-y-rayos\/wp-content\/uploads\/sites\/12\/2014\/09\/113.jpg\" alt=\"\" width=\"596\" height=\"631\" srcset=\"https:\/\/static-blogs.diariosur.es\/wp-content\/uploads\/sites\/12\/2014\/09\/113.jpg 596w, https:\/\/static-blogs.diariosur.es\/wp-content\/uploads\/sites\/12\/2014\/09\/113-378x400.jpg 378w\" sizes=\"(max-width: 596px) 100vw, 596px\" \/><\/a><\/p>\n<p>&nbsp;<\/p>\n<p><a href=\"https:\/\/blogs.diariosur.es\/tormentas-y-rayos\/2014\/09\/29\/prevision-del-tiempo-andalucia-seguiremos-con-inestabilidad-en-zona-oriental-andaluza-imagenes-del-scm-sistema-convectivo-de-mesoescala\/captura-443\/\" rel=\"attachment wp-att-9695\"><img loading=\"lazy\" class=\"aligncenter size-full wp-image-9695\" title=\"Captura\" src=\"\/tormentas-y-rayos\/wp-content\/uploads\/sites\/12\/2014\/09\/Captura39.jpg\" alt=\"\" width=\"603\" height=\"494\" srcset=\"https:\/\/static-blogs.diariosur.es\/wp-content\/uploads\/sites\/12\/2014\/09\/Captura39.jpg 603w, https:\/\/static-blogs.diariosur.es\/wp-content\/uploads\/sites\/12\/2014\/09\/Captura39-488x400.jpg 488w\" sizes=\"(max-width: 603px) 100vw, 603px\" \/><\/a><\/p>\n<p>&nbsp;<\/p>\n<p>&nbsp;<\/p>\n<p><strong><a href=\"http:\/\/www.tiempo.com\/ram\/105\/sistemas-convectivos-de-mesoescala-y-gota-fria\/\" rel=\"external nofollow\">SCM<\/a><\/strong><\/p>\n<p><strong><a href=\"http:\/\/www.tiempo.com\/ram\/106952\/vortices-convectivos-de-mesoescala-del-28-de-sept-2014\/\" rel=\"external nofollow\">SCM<\/a><\/strong><\/p>\n<p><a href=\"http:\/\/www.tiempo.com\/ram\/106892\/imagen-unica-torreones-y-sombras\/\" rel=\"external nofollow\"><strong>SCM<\/strong><\/a><\/p>\n<p><strong>Bueno amigos, os pongo unas cuantas fotos que me\u00a0hab\u00e9is\u00a0mandado estos dias pasados y que por falta de tiempo no he podido ponerlas. Son todas una pasada de bonitas.<\/strong><\/p>\n<p><strong>Pilar Pastor<\/strong><\/p>\n<p><a href=\"https:\/\/blogs.diariosur.es\/tormentas-y-rayos\/2014\/09\/29\/prevision-del-tiempo-andalucia-seguiremos-con-inestabilidad-en-zona-oriental-andaluza-imagenes-del-scm-sistema-convectivo-de-mesoescala\/pilar-pastor_1\/\" rel=\"attachment wp-att-9686\"><img loading=\"lazy\" class=\"aligncenter size-full wp-image-9686\" title=\"PILAR PASTOR_1\" src=\"\/tormentas-y-rayos\/wp-content\/uploads\/sites\/12\/2014\/09\/PILAR-PASTOR_1.jpg\" alt=\"\" width=\"640\" height=\"540\" srcset=\"https:\/\/static-blogs.diariosur.es\/wp-content\/uploads\/sites\/12\/2014\/09\/PILAR-PASTOR_1.jpg 640w, https:\/\/static-blogs.diariosur.es\/wp-content\/uploads\/sites\/12\/2014\/09\/PILAR-PASTOR_1-474x400.jpg 474w\" sizes=\"(max-width: 640px) 100vw, 640px\" \/><\/a><\/p>\n<p>&nbsp;<\/p>\n<p><strong>Maria Dolores Torreblanca<\/strong><\/p>\n<p><a href=\"https:\/\/blogs.diariosur.es\/tormentas-y-rayos\/2014\/09\/29\/prevision-del-tiempo-andalucia-seguiremos-con-inestabilidad-en-zona-oriental-andaluza-imagenes-del-scm-sistema-convectivo-de-mesoescala\/maria-dolores-torreblanca\/\" rel=\"attachment wp-att-9687\"><img loading=\"lazy\" class=\"aligncenter size-full wp-image-9687\" title=\"maria dolores torreblanca\" src=\"\/tormentas-y-rayos\/wp-content\/uploads\/sites\/12\/2014\/09\/maria-dolores-torreblanca.jpg\" alt=\"\" width=\"640\" height=\"360\" \/><\/a><\/p>\n<p>&nbsp;<\/p>\n<p><strong>Macu Prieto<\/strong><\/p>\n<p><a href=\"https:\/\/blogs.diariosur.es\/tormentas-y-rayos\/2014\/09\/29\/prevision-del-tiempo-andalucia-seguiremos-con-inestabilidad-en-zona-oriental-andaluza-imagenes-del-scm-sistema-convectivo-de-mesoescala\/macu-prieto-5\/\" rel=\"attachment wp-att-9688\"><img loading=\"lazy\" class=\"aligncenter size-full wp-image-9688\" title=\"macu prieto\" src=\"\/tormentas-y-rayos\/wp-content\/uploads\/sites\/12\/2014\/09\/macu-prieto3.jpg\" alt=\"\" width=\"640\" height=\"426\" srcset=\"https:\/\/static-blogs.diariosur.es\/wp-content\/uploads\/sites\/12\/2014\/09\/macu-prieto3.jpg 640w, https:\/\/static-blogs.diariosur.es\/wp-content\/uploads\/sites\/12\/2014\/09\/macu-prieto3-601x400.jpg 601w\" sizes=\"(max-width: 640px) 100vw, 640px\" \/><\/a><\/p>\n<p>&nbsp;<\/p>\n<p><strong>Jose Moreno Mart\u00edn<\/strong><\/p>\n<p><a href=\"https:\/\/blogs.diariosur.es\/tormentas-y-rayos\/2014\/09\/29\/prevision-del-tiempo-andalucia-seguiremos-con-inestabilidad-en-zona-oriental-andaluza-imagenes-del-scm-sistema-convectivo-de-mesoescala\/jose-moreno-martin-4\/\" rel=\"attachment wp-att-9689\"><img loading=\"lazy\" class=\"aligncenter size-full wp-image-9689\" title=\"JOSE MORENO MARTIN\" src=\"\/tormentas-y-rayos\/wp-content\/uploads\/sites\/12\/2014\/09\/JOSE-MORENO-MARTIN.jpg\" alt=\"\" width=\"640\" height=\"434\" srcset=\"https:\/\/static-blogs.diariosur.es\/wp-content\/uploads\/sites\/12\/2014\/09\/JOSE-MORENO-MARTIN.jpg 640w, https:\/\/static-blogs.diariosur.es\/wp-content\/uploads\/sites\/12\/2014\/09\/JOSE-MORENO-MARTIN-590x400.jpg 590w\" sizes=\"(max-width: 640px) 100vw, 640px\" \/><\/a><\/p>\n<p>&nbsp;<\/p>\n<p>&nbsp;<\/p>\n","protected":false},"excerpt":{"rendered":"<p>&nbsp; &nbsp; &nbsp; &nbsp; Buenos d\u00edas amigos de la meteo, son las seis y media de la ma\u00f1ana, registro 21 grados y los cielos est\u00e1n algo nubosos. \u00a0Quiero saludar a Mari Carmen y a su marido que son seguidores de mi blog, me hizo mucha ilusi\u00f3n de que el s\u00e1bado pasado me saludarais en mi [&hellip;]<\/p>\n","protected":false},"author":16,"featured_media":9692,"comment_status":"open","ping_status":"open","sticky":false,"template":"","format":"standard","meta":[],"categories":[2],"tags":[100,278,640,809,896,922,980],"_links":{"self":[{"href":"https:\/\/blogs.diariosur.es\/tormentas-y-rayos\/wp-json\/wp\/v2\/posts\/9684"}],"collection":[{"href":"https:\/\/blogs.diariosur.es\/tormentas-y-rayos\/wp-json\/wp\/v2\/posts"}],"about":[{"href":"https:\/\/blogs.diariosur.es\/tormentas-y-rayos\/wp-json\/wp\/v2\/types\/post"}],"author":[{"embeddable":true,"href":"https:\/\/blogs.diariosur.es\/tormentas-y-rayos\/wp-json\/wp\/v2\/users\/16"}],"replies":[{"embeddable":true,"href":"https:\/\/blogs.diariosur.es\/tormentas-y-rayos\/wp-json\/wp\/v2\/comments?post=9684"}],"version-history":[{"count":0,"href":"https:\/\/blogs.diariosur.es\/tormentas-y-rayos\/wp-json\/wp\/v2\/posts\/9684\/revisions"}],"wp:featuredmedia":[{"embeddable":true,"href":"https:\/\/blogs.diariosur.es\/tormentas-y-rayos\/wp-json\/wp\/v2\/media\/9692"}],"wp:attachment":[{"href":"https:\/\/blogs.diariosur.es\/tormentas-y-rayos\/wp-json\/wp\/v2\/media?parent=9684"}],"wp:term":[{"taxonomy":"category","embeddable":true,"href":"https:\/\/blogs.diariosur.es\/tormentas-y-rayos\/wp-json\/wp\/v2\/categories?post=9684"},{"taxonomy":"post_tag","embeddable":true,"href":"https:\/\/blogs.diariosur.es\/tormentas-y-rayos\/wp-json\/wp\/v2\/tags?post=9684"}],"curies":[{"name":"wp","href":"https:\/\/api.w.org\/{rel}","templated":true}]}}