{"id":9697,"date":"2014-09-30T07:21:38","date_gmt":"2014-09-30T05:21:38","guid":{"rendered":"http:\/\/blogs.diariosur.es\/tormentas-y-rayos\/?p=9697"},"modified":"2014-09-30T07:21:38","modified_gmt":"2014-09-30T05:21:38","slug":"prevision-del-tiempo-el-levante-tomara-protagonismo-a-partir-de-manana-posibilidad-de-lluviasen-la-costa-malaguena-granadina-y-estrecho-el-miercoles-y-jueves","status":"publish","type":"post","link":"https:\/\/blogs.diariosur.es\/tormentas-y-rayos\/2014\/09\/30\/prevision-del-tiempo-el-levante-tomara-protagonismo-a-partir-de-manana-posibilidad-de-lluviasen-la-costa-malaguena-granadina-y-estrecho-el-miercoles-y-jueves\/","title":{"rendered":"Previsi\u00f3n del tiempo.El levante tomara protagonismo a partir de ma\u00f1ana. &#8220;Posibilidad de lluvias&#8221;en la Costa Malague\u00f1a, Granadina y Estrecho el mi\u00e9rcoles y jueves."},"content":{"rendered":"<p><img loading=\"lazy\" class=\"aligncenter\" src=\"https:\/\/farm3.staticflickr.com\/2898\/14371881571_bbae3518b1_q.jpg\" alt=\"\" width=\"150\" height=\"150\" \/><\/p>\n<p>&nbsp;<\/p>\n<p>&nbsp;<\/p>\n<p>&nbsp;<\/p>\n<p>&nbsp;<\/p>\n<p><strong>Buenos dias amigos de la meteo, son las seis de la ma\u00f1ana, registro 21 grados y que\u00a0dar\u00eda\u00a0yo por ver esto en directo jijijij. Ya mismo\u00a0cumplir\u00e9\u00a0mi sue\u00f1o.<\/strong><\/p>\n<p><strong>Supercelula fotografiada ayer por el equipo de Tornado Titans,y sacada de la pagina de mi amigo\u00a0<span style=\"color: #0000ff;\"><a href=\"https:\/\/www.facebook.com\/josemanuel.jimenez.1257?fref=nf\" data-hovercard=\"\/ajax\/hovercard\/user.php?id=1561566876&#038;extragetparams=%7B%22fref%22%3A%22nf%22%2C%22directed_target_id%22%3A235540869832294%7D\" rel=\"external nofollow\"><span style=\"color: #0000ff;\">Jose Manuel Curado<\/span><\/a>\u200e\u00a0<span style=\"color: #0000ff;\"><a href=\"https:\/\/www.facebook.com\/photo.php?fbid=10204813096598185&#038;set=gm.720181824701527&#038;type=1\" rel=\"external nofollow\">DEWEDERMAN<\/a>, la foto esta retocada con color, pero os aseguro que son asi.<\/span><\/span><\/strong><\/p>\n<p><a href=\"https:\/\/blogs.diariosur.es\/tormentas-y-rayos\/2014\/09\/30\/prevision-del-tiempo-el-levante-tomara-protagonismo-a-partir-de-manana-posibilidad-de-lluviasen-la-costa-malaguena-granadina-y-estrecho-el-miercoles-y-jueves\/10653851_10204813096598185_1121822116138435899_n\/\" rel=\"attachment wp-att-9702\"><img loading=\"lazy\" class=\"aligncenter size-full wp-image-9702\" title=\"10653851_10204813096598185_1121822116138435899_n\" src=\"\/tormentas-y-rayos\/wp-content\/uploads\/sites\/12\/2014\/09\/10653851_10204813096598185_1121822116138435899_n.jpg\" alt=\"\" width=\"640\" height=\"452\" srcset=\"https:\/\/static-blogs.diariosur.es\/wp-content\/uploads\/sites\/12\/2014\/09\/10653851_10204813096598185_1121822116138435899_n.jpg 640w, https:\/\/static-blogs.diariosur.es\/wp-content\/uploads\/sites\/12\/2014\/09\/10653851_10204813096598185_1121822116138435899_n-566x400.jpg 566w\" sizes=\"(max-width: 640px) 100vw, 640px\" \/><\/a><\/p>\n<p>&nbsp;<\/p>\n<p>&nbsp;<\/p>\n<p>&nbsp;<\/p>\n<p><strong>Durante el dia de hoy, nuevamente la zona mas oriental de\u00a0Andaluc\u00eda\u00a0tendr\u00e1\u00a0chubascos, en estos momentos se est\u00e1n gestando en el Mar de Albor\u00e1n, afectaran en mayor medida al levante Almeriense e interior de Granada y Almeria. En el Valle del Guadalquivir las\u00a0m\u00e1ximas\u00a0subir\u00e1n\u00a0y\u00a0estar\u00e1n\u00a0cercanas a los 30 grados.<\/strong><\/p>\n<p><strong>Os pongo una imagen del\u00a0sat\u00e9lite\u00a0eumetsat de vapor de agua, se ven claramente las tormentas que afectan en estos\u00a0momentos\u00a0al mediterr\u00e1neo, asi como unas estelas de aviones.\u00a0<\/strong><\/p>\n<p><a href=\"https:\/\/blogs.diariosur.es\/tormentas-y-rayos\/2014\/09\/30\/prevision-del-tiempo-el-levante-tomara-protagonismo-a-partir-de-manana-posibilidad-de-lluviasen-la-costa-malaguena-granadina-y-estrecho-el-miercoles-y-jueves\/captura-444\/\" rel=\"attachment wp-att-9703\"><img loading=\"lazy\" class=\"aligncenter size-medium wp-image-9703\" title=\"Captura\" src=\"\/tormentas-y-rayos\/wp-content\/uploads\/sites\/12\/2014\/09\/Captura40.jpg\" alt=\"\" width=\"574\" height=\"400\" srcset=\"https:\/\/static-blogs.diariosur.es\/wp-content\/uploads\/sites\/12\/2014\/09\/Captura40.jpg 743w, https:\/\/static-blogs.diariosur.es\/wp-content\/uploads\/sites\/12\/2014\/09\/Captura40-575x400.jpg 575w\" sizes=\"(max-width: 574px) 100vw, 574px\" \/><\/a><\/p>\n<p>&nbsp;<\/p>\n<p>&nbsp;<\/p>\n<p><strong>Ayer os comentaba que de nuevo otra bolsa de aire fr\u00edo\u00a0podr\u00eda\u00a0ser la protagonista desde el\u00a0<\/strong><strong>mi\u00e9rcoles.\u00a0<\/strong><\/p>\n<p>&nbsp;<\/p>\n<p><strong>Os paso estos mapas previstos para ma\u00f1ana. Los dos primeros son a 500 hpa, se puede ver en tono amarillo la bolsa de aire frio. Los dos\u00a0siguiente\u00a0son de superficie, se aprecia una baja relativa cerca del Estrecho.<\/strong><\/p>\n<p>&nbsp;<\/p>\n<p><a href=\"https:\/\/blogs.diariosur.es\/tormentas-y-rayos\/2014\/09\/30\/prevision-del-tiempo-el-levante-tomara-protagonismo-a-partir-de-manana-posibilidad-de-lluviasen-la-costa-malaguena-granadina-y-estrecho-el-miercoles-y-jueves\/cats\/\" rel=\"attachment wp-att-9699\"><img loading=\"lazy\" class=\"aligncenter size-full wp-image-9699\" title=\"cats\" src=\"\/tormentas-y-rayos\/wp-content\/uploads\/sites\/12\/2014\/09\/cats.jpg\" alt=\"\" width=\"573\" height=\"1619\" srcset=\"https:\/\/static-blogs.diariosur.es\/wp-content\/uploads\/sites\/12\/2014\/09\/cats.jpg 573w, https:\/\/static-blogs.diariosur.es\/wp-content\/uploads\/sites\/12\/2014\/09\/cats-142x400.jpg 142w\" sizes=\"(max-width: 573px) 100vw, 573px\" \/><\/a><\/p>\n<p>&nbsp;<\/p>\n<p><strong>Esta situaci\u00f3n \u00a0traer\u00e1\u00a0 consigo que\u00a0a partir\u00a0de ma\u00f1ana\u00a0mi\u00e9rcoles\u00a0 el viento de levante tome protagonismo en el mar de Albor\u00e1n y Estrecho. Ademas tenemos tres ingredientes para que se puedan dar\u00a0lluvias, el primero el aire frio en altura, el viento\u00a0h\u00famedo\u00a0de levante y el mar que aun esta caliente. \u00a0Aun hay modelos que no\u00a0prev\u00e9n\u00a0lluvias por nuestra zona, si muchos visteis el tiempo de la primera ellos no dan agua, asi como otros informativos.<\/strong><\/p>\n<p><strong>De todas formas ma\u00f1ana concretaremos la situaci\u00f3n y veremos si las lluvias\u00a0caen\u00a0de nuevo \u00a0en la Provincia Malague\u00f1a. Lo de las posibles lluvias es algo que yo veo particularmente cuando he visto un mapa de\u00a0superficie.<\/strong><\/p>\n<p><strong>Os hago un peque\u00f1o resumen de ayer lunes.<\/strong><\/p>\n<p><strong>Se cumplieron las previsiones y los chubascos tormentosos fueron los protagonistas en la Costa Almeriense y Granadina. Incluso se dio una tuba cerca de Adra.<\/strong><\/p>\n<p><strong> Por el interior de la Provincia Malague\u00f1a tambien se produjeron algunos chubascos pero muy poca cosa. En Colmenar cayo 1 litro.<\/strong><\/p>\n<p><strong>Los altocumulos castellanus eran los protagonistas por la tarde en los cielos malague\u00f1os. Como todos sab\u00e9is, estas nubes anuncian tormentas y inestabilidad en capas altas. Os paso un par de fotos que tome antes de entrar al curro.<\/strong><\/p>\n<p><a href=\"https:\/\/blogs.diariosur.es\/tormentas-y-rayos\/2014\/09\/30\/prevision-del-tiempo-el-levante-tomara-protagonismo-a-partir-de-manana-posibilidad-de-lluviasen-la-costa-malaguena-granadina-y-estrecho-el-miercoles-y-jueves\/10616424_652908974806569_8286302607082987955_n\/\" rel=\"attachment wp-att-9700\"><img loading=\"lazy\" class=\"aligncenter size-full wp-image-9700\" title=\"10616424_652908974806569_8286302607082987955_n\" src=\"\/tormentas-y-rayos\/wp-content\/uploads\/sites\/12\/2014\/09\/10616424_652908974806569_8286302607082987955_n.jpg\" alt=\"\" width=\"400\" height=\"711\" srcset=\"https:\/\/static-blogs.diariosur.es\/wp-content\/uploads\/sites\/12\/2014\/09\/10616424_652908974806569_8286302607082987955_n.jpg 400w, https:\/\/static-blogs.diariosur.es\/wp-content\/uploads\/sites\/12\/2014\/09\/10616424_652908974806569_8286302607082987955_n-225x400.jpg 225w\" sizes=\"(max-width: 400px) 100vw, 400px\" \/><\/a><\/p>\n<p>&nbsp;<\/p>\n<p>&nbsp;<\/p>\n<p><a href=\"https:\/\/blogs.diariosur.es\/tormentas-y-rayos\/2014\/09\/30\/prevision-del-tiempo-el-levante-tomara-protagonismo-a-partir-de-manana-posibilidad-de-lluviasen-la-costa-malaguena-granadina-y-estrecho-el-miercoles-y-jueves\/10660354_652909001473233_8013922840632190228_n\/\" rel=\"attachment wp-att-9701\"><img loading=\"lazy\" class=\"aligncenter size-full wp-image-9701\" title=\"10660354_652909001473233_8013922840632190228_n\" src=\"\/tormentas-y-rayos\/wp-content\/uploads\/sites\/12\/2014\/09\/10660354_652909001473233_8013922840632190228_n.jpg\" alt=\"\" width=\"400\" height=\"711\" srcset=\"https:\/\/static-blogs.diariosur.es\/wp-content\/uploads\/sites\/12\/2014\/09\/10660354_652909001473233_8013922840632190228_n.jpg 400w, https:\/\/static-blogs.diariosur.es\/wp-content\/uploads\/sites\/12\/2014\/09\/10660354_652909001473233_8013922840632190228_n-225x400.jpg 225w\" sizes=\"(max-width: 400px) 100vw, 400px\" \/><\/a><\/p>\n<p>&nbsp;<\/p>\n<p><strong>\u00a0La puesta de sol fue muy bonita, mi amiga Aurora Pulido la cazo magistralmente.<\/strong><\/p>\n<p><a href=\"https:\/\/blogs.diariosur.es\/tormentas-y-rayos\/2014\/09\/30\/prevision-del-tiempo-el-levante-tomara-protagonismo-a-partir-de-manana-posibilidad-de-lluviasen-la-costa-malaguena-granadina-y-estrecho-el-miercoles-y-jueves\/10603949_759316824130085_3819565779712774590_o_1\/\" rel=\"attachment wp-att-9704\"><img loading=\"lazy\" class=\"aligncenter size-full wp-image-9704\" title=\"10603949_759316824130085_3819565779712774590_o_1\" src=\"\/tormentas-y-rayos\/wp-content\/uploads\/sites\/12\/2014\/09\/10603949_759316824130085_3819565779712774590_o_1.jpg\" alt=\"\" width=\"640\" height=\"480\" srcset=\"https:\/\/static-blogs.diariosur.es\/wp-content\/uploads\/sites\/12\/2014\/09\/10603949_759316824130085_3819565779712774590_o_1.jpg 640w, https:\/\/static-blogs.diariosur.es\/wp-content\/uploads\/sites\/12\/2014\/09\/10603949_759316824130085_3819565779712774590_o_1-533x400.jpg 533w\" sizes=\"(max-width: 640px) 100vw, 640px\" \/><\/a><\/p>\n<p><strong>Poco mas que contar amigos de la meteo. Ma\u00f1ana veremos si tenemos algunas lluvias debido al levante. Os dejo.<\/strong><\/p>\n","protected":false},"excerpt":{"rendered":"<p>&nbsp; &nbsp; &nbsp; &nbsp; Buenos dias amigos de la meteo, son las seis de la ma\u00f1ana, registro 21 grados y que\u00a0dar\u00eda\u00a0yo por ver esto en directo jijijij. Ya mismo\u00a0cumplir\u00e9\u00a0mi sue\u00f1o. Supercelula fotografiada ayer por el equipo de Tornado Titans,y sacada de la pagina de mi amigo\u00a0Jose Manuel Curado\u200e\u00a0DEWEDERMAN, la foto esta retocada con color, pero [&hellip;]<\/p>\n","protected":false},"author":16,"featured_media":9703,"comment_status":"open","ping_status":"open","sticky":false,"template":"","format":"standard","meta":[],"categories":[2],"tags":[553,809,980,1059],"_links":{"self":[{"href":"https:\/\/blogs.diariosur.es\/tormentas-y-rayos\/wp-json\/wp\/v2\/posts\/9697"}],"collection":[{"href":"https:\/\/blogs.diariosur.es\/tormentas-y-rayos\/wp-json\/wp\/v2\/posts"}],"about":[{"href":"https:\/\/blogs.diariosur.es\/tormentas-y-rayos\/wp-json\/wp\/v2\/types\/post"}],"author":[{"embeddable":true,"href":"https:\/\/blogs.diariosur.es\/tormentas-y-rayos\/wp-json\/wp\/v2\/users\/16"}],"replies":[{"embeddable":true,"href":"https:\/\/blogs.diariosur.es\/tormentas-y-rayos\/wp-json\/wp\/v2\/comments?post=9697"}],"version-history":[{"count":0,"href":"https:\/\/blogs.diariosur.es\/tormentas-y-rayos\/wp-json\/wp\/v2\/posts\/9697\/revisions"}],"wp:featuredmedia":[{"embeddable":true,"href":"https:\/\/blogs.diariosur.es\/tormentas-y-rayos\/wp-json\/wp\/v2\/media\/9703"}],"wp:attachment":[{"href":"https:\/\/blogs.diariosur.es\/tormentas-y-rayos\/wp-json\/wp\/v2\/media?parent=9697"}],"wp:term":[{"taxonomy":"category","embeddable":true,"href":"https:\/\/blogs.diariosur.es\/tormentas-y-rayos\/wp-json\/wp\/v2\/categories?post=9697"},{"taxonomy":"post_tag","embeddable":true,"href":"https:\/\/blogs.diariosur.es\/tormentas-y-rayos\/wp-json\/wp\/v2\/tags?post=9697"}],"curies":[{"name":"wp","href":"https:\/\/api.w.org\/{rel}","templated":true}]}}