{"id":9705,"date":"2014-10-01T07:20:27","date_gmt":"2014-10-01T05:20:27","guid":{"rendered":"http:\/\/blogs.diariosur.es\/tormentas-y-rayos\/?p=9705"},"modified":"2014-10-01T07:20:27","modified_gmt":"2014-10-01T05:20:27","slug":"no-hay-nada-imposible-en-la-meteo-las-tormentas-han-sido-las-protagonista-esta-pasada-madrugada-en-las-costas-de-malaga-granada-y-almeria-gracias-por-las-35-000-visitas-de-este-pasado-mes","status":"publish","type":"post","link":"https:\/\/blogs.diariosur.es\/tormentas-y-rayos\/2014\/10\/01\/no-hay-nada-imposible-en-la-meteo-las-tormentas-han-sido-las-protagonista-esta-pasada-madrugada-en-las-costas-de-malaga-granada-y-almeria-gracias-por-las-35-000-visitas-de-este-pasado-mes\/","title":{"rendered":"No hay nada imposible en la meteo. Las tormentas han sido las protagonista esta pasada madrugada en las Costas de M\u00e1laga, Granada y Almer\u00eda. Gracias por las 35.000 visitas de este pasado mes."},"content":{"rendered":"<p><img loading=\"lazy\" class=\"aligncenter\" src=\"https:\/\/farm3.staticflickr.com\/2898\/14371881571_bbae3518b1_q.jpg\" alt=\"\" width=\"150\" height=\"150\" \/><\/p>\n<p>&nbsp;<\/p>\n<p>&nbsp;<\/p>\n<p>&nbsp;<\/p>\n<p><span style=\"color: #0000ff;\"><strong>Buenos dias amigos de la meteo, son las seis y media de la ma\u00f1ana, registro 23 grados y los cielos est\u00e1n muy nubosos.<\/strong><\/span><\/p>\n<p><span style=\"color: #0000ff;\"><strong> Gracias por las 35.800 visitas que ha tenido el blog este pasado mes de septiembre, me he quedado impresionado. Ademas muchas de esas visitas sonde otras partes del mundo , una pasada.<\/strong><\/span><\/p>\n<p><a href=\"https:\/\/blogs.diariosur.es\/tormentas-y-rayos\/2014\/10\/01\/no-hay-nada-imposible-en-la-meteo-las-tormentas-han-sido-las-protagonista-esta-pasada-madrugada-en-las-costas-de-malaga-granada-y-almeria-gracias-por-las-35-000-visitas-de-este-pasado-mes\/z-37\/\" rel=\"attachment wp-att-9709\"><img loading=\"lazy\" class=\"aligncenter size-medium wp-image-9709\" title=\"z\" src=\"\/tormentas-y-rayos\/wp-content\/uploads\/sites\/12\/2014\/10\/z.jpg\" alt=\"\" width=\"600\" height=\"145\" srcset=\"https:\/\/static-blogs.diariosur.es\/wp-content\/uploads\/sites\/12\/2014\/10\/z.jpg 1629w, https:\/\/static-blogs.diariosur.es\/wp-content\/uploads\/sites\/12\/2014\/10\/z-640x156.jpg 640w, https:\/\/static-blogs.diariosur.es\/wp-content\/uploads\/sites\/12\/2014\/10\/z-768x187.jpg 768w\" sizes=\"(max-width: 600px) 100vw, 600px\" \/><\/a><a href=\"https:\/\/blogs.diariosur.es\/tormentas-y-rayos\/2014\/10\/01\/no-hay-nada-imposible-en-la-meteo-las-tormentas-han-sido-las-protagonista-esta-pasada-madrugada-en-las-costas-de-malaga-granada-y-almeria-gracias-por-las-35-000-visitas-de-este-pasado-mes\/zz-11\/\" rel=\"attachment wp-att-9710\"><img loading=\"lazy\" class=\"aligncenter size-medium wp-image-9710\" title=\"zz\" src=\"\/tormentas-y-rayos\/wp-content\/uploads\/sites\/12\/2014\/10\/zz.jpg\" alt=\"\" width=\"600\" height=\"308\" srcset=\"https:\/\/static-blogs.diariosur.es\/wp-content\/uploads\/sites\/12\/2014\/10\/zz.jpg 1131w, https:\/\/static-blogs.diariosur.es\/wp-content\/uploads\/sites\/12\/2014\/10\/zz-640x329.jpg 640w, https:\/\/static-blogs.diariosur.es\/wp-content\/uploads\/sites\/12\/2014\/10\/zz-768x395.jpg 768w\" sizes=\"(max-width: 600px) 100vw, 600px\" \/><\/a><\/p>\n<p>&nbsp;<\/p>\n<p><span style=\"color: #ff0000;\"><strong>Ayer me preguntaba una seguidora\u00a0m\u00eda\u00a0que si las tormentas que se\u00a0ve\u00edan\u00a0en\u00a0\u00c1frica\u00a0podr\u00edan\u00a0llegar hasta M\u00e1laga. Yo le conteste que imposible y mi amigo David Mancebo me dijo: no hay \u00a0nada imposible en la meteo Jose, pues\u00a0as\u00ed\u00a0ha sido, estas tormentas \u00a0han llegado y han afectado a la costa granadina y almeriense, incluso en la zona de Torrox hubo tormenta.<\/strong><\/span><\/p>\n<p><span style=\"color: #ff0000;\"><strong>Esta era la tormenta en cuesti\u00f3n.<\/strong><\/span><\/p>\n<p><span style=\"color: #ff0000;\"><a href=\"https:\/\/blogs.diariosur.es\/tormentas-y-rayos\/2014\/10\/01\/no-hay-nada-imposible-en-la-meteo-las-tormentas-han-sido-las-protagonista-esta-pasada-madrugada-en-las-costas-de-malaga-granada-y-almeria-gracias-por-las-35-000-visitas-de-este-pasado-mes\/10702055_10203657513337329_5321163631664845738_n\/\" rel=\"attachment wp-att-9706\"><span style=\"color: #ff0000;\"><img loading=\"lazy\" class=\"aligncenter size-full wp-image-9706\" title=\"10702055_10203657513337329_5321163631664845738_n\" src=\"\/tormentas-y-rayos\/wp-content\/uploads\/sites\/12\/2014\/10\/10702055_10203657513337329_5321163631664845738_n.jpg\" alt=\"\" width=\"540\" height=\"960\" srcset=\"https:\/\/static-blogs.diariosur.es\/wp-content\/uploads\/sites\/12\/2014\/10\/10702055_10203657513337329_5321163631664845738_n.jpg 540w, https:\/\/static-blogs.diariosur.es\/wp-content\/uploads\/sites\/12\/2014\/10\/10702055_10203657513337329_5321163631664845738_n-225x400.jpg 225w\" sizes=\"(max-width: 540px) 100vw, 540px\" \/><\/span><\/a><\/span><\/p>\n<p>&nbsp;<\/p>\n<p><span style=\"color: #ff0000;\"><strong>Os paso el mapa de rayos y el radar de lluvias.<\/strong><\/span><\/p>\n<p><span style=\"color: #ff0000;\"><a href=\"https:\/\/blogs.diariosur.es\/tormentas-y-rayos\/2014\/10\/01\/no-hay-nada-imposible-en-la-meteo-las-tormentas-han-sido-las-protagonista-esta-pasada-madrugada-en-las-costas-de-malaga-granada-y-almeria-gracias-por-las-35-000-visitas-de-este-pasado-mes\/1-84\/\" rel=\"attachment wp-att-9707\"><span style=\"color: #ff0000;\"><img loading=\"lazy\" class=\"aligncenter size-medium wp-image-9707\" title=\"1\" src=\"\/tormentas-y-rayos\/wp-content\/uploads\/sites\/12\/2014\/10\/1.jpg\" alt=\"\" width=\"477\" height=\"400\" srcset=\"https:\/\/static-blogs.diariosur.es\/wp-content\/uploads\/sites\/12\/2014\/10\/1.jpg 796w, https:\/\/static-blogs.diariosur.es\/wp-content\/uploads\/sites\/12\/2014\/10\/1-477x400.jpg 477w, https:\/\/static-blogs.diariosur.es\/wp-content\/uploads\/sites\/12\/2014\/10\/1-768x644.jpg 768w\" sizes=\"(max-width: 477px) 100vw, 477px\" \/><\/span><\/a><a href=\"https:\/\/blogs.diariosur.es\/tormentas-y-rayos\/2014\/10\/01\/no-hay-nada-imposible-en-la-meteo-las-tormentas-han-sido-las-protagonista-esta-pasada-madrugada-en-las-costas-de-malaga-granada-y-almeria-gracias-por-las-35-000-visitas-de-este-pasado-mes\/rayos-17\/\" rel=\"attachment wp-att-9708\"><span style=\"color: #ff0000;\"><img loading=\"lazy\" class=\"aligncenter size-full wp-image-9708\" title=\"rayos\" src=\"\/tormentas-y-rayos\/wp-content\/uploads\/sites\/12\/2014\/10\/rayos.gif\" alt=\"\" width=\"500\" height=\"500\" \/><\/span><\/a><\/span><\/p>\n<p>&nbsp;<\/p>\n<p><span style=\"color: #ff0000;\"><strong>La verdad que no hay nada imposible en la meteo. En algunos puntos se han sobrepasado los 10 litros. El festival de rayos impresionante.<\/strong><\/span><\/p>\n<p><span style=\"color: #0000ff;\"><strong>El levante ya es el protagonista en el Mar de Albor\u00e1n y Estrecho, me comenta un amigo que ya tenemos mar de fondo por el Rinc\u00f3n. Parece que la lluvia que yo esperaba para esta ma\u00f1ana de momento no ha entrado. Incluso el modelo que sigo la ha rebajado mucho. Ahora la ponen para ma\u00f1ana jueves, ya veremos que pasa.\u00a0<\/strong><\/span><\/p>\n<p><span style=\"color: #0000ff;\"><strong>Ma\u00f1ana os pondr\u00e9 las fotos que me\u00a0hab\u00e9is\u00a0 mandado, hoy no pensaba actualizar el blog pero lo imposible hay que actualizarlo jijijiji. Asi es la meteo y por eso me gusta tanto. Nos vemos ma\u00f1ana.<\/strong><\/span><\/p>\n<p>&nbsp;<\/p>\n","protected":false},"excerpt":{"rendered":"<p>&nbsp; &nbsp; &nbsp; Buenos dias amigos de la meteo, son las seis y media de la ma\u00f1ana, registro 23 grados y los cielos est\u00e1n muy nubosos. Gracias por las 35.800 visitas que ha tenido el blog este pasado mes de septiembre, me he quedado impresionado. Ademas muchas de esas visitas sonde otras partes del mundo [&hellip;]<\/p>\n","protected":false},"author":16,"featured_media":9706,"comment_status":"open","ping_status":"open","sticky":false,"template":"","format":"standard","meta":[],"categories":[2],"tags":[809,980],"_links":{"self":[{"href":"https:\/\/blogs.diariosur.es\/tormentas-y-rayos\/wp-json\/wp\/v2\/posts\/9705"}],"collection":[{"href":"https:\/\/blogs.diariosur.es\/tormentas-y-rayos\/wp-json\/wp\/v2\/posts"}],"about":[{"href":"https:\/\/blogs.diariosur.es\/tormentas-y-rayos\/wp-json\/wp\/v2\/types\/post"}],"author":[{"embeddable":true,"href":"https:\/\/blogs.diariosur.es\/tormentas-y-rayos\/wp-json\/wp\/v2\/users\/16"}],"replies":[{"embeddable":true,"href":"https:\/\/blogs.diariosur.es\/tormentas-y-rayos\/wp-json\/wp\/v2\/comments?post=9705"}],"version-history":[{"count":0,"href":"https:\/\/blogs.diariosur.es\/tormentas-y-rayos\/wp-json\/wp\/v2\/posts\/9705\/revisions"}],"wp:featuredmedia":[{"embeddable":true,"href":"https:\/\/blogs.diariosur.es\/tormentas-y-rayos\/wp-json\/wp\/v2\/media\/9706"}],"wp:attachment":[{"href":"https:\/\/blogs.diariosur.es\/tormentas-y-rayos\/wp-json\/wp\/v2\/media?parent=9705"}],"wp:term":[{"taxonomy":"category","embeddable":true,"href":"https:\/\/blogs.diariosur.es\/tormentas-y-rayos\/wp-json\/wp\/v2\/categories?post=9705"},{"taxonomy":"post_tag","embeddable":true,"href":"https:\/\/blogs.diariosur.es\/tormentas-y-rayos\/wp-json\/wp\/v2\/tags?post=9705"}],"curies":[{"name":"wp","href":"https:\/\/api.w.org\/{rel}","templated":true}]}}