{"id":9712,"date":"2014-10-02T07:26:26","date_gmt":"2014-10-02T05:26:26","guid":{"rendered":"http:\/\/blogs.diariosur.es\/tormentas-y-rayos\/?p=9712"},"modified":"2014-10-02T07:26:26","modified_gmt":"2014-10-02T05:26:26","slug":"prevision-del-tiempo-andalucia-aviso-amarillo-por-lluvias-en-granada-almeria-y-jaen-la-bolsa-de-aire-frio-cruzara-el-sur-peninsular","status":"publish","type":"post","link":"https:\/\/blogs.diariosur.es\/tormentas-y-rayos\/2014\/10\/02\/prevision-del-tiempo-andalucia-aviso-amarillo-por-lluvias-en-granada-almeria-y-jaen-la-bolsa-de-aire-frio-cruzara-el-sur-peninsular\/","title":{"rendered":"Previsi\u00f3n del tiempo Andaluc\u00eda. Aviso amarillo por lluvias en Granada, Almer\u00eda y Ja\u00e9n. La bolsa de aire fr\u00edo cruzara el sur peninsular."},"content":{"rendered":"<p><img loading=\"lazy\" class=\"aligncenter\" src=\"https:\/\/farm6.staticflickr.com\/5566\/14568830453_8e0522e3fc_q.jpg\" alt=\"\" width=\"150\" height=\"150\" \/><\/p>\n<p>&nbsp;<\/p>\n<p>&nbsp;<\/p>\n<p>&nbsp;<\/p>\n<p>&nbsp;<\/p>\n<p><span style=\"color: #ff0000;\"><strong>\u00a0Buenos dias amigos de la meteo, son las seis y media de la ma\u00f1ana, registro 23.2 grados y los cielos est\u00e1n nubosos debido al levante. Esta pasada madrugada a llovido en Pujerra casi un litro.\u00a0<\/strong><\/span><\/p>\n<p><span style=\"color: #ff0000;\"><strong> Como os comento el titulo del post, la bolsa de aire fr\u00edo puede traer chubascos localmente moderados por el interior de Andaluc\u00eda Oriental. Estos chubascos tambi\u00e9n se pueden dar en las Costas\u00a0Mediterr\u00e1neas\u00a0Andaluzas. Os paso el mapa a 500 hpa ( 5500 m) Fuente hirlam aemet<\/strong><\/span><\/p>\n<p>&nbsp;<\/p>\n<p><span style=\"color: #ff0000;\"><a href=\"https:\/\/blogs.diariosur.es\/tormentas-y-rayos\/2014\/10\/02\/prevision-del-tiempo-andalucia-aviso-amarillo-por-lluvias-en-granada-almeria-y-jaen-la-bolsa-de-aire-frio-cruzara-el-sur-peninsular\/bolsa-15\/\" rel=\"attachment wp-att-9726\"><span style=\"color: #ff0000;\"><img loading=\"lazy\" class=\"aligncenter size-medium wp-image-9726\" title=\"bolsa\" src=\"\/tormentas-y-rayos\/wp-content\/uploads\/sites\/12\/2014\/10\/bolsa.jpg\" alt=\"\" width=\"560\" height=\"400\" srcset=\"https:\/\/static-blogs.diariosur.es\/wp-content\/uploads\/sites\/12\/2014\/10\/bolsa.jpg 754w, https:\/\/static-blogs.diariosur.es\/wp-content\/uploads\/sites\/12\/2014\/10\/bolsa-561x400.jpg 561w\" sizes=\"(max-width: 560px) 100vw, 560px\" \/><\/span><\/a><\/span><\/p>\n<p>&nbsp;<\/p>\n<p><span style=\"color: #ff0000;\">\u00a0<strong>Por este motivo la Aemet activa el aviso amarillo por lluvias en estas zonas, y por\u00a0fen\u00f3menos\u00a0costeros en el Estrecho.<\/strong><a href=\"https:\/\/blogs.diariosur.es\/tormentas-y-rayos\/2014\/10\/02\/prevision-del-tiempo-andalucia-aviso-amarillo-por-lluvias-en-granada-almeria-y-jaen-la-bolsa-de-aire-frio-cruzara-el-sur-peninsular\/captura-446\/\" rel=\"attachment wp-att-9727\"><span style=\"color: #ff0000;\"><img loading=\"lazy\" class=\"aligncenter size-medium wp-image-9727\" title=\"Captura\" src=\"\/tormentas-y-rayos\/wp-content\/uploads\/sites\/12\/2014\/10\/Captura1.jpg\" alt=\"\" width=\"600\" height=\"386\" srcset=\"https:\/\/static-blogs.diariosur.es\/wp-content\/uploads\/sites\/12\/2014\/10\/Captura1.jpg 635w, https:\/\/static-blogs.diariosur.es\/wp-content\/uploads\/sites\/12\/2014\/10\/Captura1-621x400.jpg 621w\" sizes=\"(max-width: 600px) 100vw, 600px\" \/><\/span><\/a><\/span><\/p>\n<p>&nbsp;<\/p>\n<p><span style=\"color: #ff0000;\">\u00a0<strong>A partir del\u00a0mediod\u00eda se\u00a0ir\u00e1n\u00a0desarrollando\u00a0tormentas por el interior de M\u00e1laga, se pueden escapar algunas gotas en la capital. La verdad que ya estoy harto de tanta bolsa de aire\u00a0fr\u00edo, estas situaciones en M\u00e1laga\u00a0as\u00ed\u00a0como\u00a0en\u00a0casi toda\u00a0Andaluc\u00eda\u00a0no solucionan la\u00a0sequ\u00eda. Esperemos que cambie la\u00a0t\u00f3nica\u00a0este mes, y que nos\u00a0crucen\u00a0buenos frentes fr\u00edos acompa\u00f1ados por una buena BFA.\u00a0<\/strong><\/span><\/p>\n<p><span style=\"color: #0000ff;\"><strong>Os hago un peque\u00f1o resumen del\u00a0mi\u00e9rcoles.<\/strong><\/span><\/p>\n<p><span style=\"color: #0000ff;\"><strong>Como os comentaba en el post anterior, las tormentas que se generaron en Marruecos afectaron a las costas de Granada y Almeria durante la madrugada. La lluvia que yo esperaba no se dio,\u00a0as\u00ed\u00a0es la meteo. Ya se que muchos me\u00a0hab\u00e9is\u00a0quitado\u00a0mis medallas y me\u00a0traslad\u00e1is\u00a0al norte, pero me vais a echar de menos cuando me vaya. De todas formas cayeron algunas gotas por el interior, mi amiga Macu Prieto me comento que\u00a0llovi\u00f3\u00a0en Gauc\u00edn.<\/strong><\/span><\/p>\n<p><span style=\"color: #0000ff;\"><strong>La mar de fondo fue la protagonista, mi amigo Jose Luis Gil me mandaba este fot\u00f3n desde Marbella.<\/strong><\/span><\/p>\n<p>&nbsp;<\/p>\n<p><span style=\"color: #0000ff;\"><a href=\"https:\/\/blogs.diariosur.es\/tormentas-y-rayos\/2014\/10\/02\/prevision-del-tiempo-andalucia-aviso-amarillo-por-lluvias-en-granada-almeria-y-jaen-la-bolsa-de-aire-frio-cruzara-el-sur-peninsular\/jose-luis-gil-21\/\" rel=\"attachment wp-att-9717\"><span style=\"color: #0000ff;\"><img loading=\"lazy\" class=\"aligncenter size-full wp-image-9717\" title=\"jose luis gil\" src=\"\/tormentas-y-rayos\/wp-content\/uploads\/sites\/12\/2014\/10\/jose-luis-gil4.jpg\" alt=\"\" width=\"640\" height=\"360\" \/><\/span><\/a><\/span><\/p>\n<p><span style=\"color: #0000ff;\"><strong>Yo antes de entrar por la tarde al curro, hice esta foto en el Paseo\u00a0Mar\u00edtimo. En M\u00e1laga la mar de fondo era menor.<\/strong><\/span><\/p>\n<p><span style=\"color: #0000ff;\"><a href=\"https:\/\/blogs.diariosur.es\/tormentas-y-rayos\/2014\/10\/02\/prevision-del-tiempo-andalucia-aviso-amarillo-por-lluvias-en-granada-almeria-y-jaen-la-bolsa-de-aire-frio-cruzara-el-sur-peninsular\/10710844_10203662906872164_4064488344627860173_n\/\" rel=\"attachment wp-att-9718\"><span style=\"color: #0000ff;\"><img loading=\"lazy\" class=\"aligncenter size-medium wp-image-9718\" title=\"10710844_10203662906872164_4064488344627860173_n\" src=\"\/tormentas-y-rayos\/wp-content\/uploads\/sites\/12\/2014\/10\/10710844_10203662906872164_4064488344627860173_n.jpg\" alt=\"\" width=\"600\" height=\"337\" srcset=\"https:\/\/static-blogs.diariosur.es\/wp-content\/uploads\/sites\/12\/2014\/10\/10710844_10203662906872164_4064488344627860173_n.jpg 960w, https:\/\/static-blogs.diariosur.es\/wp-content\/uploads\/sites\/12\/2014\/10\/10710844_10203662906872164_4064488344627860173_n-640x360.jpg 640w, https:\/\/static-blogs.diariosur.es\/wp-content\/uploads\/sites\/12\/2014\/10\/10710844_10203662906872164_4064488344627860173_n-768x432.jpg 768w\" sizes=\"(max-width: 600px) 100vw, 600px\" \/><\/span><\/a><\/span><\/p>\n<p>&nbsp;<\/p>\n<p><span style=\"color: #0000ff;\"><strong>Poco mas que contar de una ma\u00f1ana y tarde noche aburrida. Os paso los datos mas destacados de ayer. Fuente Aemet.<\/strong><\/span><\/p>\n<p><span style=\"color: #0000ff;\"><a href=\"https:\/\/blogs.diariosur.es\/tormentas-y-rayos\/2014\/10\/02\/prevision-del-tiempo-andalucia-aviso-amarillo-por-lluvias-en-granada-almeria-y-jaen-la-bolsa-de-aire-frio-cruzara-el-sur-peninsular\/captura-445\/\" rel=\"attachment wp-att-9719\"><span style=\"color: #0000ff;\"><img loading=\"lazy\" class=\"aligncenter size-medium wp-image-9719\" title=\"Captura\" src=\"\/tormentas-y-rayos\/wp-content\/uploads\/sites\/12\/2014\/10\/Captura.jpg\" alt=\"\" width=\"493\" height=\"400\" srcset=\"https:\/\/static-blogs.diariosur.es\/wp-content\/uploads\/sites\/12\/2014\/10\/Captura.jpg 778w, https:\/\/static-blogs.diariosur.es\/wp-content\/uploads\/sites\/12\/2014\/10\/Captura-493x400.jpg 493w, https:\/\/static-blogs.diariosur.es\/wp-content\/uploads\/sites\/12\/2014\/10\/Captura-768x623.jpg 768w\" sizes=\"(max-width: 493px) 100vw, 493px\" \/><\/span><\/a><\/span><\/p>\n<p>&nbsp;<\/p>\n<p><span style=\"color: #0000ff;\"><strong>Poco mas que contar amigos, os dejo con las fotos que me habeis mandado. Sontodas muy bonitas y muchas gracias por compartirlas.<\/strong><\/span><\/p>\n<p>&nbsp;<\/p>\n<p><span style=\"color: #0000ff;\"><strong>Maria Jose Moyano Ponce<\/strong><\/span><\/p>\n<p>&nbsp;<\/p>\n<p>&nbsp;<\/p>\n<p><span style=\"color: #0000ff;\"><a href=\"https:\/\/blogs.diariosur.es\/tormentas-y-rayos\/2014\/10\/02\/prevision-del-tiempo-andalucia-aviso-amarillo-por-lluvias-en-granada-almeria-y-jaen-la-bolsa-de-aire-frio-cruzara-el-sur-peninsular\/maria-jose-moyano-ponc3e\/\" rel=\"attachment wp-att-9720\"><span style=\"color: #0000ff;\"><img loading=\"lazy\" class=\"aligncenter size-full wp-image-9720\" title=\"maria jose moyano ponc3e\" src=\"\/tormentas-y-rayos\/wp-content\/uploads\/sites\/12\/2014\/10\/maria-jose-moyano-ponc3e.jpg\" alt=\"\" width=\"480\" height=\"640\" srcset=\"https:\/\/static-blogs.diariosur.es\/wp-content\/uploads\/sites\/12\/2014\/10\/maria-jose-moyano-ponc3e.jpg 480w, https:\/\/static-blogs.diariosur.es\/wp-content\/uploads\/sites\/12\/2014\/10\/maria-jose-moyano-ponc3e-300x400.jpg 300w\" sizes=\"(max-width: 480px) 100vw, 480px\" \/><\/span><\/a><\/span><\/p>\n<p>&nbsp;<\/p>\n<p><span style=\"color: #0000ff;\"><strong>Beatriz Maria Pe\u00f1a.<\/strong><\/span><\/p>\n<p>&nbsp;<\/p>\n<p><span style=\"color: #0000ff;\"><a href=\"https:\/\/blogs.diariosur.es\/tormentas-y-rayos\/2014\/10\/02\/prevision-del-tiempo-andalucia-aviso-amarillo-por-lluvias-en-granada-almeria-y-jaen-la-bolsa-de-aire-frio-cruzara-el-sur-peninsular\/beatirz-maria-pena\/\" rel=\"attachment wp-att-9721\"><span style=\"color: #0000ff;\"><img loading=\"lazy\" class=\"aligncenter size-full wp-image-9721\" title=\"beatirz maria pe\u00f1a\" src=\"\/tormentas-y-rayos\/wp-content\/uploads\/sites\/12\/2014\/10\/beatirz-maria-pe\u00f1a.jpg\" alt=\"\" width=\"640\" height=\"480\" srcset=\"https:\/\/static-blogs.diariosur.es\/wp-content\/uploads\/sites\/12\/2014\/10\/beatirz-maria-pe\u00f1a.jpg 640w, https:\/\/static-blogs.diariosur.es\/wp-content\/uploads\/sites\/12\/2014\/10\/beatirz-maria-pe\u00f1a-533x400.jpg 533w\" sizes=\"(max-width: 640px) 100vw, 640px\" \/><\/span><\/a><\/span><\/p>\n<p>&nbsp;<\/p>\n<p>&nbsp;<\/p>\n<p><span style=\"color: #0000ff;\"><strong>Cristina Gonzalez<\/strong><\/span><\/p>\n<p><span style=\"color: #0000ff;\"><a href=\"https:\/\/blogs.diariosur.es\/tormentas-y-rayos\/2014\/10\/02\/prevision-del-tiempo-andalucia-aviso-amarillo-por-lluvias-en-granada-almeria-y-jaen-la-bolsa-de-aire-frio-cruzara-el-sur-peninsular\/cristina-gonzalez-2\/\" rel=\"attachment wp-att-9722\"><span style=\"color: #0000ff;\"><img loading=\"lazy\" class=\"aligncenter size-full wp-image-9722\" title=\"cristina gonzalez\" src=\"\/tormentas-y-rayos\/wp-content\/uploads\/sites\/12\/2014\/10\/cristina-gonzalez.jpg\" alt=\"\" width=\"640\" height=\"480\" srcset=\"https:\/\/static-blogs.diariosur.es\/wp-content\/uploads\/sites\/12\/2014\/10\/cristina-gonzalez.jpg 640w, https:\/\/static-blogs.diariosur.es\/wp-content\/uploads\/sites\/12\/2014\/10\/cristina-gonzalez-533x400.jpg 533w\" sizes=\"(max-width: 640px) 100vw, 640px\" \/><\/span><\/a><\/span><\/p>\n<p>&nbsp;<\/p>\n<p><span style=\"color: #0000ff;\"><strong>Jose Moreno Mart\u00edn.<\/strong><\/span><\/p>\n<p><span style=\"color: #0000ff;\"><a href=\"https:\/\/blogs.diariosur.es\/tormentas-y-rayos\/2014\/10\/02\/prevision-del-tiempo-andalucia-aviso-amarillo-por-lluvias-en-granada-almeria-y-jaen-la-bolsa-de-aire-frio-cruzara-el-sur-peninsular\/jose-moreno-martin-5\/\" rel=\"attachment wp-att-9723\"><span style=\"color: #0000ff;\"><img loading=\"lazy\" class=\"aligncenter size-full wp-image-9723\" title=\"jose moreno martin\" src=\"\/tormentas-y-rayos\/wp-content\/uploads\/sites\/12\/2014\/10\/jose-moreno-martin.jpg\" alt=\"\" width=\"640\" height=\"438\" srcset=\"https:\/\/static-blogs.diariosur.es\/wp-content\/uploads\/sites\/12\/2014\/10\/jose-moreno-martin.jpg 640w, https:\/\/static-blogs.diariosur.es\/wp-content\/uploads\/sites\/12\/2014\/10\/jose-moreno-martin-584x400.jpg 584w\" sizes=\"(max-width: 640px) 100vw, 640px\" \/><\/span><\/a><\/span><\/p>\n<p>&nbsp;<\/p>\n<p><span style=\"color: #0000ff;\"><strong>Poco mas que contar amigos de la meteo, os dejo con esta impresionante supercelula de\u00a0<a id=\"js_8\" href=\"https:\/\/www.facebook.com\/pages\/Jeremy-Holmes-Photography\/297709508679?fref=photo\" data-ft=\"{\"tn\":\"k\"}\" data-hovercard=\"\/ajax\/hovercard\/page.php?id=297709508679\" rel=\"external nofollow\"><span style=\"color: #0000ff;\">Jeremy Holmes Photography<\/span><\/a>\u00a06-17-14 Mullen, NE.<\/strong><\/span><\/p>\n<p><strong><a href=\"https:\/\/blogs.diariosur.es\/tormentas-y-rayos\/2014\/10\/02\/prevision-del-tiempo-andalucia-aviso-amarillo-por-lluvias-en-granada-almeria-y-jaen-la-bolsa-de-aire-frio-cruzara-el-sur-peninsular\/10525591_10152586033838680_7440328131231637375_n\/\" rel=\"attachment wp-att-9728\"><img loading=\"lazy\" class=\"aligncenter size-medium wp-image-9728\" title=\"10525591_10152586033838680_7440328131231637375_n\" src=\"\/tormentas-y-rayos\/wp-content\/uploads\/sites\/12\/2014\/10\/10525591_10152586033838680_7440328131231637375_n.jpg\" alt=\"\" width=\"600\" height=\"400\" srcset=\"https:\/\/static-blogs.diariosur.es\/wp-content\/uploads\/sites\/12\/2014\/10\/10525591_10152586033838680_7440328131231637375_n.jpg 700w, https:\/\/static-blogs.diariosur.es\/wp-content\/uploads\/sites\/12\/2014\/10\/10525591_10152586033838680_7440328131231637375_n-600x400.jpg 600w\" sizes=\"(max-width: 600px) 100vw, 600px\" \/><\/a><\/strong><\/p>\n<div id=\"fbPhotoSnowliftAuthorPic\" data-ft=\"{\"tn\":\"\\u003C\"}\"><\/div>\n<div>\n<div id=\"fbPhotoSnowliftAuthorName\"><\/div>\n<\/div>\n","protected":false},"excerpt":{"rendered":"<p>&nbsp; &nbsp; &nbsp; &nbsp; \u00a0Buenos dias amigos de la meteo, son las seis y media de la ma\u00f1ana, registro 23.2 grados y los cielos est\u00e1n nubosos debido al levante. Esta pasada madrugada a llovido en Pujerra casi un litro.\u00a0 Como os comento el titulo del post, la bolsa de aire fr\u00edo puede traer chubascos localmente [&hellip;]<\/p>\n","protected":false},"author":16,"featured_media":9728,"comment_status":"open","ping_status":"open","sticky":false,"template":"","format":"standard","meta":[],"categories":[2],"tags":[63,94,100,151,569,809,980],"_links":{"self":[{"href":"https:\/\/blogs.diariosur.es\/tormentas-y-rayos\/wp-json\/wp\/v2\/posts\/9712"}],"collection":[{"href":"https:\/\/blogs.diariosur.es\/tormentas-y-rayos\/wp-json\/wp\/v2\/posts"}],"about":[{"href":"https:\/\/blogs.diariosur.es\/tormentas-y-rayos\/wp-json\/wp\/v2\/types\/post"}],"author":[{"embeddable":true,"href":"https:\/\/blogs.diariosur.es\/tormentas-y-rayos\/wp-json\/wp\/v2\/users\/16"}],"replies":[{"embeddable":true,"href":"https:\/\/blogs.diariosur.es\/tormentas-y-rayos\/wp-json\/wp\/v2\/comments?post=9712"}],"version-history":[{"count":0,"href":"https:\/\/blogs.diariosur.es\/tormentas-y-rayos\/wp-json\/wp\/v2\/posts\/9712\/revisions"}],"wp:featuredmedia":[{"embeddable":true,"href":"https:\/\/blogs.diariosur.es\/tormentas-y-rayos\/wp-json\/wp\/v2\/media\/9728"}],"wp:attachment":[{"href":"https:\/\/blogs.diariosur.es\/tormentas-y-rayos\/wp-json\/wp\/v2\/media?parent=9712"}],"wp:term":[{"taxonomy":"category","embeddable":true,"href":"https:\/\/blogs.diariosur.es\/tormentas-y-rayos\/wp-json\/wp\/v2\/categories?post=9712"},{"taxonomy":"post_tag","embeddable":true,"href":"https:\/\/blogs.diariosur.es\/tormentas-y-rayos\/wp-json\/wp\/v2\/tags?post=9712"}],"curies":[{"name":"wp","href":"https:\/\/api.w.org\/{rel}","templated":true}]}}