{"id":9730,"date":"2014-10-03T07:17:35","date_gmt":"2014-10-03T05:17:35","guid":{"rendered":"http:\/\/blogs.diariosur.es\/tormentas-y-rayos\/?p=9730"},"modified":"2014-10-03T07:17:35","modified_gmt":"2014-10-03T05:17:35","slug":"prevision-del-tiempo-las-maximas-sobrepasaran-los-30-grados-en-el-valle-del-guadalquivir-se-registran-inundaciones-en-granada-y-su-provincia-fotos-videos","status":"publish","type":"post","link":"https:\/\/blogs.diariosur.es\/tormentas-y-rayos\/2014\/10\/03\/prevision-del-tiempo-las-maximas-sobrepasaran-los-30-grados-en-el-valle-del-guadalquivir-se-registran-inundaciones-en-granada-y-su-provincia-fotos-videos\/","title":{"rendered":"Previsi\u00f3n del tiempo. Las m\u00e1ximas sobrepasaran los 30 grados en el Valle del Guadalquivir. Se registran inundaciones en Granada y su provincia ( fotos, v\u00eddeos)"},"content":{"rendered":"<p><img loading=\"lazy\" class=\"aligncenter\" src=\"https:\/\/farm3.staticflickr.com\/2898\/14371881571_bbae3518b1_q.jpg\" alt=\"\" width=\"150\" height=\"150\" \/><\/p>\n<p>&nbsp;<\/p>\n<p>&nbsp;<\/p>\n<p>&nbsp;<\/p>\n<p>&nbsp;<\/p>\n<p><span style=\"color: #0000ff;\"><strong>Buenos dias amigos de la meteo. Son las seis de la ma\u00f1ana, registro 23.2 y los cielos est\u00e1n muy nubosos. <\/strong><\/span><\/p>\n<p><span><strong><span style=\"color: #0000ff;\">Sobre las cinco y cuarto ha\u00a0ca\u00eddo\u00a0un chaparr\u00f3n, y me he puesto de mal humor \u00a0amigos. Y todos me preguntareis \u00bf que Jose se ha puesto de mal humor? pues si, os explico el por qu\u00e9. Ayer una amiga profesora me pregunto que si\u00a0llover\u00eda, para suspender la excursi\u00f3n que\u00a0ten\u00edan\u00a0los ni\u00f1os por el Centro Hist\u00f3rico\u00a0de M\u00e1laga, hoy viernes. Pues le dije que hoy no esperaba lluvia y que sin problema. Hasta me siento mal jolines. Este chaparr\u00f3n que ha\u00a0ca\u00eddo\u00a0no se ha debido ni por una tormenta, ni un frente etc etc, simplemente que el levante ha\u00a0tra\u00eddo\u00a0nubes bajas que en muchas ocasiones dejan estos chubascos en el litoral. Esto es lo yo esperaba el\u00a0mi\u00e9rcoles\u00a0y el jueves.<\/span><\/strong><\/span><\/p>\n<p><span style=\"color: #0000ff;\"><strong>Si os fija\u00eds en el radar de lluvias de M\u00e1laga, apenas se ven los ecos de lluvias. Incluso en las\u00a0im\u00e1genes\u00a0del\u00a0sat\u00e9lite\u00a0eumetsat no muestran apenas nubosidad. Fuente Aemet, Metogalicia Eumetsat<\/strong><\/span><\/p>\n<p><span style=\"color: #0000ff;\"><a href=\"https:\/\/blogs.diariosur.es\/tormentas-y-rayos\/2014\/10\/03\/prevision-del-tiempo-las-maximas-sobrepasaran-los-30-grados-en-el-valle-del-guadalquivir-se-registran-inundaciones-en-granada-y-su-provincia-fotos-videos\/1-85\/\" rel=\"attachment wp-att-9731\"><span style=\"color: #0000ff;\"><img loading=\"lazy\" class=\"aligncenter size-large wp-image-9731\" title=\"1\" src=\"\/tormentas-y-rayos\/wp-content\/uploads\/sites\/12\/2014\/10\/11.jpg\" alt=\"\" width=\"590\" height=\"600\" srcset=\"https:\/\/static-blogs.diariosur.es\/wp-content\/uploads\/sites\/12\/2014\/10\/11.jpg 659w, https:\/\/static-blogs.diariosur.es\/wp-content\/uploads\/sites\/12\/2014\/10\/11-393x400.jpg 393w\" sizes=\"(max-width: 590px) 100vw, 590px\" \/><\/span><\/a><\/span><\/p>\n<p><span style=\"color: #0000ff;\"><a href=\"https:\/\/blogs.diariosur.es\/tormentas-y-rayos\/2014\/10\/03\/prevision-del-tiempo-las-maximas-sobrepasaran-los-30-grados-en-el-valle-del-guadalquivir-se-registran-inundaciones-en-granada-y-su-provincia-fotos-videos\/s-3\/\" rel=\"attachment wp-att-9732\"><span style=\"color: #0000ff;\"><img loading=\"lazy\" class=\"aligncenter size-medium wp-image-9732\" title=\"s\" src=\"\/tormentas-y-rayos\/wp-content\/uploads\/sites\/12\/2014\/10\/s.jpg\" alt=\"\" width=\"571\" height=\"400\" srcset=\"https:\/\/static-blogs.diariosur.es\/wp-content\/uploads\/sites\/12\/2014\/10\/s.jpg 735w, https:\/\/static-blogs.diariosur.es\/wp-content\/uploads\/sites\/12\/2014\/10\/s-572x400.jpg 572w\" sizes=\"(max-width: 571px) 100vw, 571px\" \/><\/span><\/a><\/span><\/p>\n<p><span style=\"color: #0000ff;\"><a href=\"https:\/\/blogs.diariosur.es\/tormentas-y-rayos\/2014\/10\/03\/prevision-del-tiempo-las-maximas-sobrepasaran-los-30-grados-en-el-valle-del-guadalquivir-se-registran-inundaciones-en-granada-y-su-provincia-fotos-videos\/s1\/\" rel=\"attachment wp-att-9733\"><span style=\"color: #0000ff;\"><img loading=\"lazy\" class=\"aligncenter size-medium wp-image-9733\" title=\"s1\" src=\"\/tormentas-y-rayos\/wp-content\/uploads\/sites\/12\/2014\/10\/s1.jpg\" alt=\"\" width=\"552\" height=\"400\" srcset=\"https:\/\/static-blogs.diariosur.es\/wp-content\/uploads\/sites\/12\/2014\/10\/s1.jpg 717w, https:\/\/static-blogs.diariosur.es\/wp-content\/uploads\/sites\/12\/2014\/10\/s1-553x400.jpg 553w\" sizes=\"(max-width: 552px) 100vw, 552px\" \/><\/span><\/a><\/span><\/p>\n<p>&nbsp;<\/p>\n<p><span style=\"color: #0000ff;\"><strong>Cuando esta lluvia dura varias horas, los aficionados a la meteo de M\u00e1laga le llamamos monz\u00f3n malague\u00f1o.\u00a0<\/strong><\/span><\/p>\n<p><span style=\"color: #0000ff;\"><strong>Ya\u00a0sab\u00e9is\u00a0mi mosqueo, espero que se abran los cielos dentro de un par de horas y que los ni\u00f1os disfruten de su excursi\u00f3n.<\/strong><\/span><\/p>\n<p><span style=\"color: #ff0000;\"><strong>Ayer se cumplieron las tormentas que se esperaban por el interior de Granada y Jaen. En Atarfe, \u00a0Granada Capital \u00a0y otros puntos de la provincia \u00a0 se produjeron inundaciones, mi amiga Pilar me etiqueto en facebook esta foto .<\/strong><\/span><\/p>\n<p><span style=\"color: #ff0000;\"><a href=\"https:\/\/blogs.diariosur.es\/tormentas-y-rayos\/2014\/10\/03\/prevision-del-tiempo-las-maximas-sobrepasaran-los-30-grados-en-el-valle-del-guadalquivir-se-registran-inundaciones-en-granada-y-su-provincia-fotos-videos\/10344323_10203161549745704_3908174723412265917_o\/\" rel=\"attachment wp-att-9734\"><span style=\"color: #ff0000;\"><img loading=\"lazy\" class=\"aligncenter size-medium wp-image-9734\" title=\"10344323_10203161549745704_3908174723412265917_o\" src=\"\/tormentas-y-rayos\/wp-content\/uploads\/sites\/12\/2014\/10\/10344323_10203161549745704_3908174723412265917_o.jpg\" alt=\"\" width=\"533\" height=\"400\" srcset=\"https:\/\/static-blogs.diariosur.es\/wp-content\/uploads\/sites\/12\/2014\/10\/10344323_10203161549745704_3908174723412265917_o.jpg 1280w, https:\/\/static-blogs.diariosur.es\/wp-content\/uploads\/sites\/12\/2014\/10\/10344323_10203161549745704_3908174723412265917_o-533x400.jpg 533w, https:\/\/static-blogs.diariosur.es\/wp-content\/uploads\/sites\/12\/2014\/10\/10344323_10203161549745704_3908174723412265917_o-768x576.jpg 768w\" sizes=\"(max-width: 533px) 100vw, 533px\" \/><\/span><\/a><\/span><\/p>\n<p>&nbsp;<\/p>\n<p><span style=\"color: #ff0000;\"><strong>Las\u00a0im\u00e1genes\u00a0del radar y el de rayos eran impresionantes.<\/strong><\/span><\/p>\n<p><span style=\"color: #ff0000;\"><a href=\"https:\/\/blogs.diariosur.es\/tormentas-y-rayos\/2014\/10\/03\/prevision-del-tiempo-las-maximas-sobrepasaran-los-30-grados-en-el-valle-del-guadalquivir-se-registran-inundaciones-en-granada-y-su-provincia-fotos-videos\/10177506_10203668973423824_2140736683537386540_n\/\" rel=\"attachment wp-att-9735\"><span style=\"color: #ff0000;\"><img loading=\"lazy\" class=\"aligncenter size-full wp-image-9735\" title=\"10177506_10203668973423824_2140736683537386540_n\" src=\"\/tormentas-y-rayos\/wp-content\/uploads\/sites\/12\/2014\/10\/10177506_10203668973423824_2140736683537386540_n.jpg\" alt=\"\" width=\"540\" height=\"960\" srcset=\"https:\/\/static-blogs.diariosur.es\/wp-content\/uploads\/sites\/12\/2014\/10\/10177506_10203668973423824_2140736683537386540_n.jpg 540w, https:\/\/static-blogs.diariosur.es\/wp-content\/uploads\/sites\/12\/2014\/10\/10177506_10203668973423824_2140736683537386540_n-225x400.jpg 225w\" sizes=\"(max-width: 540px) 100vw, 540px\" \/><\/span><\/a><a href=\"https:\/\/blogs.diariosur.es\/tormentas-y-rayos\/2014\/10\/03\/prevision-del-tiempo-las-maximas-sobrepasaran-los-30-grados-en-el-valle-del-guadalquivir-se-registran-inundaciones-en-granada-y-su-provincia-fotos-videos\/10653627_10203668974103841_2134983436946592793_n\/\" rel=\"attachment wp-att-9736\"><span style=\"color: #ff0000;\"><img loading=\"lazy\" class=\"aligncenter size-full wp-image-9736\" title=\"10653627_10203668974103841_2134983436946592793_n\" src=\"\/tormentas-y-rayos\/wp-content\/uploads\/sites\/12\/2014\/10\/10653627_10203668974103841_2134983436946592793_n.jpg\" alt=\"\" width=\"540\" height=\"960\" srcset=\"https:\/\/static-blogs.diariosur.es\/wp-content\/uploads\/sites\/12\/2014\/10\/10653627_10203668974103841_2134983436946592793_n.jpg 540w, https:\/\/static-blogs.diariosur.es\/wp-content\/uploads\/sites\/12\/2014\/10\/10653627_10203668974103841_2134983436946592793_n-225x400.jpg 225w\" sizes=\"(max-width: 540px) 100vw, 540px\" \/><\/span><\/a><\/span><\/p>\n<p><span style=\"color: #ff0000;\"><strong>En esta imagen se ven perfectamente las tormentas.<\/strong><\/span><\/p>\n<p><span style=\"color: #ff0000;\"><a href=\"https:\/\/blogs.diariosur.es\/tormentas-y-rayos\/2014\/10\/03\/prevision-del-tiempo-las-maximas-sobrepasaran-los-30-grados-en-el-valle-del-guadalquivir-se-registran-inundaciones-en-granada-y-su-provincia-fotos-videos\/captura-447\/\" rel=\"attachment wp-att-9737\"><span style=\"color: #ff0000;\"><img loading=\"lazy\" class=\"aligncenter size-medium wp-image-9737\" title=\"Captura\" src=\"\/tormentas-y-rayos\/wp-content\/uploads\/sites\/12\/2014\/10\/Captura2.jpg\" alt=\"\" width=\"600\" height=\"330\" srcset=\"https:\/\/static-blogs.diariosur.es\/wp-content\/uploads\/sites\/12\/2014\/10\/Captura2.jpg 886w, https:\/\/static-blogs.diariosur.es\/wp-content\/uploads\/sites\/12\/2014\/10\/Captura2-640x353.jpg 640w, https:\/\/static-blogs.diariosur.es\/wp-content\/uploads\/sites\/12\/2014\/10\/Captura2-768x423.jpg 768w\" sizes=\"(max-width: 600px) 100vw, 600px\" \/><\/span><\/a><\/span><\/p>\n<p>&nbsp;<\/p>\n<p><span style=\"color: #ff0000;\"><strong>Mi amiga Eva Santaella, me manda desde Almu\u00f1ecar estos impresionantes mamamatus que se dieron ayer. Una pasada de cielo.<\/strong><\/span><\/p>\n<p><span style=\"color: #ff0000;\"><a href=\"https:\/\/blogs.diariosur.es\/tormentas-y-rayos\/2014\/10\/03\/prevision-del-tiempo-las-maximas-sobrepasaran-los-30-grados-en-el-valle-del-guadalquivir-se-registran-inundaciones-en-granada-y-su-provincia-fotos-videos\/10717759_10202177950324973_1018176481_n_1-3\/\" rel=\"attachment wp-att-9740\"><span style=\"color: #ff0000;\"><img loading=\"lazy\" class=\"aligncenter size-full wp-image-9740\" title=\"10717759_10202177950324973_1018176481_n_1\" src=\"\/tormentas-y-rayos\/wp-content\/uploads\/sites\/12\/2014\/10\/10717759_10202177950324973_1018176481_n_12.jpg\" alt=\"\" width=\"640\" height=\"480\" srcset=\"https:\/\/static-blogs.diariosur.es\/wp-content\/uploads\/sites\/12\/2014\/10\/10717759_10202177950324973_1018176481_n_12.jpg 640w, https:\/\/static-blogs.diariosur.es\/wp-content\/uploads\/sites\/12\/2014\/10\/10717759_10202177950324973_1018176481_n_12-533x400.jpg 533w\" sizes=\"(max-width: 640px) 100vw, 640px\" \/><\/span><\/a><\/span><\/p>\n<p>&nbsp;<\/p>\n<p><span style=\"color: #ff0000;\"><strong>Ya hay videos puestos por yootube\u00a0<\/strong><\/span><\/p>\n<p>&nbsp;<\/p>\n<p>&nbsp;<\/p>\n<p><span style=\"color: #ff0000;\"><iframe loading=\"lazy\" src=\"\/\/www.youtube.com\/embed\/jwFzq4LGbFs\" frameborder=\"0\" width=\"640\" height=\"360\"><\/iframe><\/span><\/p>\n<p>&nbsp;<\/p>\n<p><span style=\"color: #ff0000;\"><strong>Seg\u00fan he le\u00eddo por los foros de meteorologia, en algunos puntos se sobrepasaron los 34 litros en menos de media hora.\u00a0<\/strong><\/span><\/p>\n<p>&nbsp;<\/p>\n<p><strong>Os dejo hasta ma\u00f1ana que de nuevo actualizare el blog para daros la previsi\u00f3n del finde. Ma\u00f1ana libro, asi que intentare ir a la playa para fotografiar el amanecer.<\/strong><\/p>\n","protected":false},"excerpt":{"rendered":"<p>&nbsp; &nbsp; &nbsp; &nbsp; Buenos dias amigos de la meteo. Son las seis de la ma\u00f1ana, registro 23.2 y los cielos est\u00e1n muy nubosos. Sobre las cinco y cuarto ha\u00a0ca\u00eddo\u00a0un chaparr\u00f3n, y me he puesto de mal humor \u00a0amigos. Y todos me preguntareis \u00bf que Jose se ha puesto de mal humor? pues si, os [&hellip;]<\/p>\n","protected":false},"author":16,"featured_media":9740,"comment_status":"open","ping_status":"open","sticky":false,"template":"","format":"standard","meta":[],"categories":[2],"tags":[464,515,809,980],"_links":{"self":[{"href":"https:\/\/blogs.diariosur.es\/tormentas-y-rayos\/wp-json\/wp\/v2\/posts\/9730"}],"collection":[{"href":"https:\/\/blogs.diariosur.es\/tormentas-y-rayos\/wp-json\/wp\/v2\/posts"}],"about":[{"href":"https:\/\/blogs.diariosur.es\/tormentas-y-rayos\/wp-json\/wp\/v2\/types\/post"}],"author":[{"embeddable":true,"href":"https:\/\/blogs.diariosur.es\/tormentas-y-rayos\/wp-json\/wp\/v2\/users\/16"}],"replies":[{"embeddable":true,"href":"https:\/\/blogs.diariosur.es\/tormentas-y-rayos\/wp-json\/wp\/v2\/comments?post=9730"}],"version-history":[{"count":0,"href":"https:\/\/blogs.diariosur.es\/tormentas-y-rayos\/wp-json\/wp\/v2\/posts\/9730\/revisions"}],"wp:featuredmedia":[{"embeddable":true,"href":"https:\/\/blogs.diariosur.es\/tormentas-y-rayos\/wp-json\/wp\/v2\/media\/9740"}],"wp:attachment":[{"href":"https:\/\/blogs.diariosur.es\/tormentas-y-rayos\/wp-json\/wp\/v2\/media?parent=9730"}],"wp:term":[{"taxonomy":"category","embeddable":true,"href":"https:\/\/blogs.diariosur.es\/tormentas-y-rayos\/wp-json\/wp\/v2\/categories?post=9730"},{"taxonomy":"post_tag","embeddable":true,"href":"https:\/\/blogs.diariosur.es\/tormentas-y-rayos\/wp-json\/wp\/v2\/tags?post=9730"}],"curies":[{"name":"wp","href":"https:\/\/api.w.org\/{rel}","templated":true}]}}