{"id":9741,"date":"2014-10-04T09:50:49","date_gmt":"2014-10-04T07:50:49","guid":{"rendered":"http:\/\/blogs.diariosur.es\/tormentas-y-rayos\/?p=9741"},"modified":"2014-10-04T09:50:49","modified_gmt":"2014-10-04T07:50:49","slug":"prevision-del-tiempo-posibles-fenomenos-tormentosos-en-la-zona-oriental-andaluza-hoy-sabado-septiembre-muy-humedo-y-muy-calido-en-la-peninsula-aemet","status":"publish","type":"post","link":"https:\/\/blogs.diariosur.es\/tormentas-y-rayos\/2014\/10\/04\/prevision-del-tiempo-posibles-fenomenos-tormentosos-en-la-zona-oriental-andaluza-hoy-sabado-septiembre-muy-humedo-y-muy-calido-en-la-peninsula-aemet\/","title":{"rendered":"Previsi\u00f3n del tiempo. Posibles fen\u00f3menos tormentosos en la zona oriental andaluza hoy s\u00e1bado. Septiembre, muy h\u00famedo y muy c\u00e1lido en la pen\u00ednsula fuente Aemet."},"content":{"rendered":"<p><img loading=\"lazy\" class=\"aligncenter\" src=\"https:\/\/farm6.staticflickr.com\/5566\/14568830453_8e0522e3fc_q.jpg\" alt=\"\" width=\"150\" height=\"150\" \/><\/p>\n<p>&nbsp;<\/p>\n<p>&nbsp;<\/p>\n<p>&nbsp;<\/p>\n<p>&nbsp;<\/p>\n<p>&nbsp;<\/p>\n<p><strong>\u00a0Buenos dias amigos de la meteo, son las nueve de la ma\u00f1ana ( que tarde jijij) registro 21 grados y los cielos malague\u00f1os est\u00e1n espejados.\u00a0<\/strong><\/p>\n<p><strong>As\u00ed<\/strong><strong>\u00a0amanec\u00eda\u00a0hoy a las ocho y cuarto desde la Playa de la Misericordia. No hemos tenido candialazo, pero las brumas han hecho que se vea salir el sol muy bien. Una pena que no llevara un tele.<\/strong><\/p>\n<p>&nbsp;<\/p>\n<p>&nbsp;<\/p>\n<p>&nbsp;<\/p>\n<p>&nbsp;<\/p>\n<p><a href=\"https:\/\/blogs.diariosur.es\/tormentas-y-rayos\/2014\/10\/04\/prevision-del-tiempo-posibles-fenomenos-tormentosos-en-la-zona-oriental-andaluza-hoy-sabado-septiembre-muy-humedo-y-muy-calido-en-la-peninsula-aemet\/006-15\/\" rel=\"attachment wp-att-9748\"><img loading=\"lazy\" class=\"aligncenter size-full wp-image-9748\" title=\"006\" src=\"\/tormentas-y-rayos\/wp-content\/uploads\/sites\/12\/2014\/10\/006.jpg\" alt=\"\" width=\"640\" height=\"363\" \/><\/a><\/p>\n<p>&nbsp;<\/p>\n<p>&nbsp;<\/p>\n<p>&nbsp;<\/p>\n<p><a href=\"https:\/\/blogs.diariosur.es\/tormentas-y-rayos\/2014\/10\/04\/prevision-del-tiempo-posibles-fenomenos-tormentosos-en-la-zona-oriental-andaluza-hoy-sabado-septiembre-muy-humedo-y-muy-calido-en-la-peninsula-aemet\/008-13\/\" rel=\"attachment wp-att-9749\"><img loading=\"lazy\" class=\"aligncenter size-full wp-image-9749\" title=\"008\" src=\"\/tormentas-y-rayos\/wp-content\/uploads\/sites\/12\/2014\/10\/008.jpg\" alt=\"\" width=\"640\" height=\"400\" \/><\/a><\/p>\n<p>&nbsp;<\/p>\n<p>&nbsp;<\/p>\n<p>&nbsp;<\/p>\n<p><strong>Aun tenemos restos de aire frio en altura en la zona oriental andaluza, hoy\u00a0s\u00e1bado\u00a0hay posibilidad de que de nuevo se formen\u00a0fen\u00f3menos\u00a0tormentosos por el interior de Granada y Almer\u00eda.\u00a0<\/strong><\/p>\n<p>&nbsp;<\/p>\n<p><strong> Por la zona del Valle del Guadalquivir y Huelva, las\u00a0m\u00e1ximas\u00a0rondaran los 30 grados. Estaremos atento hoy que libro por si cazo alguna buena coliflor jijijij.<\/strong><\/p>\n<p><strong>Ma\u00f1ana domingo bajara el riesgo de tormentas, las\u00a0m\u00e1ximas\u00a0seguir\u00e1n\u00a0altas en el Valle del Guadalquivir. En la Costa Malague\u00f1a las nubes bajas e incluso algunas brumas\u00a0ser\u00e1n\u00a0las protagonistas.\u00a0<\/strong><\/p>\n<p>&nbsp;<\/p>\n<p><strong>Os pongo el enlace al resumen climatol\u00f3gico que ha dado la Aemet del mes de septiembre. Aun no ha salido la media de M\u00e1laga, en cuanto este la pongo<\/strong><\/p>\n<p><strong><a href=\"http:\/\/www.aemet.es\/es\/noticias\/2014\/10\/climaticoseptiembre2014\" rel=\"external nofollow\">SEPTIEMBRE,MUY\u00a0H\u00daMEDO\u00a0Y MUY CALIDO<\/a><\/strong><\/p>\n<p>&nbsp;<\/p>\n<p><strong>Comentaros que el lunes se espera el primer frente fr\u00edo oto\u00f1al, que afectara en mayor medida a Galicia. Vendra acompa\u00f1ado de una vaguada que hara que bajen las temperaturas en muchas zonas de la\u00a0pen\u00ednsula. En M\u00e1laga Capital no creo, ya que\u00a0soplar\u00eda\u00a0terral de oto\u00f1o. Os paso un mapa previsto en superficie fuente meteooffice. Una buena borrasca.<\/strong><\/p>\n<p>&nbsp;<\/p>\n<p><a href=\"https:\/\/blogs.diariosur.es\/tormentas-y-rayos\/2014\/10\/04\/prevision-del-tiempo-posibles-fenomenos-tormentosos-en-la-zona-oriental-andaluza-hoy-sabado-septiembre-muy-humedo-y-muy-calido-en-la-peninsula-aemet\/captura-450\/\" rel=\"attachment wp-att-9752\"><img loading=\"lazy\" class=\"aligncenter size-full wp-image-9752\" title=\"Captura\" src=\"\/tormentas-y-rayos\/wp-content\/uploads\/sites\/12\/2014\/10\/Captura5.jpg\" alt=\"\" width=\"640\" height=\"430\" srcset=\"https:\/\/static-blogs.diariosur.es\/wp-content\/uploads\/sites\/12\/2014\/10\/Captura5.jpg 640w, https:\/\/static-blogs.diariosur.es\/wp-content\/uploads\/sites\/12\/2014\/10\/Captura5-595x400.jpg 595w\" sizes=\"(max-width: 640px) 100vw, 640px\" \/><\/a><\/p>\n<p>&nbsp;<\/p>\n<p><strong>Bueno amigos, os paso mas fotos de la tormenta del dia pasado en Granada. Muchas gracias a todos por compartirlas. Son unos fotones, a mi me han cargado las pilas.<\/strong><\/p>\n<p>&nbsp;<\/p>\n<p><strong>Comenzamos con mi amigo \u00a0 \u00a0 John Dunford\u00a0 que desde Competa me manda estos \u00a0dos fotones, fijaros en la segunda como se aprecian los mammatus de la tormenta de Granada. Esos mismo mammatus los puse ayer desde Almu\u00f1ecar, Eva Santaella me los mando desde alli.<\/strong><\/p>\n<p><strong> John , muchas gracias.<em><\/em><\/strong><\/p>\n<p>&nbsp;<\/p>\n<p>&nbsp;<\/p>\n<p>&nbsp;<\/p>\n<p><a href=\"https:\/\/blogs.diariosur.es\/tormentas-y-rayos\/2014\/10\/04\/prevision-del-tiempo-posibles-fenomenos-tormentosos-en-la-zona-oriental-andaluza-hoy-sabado-septiembre-muy-humedo-y-muy-calido-en-la-peninsula-aemet\/jon\/\" rel=\"attachment wp-att-9742\"><img loading=\"lazy\" class=\"aligncenter size-full wp-image-9742\" title=\"jon\" src=\"\/tormentas-y-rayos\/wp-content\/uploads\/sites\/12\/2014\/10\/jon.jpg\" alt=\"\" width=\"640\" height=\"427\" srcset=\"https:\/\/static-blogs.diariosur.es\/wp-content\/uploads\/sites\/12\/2014\/10\/jon.jpg 640w, https:\/\/static-blogs.diariosur.es\/wp-content\/uploads\/sites\/12\/2014\/10\/jon-600x400.jpg 600w\" sizes=\"(max-width: 640px) 100vw, 640px\" \/><\/a><\/p>\n<p>&nbsp;<\/p>\n<p><a href=\"https:\/\/blogs.diariosur.es\/tormentas-y-rayos\/2014\/10\/04\/prevision-del-tiempo-posibles-fenomenos-tormentosos-en-la-zona-oriental-andaluza-hoy-sabado-septiembre-muy-humedo-y-muy-calido-en-la-peninsula-aemet\/10720923_10152422700883295_1981641714_n_1\/\" rel=\"attachment wp-att-9743\"><img loading=\"lazy\" class=\"aligncenter size-full wp-image-9743\" title=\"10720923_10152422700883295_1981641714_n_1\" src=\"\/tormentas-y-rayos\/wp-content\/uploads\/sites\/12\/2014\/10\/10720923_10152422700883295_1981641714_n_1.jpg\" alt=\"\" width=\"640\" height=\"427\" srcset=\"https:\/\/static-blogs.diariosur.es\/wp-content\/uploads\/sites\/12\/2014\/10\/10720923_10152422700883295_1981641714_n_1.jpg 640w, https:\/\/static-blogs.diariosur.es\/wp-content\/uploads\/sites\/12\/2014\/10\/10720923_10152422700883295_1981641714_n_1-600x400.jpg 600w\" sizes=\"(max-width: 640px) 100vw, 640px\" \/><\/a><\/p>\n<p>&nbsp;<\/p>\n<p><strong>Jose Manuel Martinez Franco, un gran aficionado a la\u00a0meteorolog\u00eda\u00a0de Granada, cazo esta supercelula el dia de la tormenta.<\/strong><\/p>\n<p>&nbsp;<\/p>\n<p><a href=\"https:\/\/blogs.diariosur.es\/tormentas-y-rayos\/2014\/10\/04\/prevision-del-tiempo-posibles-fenomenos-tormentosos-en-la-zona-oriental-andaluza-hoy-sabado-septiembre-muy-humedo-y-muy-calido-en-la-peninsula-aemet\/jose-manuel-martinez-franco_1\/\" rel=\"attachment wp-att-9744\"><img loading=\"lazy\" class=\"aligncenter size-full wp-image-9744\" title=\"jose manuel martinez franco_1\" src=\"\/tormentas-y-rayos\/wp-content\/uploads\/sites\/12\/2014\/10\/jose-manuel-martinez-franco_1.jpg\" alt=\"\" width=\"640\" height=\"427\" srcset=\"https:\/\/static-blogs.diariosur.es\/wp-content\/uploads\/sites\/12\/2014\/10\/jose-manuel-martinez-franco_1.jpg 640w, https:\/\/static-blogs.diariosur.es\/wp-content\/uploads\/sites\/12\/2014\/10\/jose-manuel-martinez-franco_1-600x400.jpg 600w\" sizes=\"(max-width: 640px) 100vw, 640px\" \/><\/a><\/p>\n<p>&nbsp;<\/p>\n<p><strong>David Mancebo, que todos\u00a0conoc\u00e9is\u00a0por ser tambien un pedazo de cazatormentas cazo este rayo.<\/strong><\/p>\n<p><a href=\"https:\/\/blogs.diariosur.es\/tormentas-y-rayos\/2014\/10\/04\/prevision-del-tiempo-posibles-fenomenos-tormentosos-en-la-zona-oriental-andaluza-hoy-sabado-septiembre-muy-humedo-y-muy-calido-en-la-peninsula-aemet\/david-mancebo-2\/\" rel=\"attachment wp-att-9745\"><img loading=\"lazy\" class=\"aligncenter size-full wp-image-9745\" title=\"david mancebo\" src=\"\/tormentas-y-rayos\/wp-content\/uploads\/sites\/12\/2014\/10\/david-mancebo.jpg\" alt=\"\" width=\"640\" height=\"424\" srcset=\"https:\/\/static-blogs.diariosur.es\/wp-content\/uploads\/sites\/12\/2014\/10\/david-mancebo.jpg 640w, https:\/\/static-blogs.diariosur.es\/wp-content\/uploads\/sites\/12\/2014\/10\/david-mancebo-604x400.jpg 604w\" sizes=\"(max-width: 640px) 100vw, 640px\" \/><\/a><\/p>\n<p><strong>Y que decir de estas impresionantes cortinas de lluvia sobre la ciudad granadina. Una pasada la foto de Pablo Sanchez<\/strong><\/p>\n<p>&nbsp;<\/p>\n<p><a href=\"https:\/\/blogs.diariosur.es\/tormentas-y-rayos\/2014\/10\/04\/prevision-del-tiempo-posibles-fenomenos-tormentosos-en-la-zona-oriental-andaluza-hoy-sabado-septiembre-muy-humedo-y-muy-calido-en-la-peninsula-aemet\/pablo-sanchez\/\" rel=\"attachment wp-att-9746\"><img loading=\"lazy\" class=\"aligncenter size-full wp-image-9746\" title=\"pablo sanchez\" src=\"\/tormentas-y-rayos\/wp-content\/uploads\/sites\/12\/2014\/10\/pablo-sanchez.jpg\" alt=\"\" width=\"640\" height=\"511\" srcset=\"https:\/\/static-blogs.diariosur.es\/wp-content\/uploads\/sites\/12\/2014\/10\/pablo-sanchez.jpg 640w, https:\/\/static-blogs.diariosur.es\/wp-content\/uploads\/sites\/12\/2014\/10\/pablo-sanchez-501x400.jpg 501w\" sizes=\"(max-width: 640px) 100vw, 640px\" \/><\/a><\/p>\n<p>&nbsp;<\/p>\n<p><strong>Y por ultimo una foto de mi amiga Maria Canals Esteva desde Mallorca. Preciosa foto.<\/strong><\/p>\n<p><a href=\"https:\/\/blogs.diariosur.es\/tormentas-y-rayos\/2014\/10\/04\/prevision-del-tiempo-posibles-fenomenos-tormentosos-en-la-zona-oriental-andaluza-hoy-sabado-septiembre-muy-humedo-y-muy-calido-en-la-peninsula-aemet\/maria-canals-esteva-5\/\" rel=\"attachment wp-att-9747\"><img loading=\"lazy\" class=\"aligncenter size-full wp-image-9747\" title=\"maria canals esteva\" src=\"\/tormentas-y-rayos\/wp-content\/uploads\/sites\/12\/2014\/10\/maria-canals-esteva.jpg\" alt=\"\" width=\"640\" height=\"517\" srcset=\"https:\/\/static-blogs.diariosur.es\/wp-content\/uploads\/sites\/12\/2014\/10\/maria-canals-esteva.jpg 640w, https:\/\/static-blogs.diariosur.es\/wp-content\/uploads\/sites\/12\/2014\/10\/maria-canals-esteva-495x400.jpg 495w\" sizes=\"(max-width: 640px) 100vw, 640px\" \/><\/a><\/p>\n<p>&nbsp;<\/p>\n","protected":false},"excerpt":{"rendered":"<p>&nbsp; &nbsp; &nbsp; &nbsp; &nbsp; \u00a0Buenos dias amigos de la meteo, son las nueve de la ma\u00f1ana ( que tarde jijij) registro 21 grados y los cielos malague\u00f1os est\u00e1n espejados.\u00a0 As\u00ed\u00a0amanec\u00eda\u00a0hoy a las ocho y cuarto desde la Playa de la Misericordia. No hemos tenido candialazo, pero las brumas han hecho que se vea salir [&hellip;]<\/p>\n","protected":false},"author":16,"featured_media":9746,"comment_status":"open","ping_status":"open","sticky":false,"template":"","format":"standard","meta":[],"categories":[2],"tags":[46,207,495,809,907,980],"_links":{"self":[{"href":"https:\/\/blogs.diariosur.es\/tormentas-y-rayos\/wp-json\/wp\/v2\/posts\/9741"}],"collection":[{"href":"https:\/\/blogs.diariosur.es\/tormentas-y-rayos\/wp-json\/wp\/v2\/posts"}],"about":[{"href":"https:\/\/blogs.diariosur.es\/tormentas-y-rayos\/wp-json\/wp\/v2\/types\/post"}],"author":[{"embeddable":true,"href":"https:\/\/blogs.diariosur.es\/tormentas-y-rayos\/wp-json\/wp\/v2\/users\/16"}],"replies":[{"embeddable":true,"href":"https:\/\/blogs.diariosur.es\/tormentas-y-rayos\/wp-json\/wp\/v2\/comments?post=9741"}],"version-history":[{"count":0,"href":"https:\/\/blogs.diariosur.es\/tormentas-y-rayos\/wp-json\/wp\/v2\/posts\/9741\/revisions"}],"wp:featuredmedia":[{"embeddable":true,"href":"https:\/\/blogs.diariosur.es\/tormentas-y-rayos\/wp-json\/wp\/v2\/media\/9746"}],"wp:attachment":[{"href":"https:\/\/blogs.diariosur.es\/tormentas-y-rayos\/wp-json\/wp\/v2\/media?parent=9741"}],"wp:term":[{"taxonomy":"category","embeddable":true,"href":"https:\/\/blogs.diariosur.es\/tormentas-y-rayos\/wp-json\/wp\/v2\/categories?post=9741"},{"taxonomy":"post_tag","embeddable":true,"href":"https:\/\/blogs.diariosur.es\/tormentas-y-rayos\/wp-json\/wp\/v2\/tags?post=9741"}],"curies":[{"name":"wp","href":"https:\/\/api.w.org\/{rel}","templated":true}]}}