{"id":9753,"date":"2014-10-05T10:15:21","date_gmt":"2014-10-05T08:15:21","guid":{"rendered":"http:\/\/blogs.diariosur.es\/tormentas-y-rayos\/?p=9753"},"modified":"2014-10-05T10:15:21","modified_gmt":"2014-10-05T08:15:21","slug":"prevision-del-tiempo-hacia-la-virgen-de-el-pilar-comienza-el-tiempo-a-cambiar","status":"publish","type":"post","link":"https:\/\/blogs.diariosur.es\/tormentas-y-rayos\/2014\/10\/05\/prevision-del-tiempo-hacia-la-virgen-de-el-pilar-comienza-el-tiempo-a-cambiar\/","title":{"rendered":"Previsi\u00f3n del tiempo. Hac\u00eda la Virgen de El Pilar, comienza el tiempo a cambiar"},"content":{"rendered":"<p>&nbsp;<\/p>\n<p><img loading=\"lazy\" class=\"aligncenter\" src=\"https:\/\/farm3.staticflickr.com\/2898\/14371881571_bbae3518b1_q.jpg\" alt=\"\" width=\"150\" height=\"150\" \/><\/p>\n<p>&nbsp;<\/p>\n<p>&nbsp;<\/p>\n<p>&nbsp;<\/p>\n<p>&nbsp;<\/p>\n<p><strong>Buenos dias amigos de la meteo, son las diez menos cuarto de la ma\u00f1ana, registro 21.8 grados y los cielos est\u00e1n algo brumosos. Esta ma\u00f1ana cuando he ido a fotografiar el amanecer la temperatura era de 19 grados. Alli me he encontrado con mi amigo Miguel Angel \u00c1vila \u00a0y su hijo Pablo. Los tres hemos disfrutado de un bonito amanecer, como todos\u00a0sab\u00e9is\u00a0el sol ya sale por el mar. Ma\u00f1ana lunes\u00a0pondr\u00e9\u00a0mas fotos del amanecer de hoy.<\/strong><\/p>\n<p><img loading=\"lazy\" class=\"aligncenter\" src=\"https:\/\/farm3.staticflickr.com\/2942\/15441514491_c64aae456f_z.jpg\" alt=\"\" width=\"640\" height=\"427\" \/><\/p>\n<p><strong>Como ayer os promet\u00ed actualizar el blog, pues aqui estoy.<\/strong><\/p>\n<p><strong> Lo mas importante los posibles cambios al final de esta semana. Por eso he puesto el\u00a0refr\u00e1n en el titulo del post\u00a0. Parece ser que el primer frente frio oto\u00f1al seguido de una\u00a0vaguada\u00a0serian los protagonistas para el Puente del Pilar. De como nos\u00a0afectar\u00eda\u00a0? aun no esta muy claro amigos. Pero prefiero estas situaciones a las bolsas de aire fr\u00edo.\u00a0<\/strong><\/p>\n<p><strong> Os paso un mapa previsto. Fuente meteociel. Si se cumple este mapa, la lluvia\u00a0estar\u00eda\u00a0garantizada el domingo.<\/strong><\/p>\n<p>&nbsp;<\/p>\n<p style=\"text-align: center;\"><a href=\"https:\/\/blogs.diariosur.es\/tormentas-y-rayos\/2014\/10\/05\/prevision-del-tiempo-hacia-la-virgen-de-el-pilar-comienza-el-tiempo-a-cambiar\/captura-451\/\" rel=\"attachment wp-att-9754\"><img loading=\"lazy\" class=\"aligncenter  wp-image-9754\" title=\"Captura\" src=\"\/tormentas-y-rayos\/wp-content\/uploads\/sites\/12\/2014\/10\/Captura6.jpg\" alt=\"\" width=\"682\" height=\"427\" srcset=\"https:\/\/static-blogs.diariosur.es\/wp-content\/uploads\/sites\/12\/2014\/10\/Captura6.jpg 758w, https:\/\/static-blogs.diariosur.es\/wp-content\/uploads\/sites\/12\/2014\/10\/Captura6-640x400.jpg 640w\" sizes=\"(max-width: 682px) 100vw, 682px\" \/><\/a><\/p>\n<p>&nbsp;<\/p>\n<p>&nbsp;<\/p>\n<p><strong>De momento hoy domingo \u00a0y primeros dias de la semana el veranillo del\u00a0membrillo\u00a0sera el protagonista. <span style=\"color: #ff0000;\">Incluso \u00a0el martes puede soplar terral de oto\u00f1o,\u00a0d\u00e1ndose\u00a0m\u00e1ximas\u00a0cercanas a los 29 grados en M\u00e1laga Capital.<\/span><\/strong><\/p>\n<p><strong>En dos palabras, veremos\u00a0as\u00ed\u00a0las playas jijijij. Foto tomada ayer sabado a las once y media..<\/strong><\/p>\n<p>&nbsp;<\/p>\n<p><a href=\"https:\/\/blogs.diariosur.es\/tormentas-y-rayos\/2014\/10\/05\/prevision-del-tiempo-hacia-la-virgen-de-el-pilar-comienza-el-tiempo-a-cambiar\/004-12\/\" rel=\"attachment wp-att-9758\"><img loading=\"lazy\" class=\"aligncenter size-full wp-image-9758\" title=\"004\" src=\"\/tormentas-y-rayos\/wp-content\/uploads\/sites\/12\/2014\/10\/004.jpg\" alt=\"\" width=\"640\" height=\"427\" srcset=\"https:\/\/static-blogs.diariosur.es\/wp-content\/uploads\/sites\/12\/2014\/10\/004.jpg 640w, https:\/\/static-blogs.diariosur.es\/wp-content\/uploads\/sites\/12\/2014\/10\/004-600x400.jpg 600w\" sizes=\"(max-width: 640px) 100vw, 640px\" \/><\/a><\/p>\n<p><strong>Poco mas que contar amigos, ma\u00f1ana nos vemos a primera hora y seguiremos la evoluci\u00f3n del posible terral de oto\u00f1o y los posibles cambios para el Puente del Pilar. Os dejo con los datos mas destacados que se dieron ayer en Andaluc\u00eda. Y con una foto de cuando empezaron a entrar las nubes altas.<\/strong><\/p>\n<p><a href=\"https:\/\/blogs.diariosur.es\/tormentas-y-rayos\/2014\/10\/05\/prevision-del-tiempo-hacia-la-virgen-de-el-pilar-comienza-el-tiempo-a-cambiar\/captura-452\/\" rel=\"attachment wp-att-9756\"><img loading=\"lazy\" class=\"aligncenter size-medium wp-image-9756\" title=\"Captura\" src=\"\/tormentas-y-rayos\/wp-content\/uploads\/sites\/12\/2014\/10\/Captura7.jpg\" alt=\"\" width=\"600\" height=\"321\" srcset=\"https:\/\/static-blogs.diariosur.es\/wp-content\/uploads\/sites\/12\/2014\/10\/Captura7.jpg 797w, https:\/\/static-blogs.diariosur.es\/wp-content\/uploads\/sites\/12\/2014\/10\/Captura7-640x343.jpg 640w, https:\/\/static-blogs.diariosur.es\/wp-content\/uploads\/sites\/12\/2014\/10\/Captura7-768x411.jpg 768w\" sizes=\"(max-width: 600px) 100vw, 600px\" \/><\/a><\/p>\n<p><a href=\"https:\/\/blogs.diariosur.es\/tormentas-y-rayos\/2014\/10\/05\/prevision-del-tiempo-hacia-la-virgen-de-el-pilar-comienza-el-tiempo-a-cambiar\/010-7\/\" rel=\"attachment wp-att-9757\"><img loading=\"lazy\" class=\"aligncenter size-full wp-image-9757\" title=\"010\" src=\"\/tormentas-y-rayos\/wp-content\/uploads\/sites\/12\/2014\/10\/010.jpg\" alt=\"\" width=\"640\" height=\"427\" srcset=\"https:\/\/static-blogs.diariosur.es\/wp-content\/uploads\/sites\/12\/2014\/10\/010.jpg 640w, https:\/\/static-blogs.diariosur.es\/wp-content\/uploads\/sites\/12\/2014\/10\/010-600x400.jpg 600w\" sizes=\"(max-width: 640px) 100vw, 640px\" \/><\/a><\/p>\n<p>&nbsp;<\/p>\n<p>&nbsp;<\/p>\n","protected":false},"excerpt":{"rendered":"<p>&nbsp; &nbsp; &nbsp; &nbsp; &nbsp; Buenos dias amigos de la meteo, son las diez menos cuarto de la ma\u00f1ana, registro 21.8 grados y los cielos est\u00e1n algo brumosos. Esta ma\u00f1ana cuando he ido a fotografiar el amanecer la temperatura era de 19 grados. Alli me he encontrado con mi amigo Miguel Angel \u00c1vila \u00a0y su [&hellip;]<\/p>\n","protected":false},"author":16,"featured_media":9755,"comment_status":"open","ping_status":"open","sticky":false,"template":"","format":"standard","meta":[],"categories":[2],"tags":[773,809,832,980],"_links":{"self":[{"href":"https:\/\/blogs.diariosur.es\/tormentas-y-rayos\/wp-json\/wp\/v2\/posts\/9753"}],"collection":[{"href":"https:\/\/blogs.diariosur.es\/tormentas-y-rayos\/wp-json\/wp\/v2\/posts"}],"about":[{"href":"https:\/\/blogs.diariosur.es\/tormentas-y-rayos\/wp-json\/wp\/v2\/types\/post"}],"author":[{"embeddable":true,"href":"https:\/\/blogs.diariosur.es\/tormentas-y-rayos\/wp-json\/wp\/v2\/users\/16"}],"replies":[{"embeddable":true,"href":"https:\/\/blogs.diariosur.es\/tormentas-y-rayos\/wp-json\/wp\/v2\/comments?post=9753"}],"version-history":[{"count":0,"href":"https:\/\/blogs.diariosur.es\/tormentas-y-rayos\/wp-json\/wp\/v2\/posts\/9753\/revisions"}],"wp:featuredmedia":[{"embeddable":true,"href":"https:\/\/blogs.diariosur.es\/tormentas-y-rayos\/wp-json\/wp\/v2\/media\/9755"}],"wp:attachment":[{"href":"https:\/\/blogs.diariosur.es\/tormentas-y-rayos\/wp-json\/wp\/v2\/media?parent=9753"}],"wp:term":[{"taxonomy":"category","embeddable":true,"href":"https:\/\/blogs.diariosur.es\/tormentas-y-rayos\/wp-json\/wp\/v2\/categories?post=9753"},{"taxonomy":"post_tag","embeddable":true,"href":"https:\/\/blogs.diariosur.es\/tormentas-y-rayos\/wp-json\/wp\/v2\/tags?post=9753"}],"curies":[{"name":"wp","href":"https:\/\/api.w.org\/{rel}","templated":true}]}}