{"id":9759,"date":"2014-10-06T09:06:28","date_gmt":"2014-10-06T07:06:28","guid":{"rendered":"http:\/\/blogs.diariosur.es\/tormentas-y-rayos\/?p=9759"},"modified":"2014-10-06T09:06:28","modified_gmt":"2014-10-06T07:06:28","slug":"prevision-del-tiempo-andalucia-el-terral-de-otono-y-el-poniente-seran-los-protagonistas-en-la-costa-mediterranea-andaluza-bajan-las-maximas-en-el-valle-del-guadalquivir","status":"publish","type":"post","link":"https:\/\/blogs.diariosur.es\/tormentas-y-rayos\/2014\/10\/06\/prevision-del-tiempo-andalucia-el-terral-de-otono-y-el-poniente-seran-los-protagonistas-en-la-costa-mediterranea-andaluza-bajan-las-maximas-en-el-valle-del-guadalquivir\/","title":{"rendered":"Previsi\u00f3n del tiempo Andaluc\u00eda. El terral de oto\u00f1o y el poniente ser\u00e1n los  protagonistas en la Costa Mediterr\u00e1nea Andaluza.Bajan las m\u00e1ximas en el Valle del Guadalquivir"},"content":{"rendered":"<p><img loading=\"lazy\" class=\"aligncenter\" src=\"https:\/\/farm6.staticflickr.com\/5566\/14568830453_8e0522e3fc_q.jpg\" alt=\"\" width=\"150\" height=\"150\" \/><\/p>\n<p>&nbsp;<\/p>\n<p>&nbsp;<\/p>\n<p>&nbsp;<\/p>\n<p>&nbsp;<\/p>\n<p>&nbsp;<\/p>\n<p><strong>Buenos dias amigos de la meteo, cuando son las siete \u00a0de la ma\u00f1ana registro 21 grados, los cielos\u00a0est\u00e1n\u00a0algo nubosos y me comunica un amigo que hay bancos de niebla en la Costa Malague\u00f1a.<\/strong><\/p>\n<p><strong>En estos momentos un frente fr\u00edo \u00a0desgastado\u00a0afecta al noroeste de Galicia, deja chubascos en la costa e interior. Aunque lo mas destacado es la mar de fondo y las rachas de viento.<\/strong><\/p>\n<p><a href=\"https:\/\/blogs.diariosur.es\/tormentas-y-rayos\/2014\/10\/06\/prevision-del-tiempo-andalucia-el-terral-de-otono-y-el-poniente-seran-los-protagonistas-en-la-costa-mediterranea-andaluza-bajan-las-maximas-en-el-valle-del-guadalquivir\/201410060440_r8co\/\" rel=\"attachment wp-att-9767\"><img loading=\"lazy\" class=\"aligncenter size-full wp-image-9767\" title=\"201410060440_r8co\" src=\"\/tormentas-y-rayos\/wp-content\/uploads\/sites\/12\/2014\/10\/201410060440_r8co.gif\" alt=\"\" width=\"480\" height=\"530\" \/><\/a><\/p>\n<p>&nbsp;<\/p>\n<p><strong>En esta imagen del satelite Eumetsat fuente meteogalicia, se ve claramente el frente y la borrasca asociado a \u00e9l.<\/strong><\/p>\n<p><a href=\"https:\/\/blogs.diariosur.es\/tormentas-y-rayos\/2014\/10\/06\/prevision-del-tiempo-andalucia-el-terral-de-otono-y-el-poniente-seran-los-protagonistas-en-la-costa-mediterranea-andaluza-bajan-las-maximas-en-el-valle-del-guadalquivir\/eumetsat-3\/\" rel=\"attachment wp-att-9768\"><img loading=\"lazy\" class=\"aligncenter size-medium wp-image-9768\" title=\"eumetsat\" src=\"\/tormentas-y-rayos\/wp-content\/uploads\/sites\/12\/2014\/10\/eumetsat.jpg\" alt=\"\" width=\"543\" height=\"400\" srcset=\"https:\/\/static-blogs.diariosur.es\/wp-content\/uploads\/sites\/12\/2014\/10\/eumetsat.jpg 750w, https:\/\/static-blogs.diariosur.es\/wp-content\/uploads\/sites\/12\/2014\/10\/eumetsat-543x400.jpg 543w\" sizes=\"(max-width: 543px) 100vw, 543px\" \/><\/a><\/p>\n<p>&nbsp;<\/p>\n<p><strong>En este otro de la pagina de met office podeis ver la situaci\u00f3n prevista para\u00a0despu\u00e9s\u00a0del\u00a0mediod\u00eda.<\/strong><\/p>\n<p><a href=\"https:\/\/blogs.diariosur.es\/tormentas-y-rayos\/2014\/10\/06\/prevision-del-tiempo-andalucia-el-terral-de-otono-y-el-poniente-seran-los-protagonistas-en-la-costa-mediterranea-andaluza-bajan-las-maximas-en-el-valle-del-guadalquivir\/mmmmm-4\/\" rel=\"attachment wp-att-9769\"><img loading=\"lazy\" class=\"aligncenter size-medium wp-image-9769\" title=\"MMMMM\" src=\"\/tormentas-y-rayos\/wp-content\/uploads\/sites\/12\/2014\/10\/MMMMM.jpg\" alt=\"\" width=\"600\" height=\"387\" srcset=\"https:\/\/static-blogs.diariosur.es\/wp-content\/uploads\/sites\/12\/2014\/10\/MMMMM.jpg 1074w, https:\/\/static-blogs.diariosur.es\/wp-content\/uploads\/sites\/12\/2014\/10\/MMMMM-619x400.jpg 619w, https:\/\/static-blogs.diariosur.es\/wp-content\/uploads\/sites\/12\/2014\/10\/MMMMM-768x496.jpg 768w\" sizes=\"(max-width: 600px) 100vw, 600px\" \/><\/a><\/p>\n<p>&nbsp;<\/p>\n<p><strong>Como yo os leo el pensamiento y que conste que no soy brujo, muchos de vosotros\u00a0est\u00e1is\u00a0diciendo&#8230;&#8230; menudo rollo se ha metido hoy el Jose jijijij. No amigos, el poneros estos mapas es para que\u00a0comprend\u00e1is\u00a0el por qu\u00e9 empezara a\u00a0soplar\u00a0hoy el poniente y el terral de oto\u00f1o esta tarde. Al\u00a0principio\u00a0el viento ira\u00a0soplando\u00a0de suroeste, pero en enseguida ira cambiando a poniente. Luego a ultima hora de la noche ya entrara mas de terral en la Capital Malagaue\u00f1a, asi\u00a0estar\u00e1\u00a0hasta el\u00a0mediod\u00eda\u00a0de ma\u00f1ana. Hoy la maxima rondara los 27 grados, ma\u00f1ana martes si tarda en cambiar el terral se\u00a0podr\u00edan\u00a0llegar a los 29. En cambio en la zona del Valle del Guadaquivir \u00a0y otros puntos de Andaluc\u00eda bajaran moderadamente las\u00a0m\u00e1ximas\u00a0con respecto a estos dias pasados.<\/strong><\/p>\n<p><strong>Los modelos siguen dando ese posible cambio de tiempo para dentro de unos dias.\u00a0Empezar\u00eda\u00a0a notarse en la zona mas Occidental Andaluza a partir del jueves por la tarde, donde ya\u00a0hay\u00a0posibilidad de chubascos. La verdad que la vaguada que dibujan algunos modelos es buena para dejar lluvias en M\u00e1laga Capital \u00a0y su provincia el domingo. Pero esto lo iremos viendo poco a poco amigos, ya\u00a0sab\u00e9is\u00a0como se las gasta la meteo.<\/strong><\/p>\n<p><strong>Fuente GFS METEOCIEL.<\/strong><\/p>\n<p><a href=\"https:\/\/blogs.diariosur.es\/tormentas-y-rayos\/2014\/10\/06\/prevision-del-tiempo-andalucia-el-terral-de-otono-y-el-poniente-seran-los-protagonistas-en-la-costa-mediterranea-andaluza-bajan-las-maximas-en-el-valle-del-guadalquivir\/meteociel\/\" rel=\"attachment wp-att-9771\"><img loading=\"lazy\" class=\"aligncenter size-medium wp-image-9771\" title=\"meteociel\" src=\"\/tormentas-y-rayos\/wp-content\/uploads\/sites\/12\/2014\/10\/meteociel.jpg\" alt=\"\" width=\"600\" height=\"383\" srcset=\"https:\/\/static-blogs.diariosur.es\/wp-content\/uploads\/sites\/12\/2014\/10\/meteociel.jpg 753w, https:\/\/static-blogs.diariosur.es\/wp-content\/uploads\/sites\/12\/2014\/10\/meteociel-626x400.jpg 626w\" sizes=\"(max-width: 600px) 100vw, 600px\" \/><\/a><\/p>\n<p>&nbsp;<\/p>\n<p>&nbsp;<\/p>\n<p><strong>Antes de haceros el resumen de ayer en fotos, con vuestro permiso tiro para la playa para fotografiar el amanecer,\u00a0hoy el sol sale a las 8:17 minutos.<\/strong><\/p>\n<p><strong>\u00a0Impresionante hoy el\u00a0<\/strong><strong>amanecer, las nubes bajas, las brumas y unos barcos pescando han contribuido a este pedazo de amanecer malague\u00f1o.<\/strong><\/p>\n<p>&nbsp;<\/p>\n<p><img loading=\"lazy\" class=\"aligncenter\" src=\"https:\/\/farm4.staticflickr.com\/3933\/15432978336_474b220f04_z.jpg\" alt=\"\" width=\"640\" height=\"427\" \/><\/p>\n<p>&nbsp;<\/p>\n<p>&nbsp;<\/p>\n<p>&nbsp;<\/p>\n<p><img loading=\"lazy\" class=\"aligncenter\" src=\"https:\/\/farm4.staticflickr.com\/3927\/15269356710_99f3de2b3f_z.jpg\" alt=\"\" width=\"640\" height=\"427\" \/><\/p>\n<p>&nbsp;<\/p>\n<p><strong>Os hago un peque\u00f1o resumen de ayer Domingo.<\/strong><\/p>\n<p><strong>Como os comentaba ayer en el post, me\u00a0encontr\u00e9\u00a0en la playa con \u00a0mis amigos Miguel \u00c1ngel \u00c1vila y su hijo Pablo.<\/strong><\/p>\n<p><img loading=\"lazy\" class=\"aligncenter\" src=\"https:\/\/farm4.staticflickr.com\/3930\/15258071508_4dbd6abfac_z.jpg\" alt=\"\" width=\"640\" height=\"427\" \/><\/p>\n<p>&nbsp;<\/p>\n<p><strong>A mi tambien me cazaron jijiji, fot\u00f3n realizado por Miguel \u00c1ngel \u00c1vila.<\/strong><\/p>\n<p>&nbsp;<\/p>\n<p><a href=\"https:\/\/blogs.diariosur.es\/tormentas-y-rayos\/2014\/10\/06\/prevision-del-tiempo-andalucia-el-terral-de-otono-y-el-poniente-seran-los-protagonistas-en-la-costa-mediterranea-andaluza-bajan-las-maximas-en-el-valle-del-guadalquivir\/10688009_10203689596139379_8486454686522133503_o_1\/\" rel=\"attachment wp-att-9761\"><img loading=\"lazy\" class=\"aligncenter size-full wp-image-9761\" title=\"10688009_10203689596139379_8486454686522133503_o_1\" src=\"\/tormentas-y-rayos\/wp-content\/uploads\/sites\/12\/2014\/10\/10688009_10203689596139379_8486454686522133503_o_1.jpg\" alt=\"\" width=\"640\" height=\"480\" srcset=\"https:\/\/static-blogs.diariosur.es\/wp-content\/uploads\/sites\/12\/2014\/10\/10688009_10203689596139379_8486454686522133503_o_1.jpg 640w, https:\/\/static-blogs.diariosur.es\/wp-content\/uploads\/sites\/12\/2014\/10\/10688009_10203689596139379_8486454686522133503_o_1-533x400.jpg 533w\" sizes=\"(max-width: 640px) 100vw, 640px\" \/><\/a><\/p>\n<p>&nbsp;<\/p>\n<p><strong>La verdad que no estuvo mal el amanecer, os pongo una foto mas. Un fuerte abrazo Miguel, Pablo.<\/strong><\/p>\n<p><img loading=\"lazy\" class=\"aligncenter\" src=\"https:\/\/farm3.staticflickr.com\/2945\/15421604326_800e992586_z.jpg\" alt=\"\" width=\"640\" height=\"339\" \/><\/p>\n<p>&nbsp;<\/p>\n<p><strong>Despu\u00e9s<\/strong><strong>\u00a0del\u00a0mediod\u00eda\u00a0se formaron algunos desarrollos por los montes del Rinc\u00f3n y durante un buen rato en el mismo sitio. Crecian, se\u00a0desvanec\u00edan\u00a0y\u00a0volv\u00edan\u00a0a crecer. Algunos tomaron formas muy peculiares jijijji. Mi amigo el cumulo congestu le hacia la peseta al anticicl\u00f3n.<\/strong><\/p>\n<p><a href=\"https:\/\/blogs.diariosur.es\/tormentas-y-rayos\/2014\/10\/06\/prevision-del-tiempo-andalucia-el-terral-de-otono-y-el-poniente-seran-los-protagonistas-en-la-costa-mediterranea-andaluza-bajan-las-maximas-en-el-valle-del-guadalquivir\/10688264_10203689747983175_967083782622111633_o\/\" rel=\"attachment wp-att-9762\"><img loading=\"lazy\" class=\"aligncenter size-full wp-image-9762\" title=\"10688264_10203689747983175_967083782622111633_o\" src=\"\/tormentas-y-rayos\/wp-content\/uploads\/sites\/12\/2014\/10\/10688264_10203689747983175_967083782622111633_o.jpg\" alt=\"\" width=\"640\" height=\"360\" \/><\/a><\/p>\n<p>&nbsp;<\/p>\n<p>&nbsp;<\/p>\n<p>&nbsp;<\/p>\n<p><strong>Por la tarde noche, los cirrus spissatus fueron los protagonistas<\/strong><\/p>\n<p>&nbsp;<\/p>\n<p><strong>Genoveva Lozano los cazo magistralmente. Muy bonitas la fotos cari. La ultima una pasada.<\/strong><\/p>\n<p>&nbsp;<\/p>\n<p><a href=\"https:\/\/blogs.diariosur.es\/tormentas-y-rayos\/2014\/10\/06\/prevision-del-tiempo-andalucia-el-terral-de-otono-y-el-poniente-seran-los-protagonistas-en-la-costa-mediterranea-andaluza-bajan-las-maximas-en-el-valle-del-guadalquivir\/10636472_10203692385049100_5834383449079918656_o_1\/\" rel=\"attachment wp-att-9760\"><img loading=\"lazy\" class=\"aligncenter size-full wp-image-9760\" title=\"10636472_10203692385049100_5834383449079918656_o_1\" src=\"\/tormentas-y-rayos\/wp-content\/uploads\/sites\/12\/2014\/10\/10636472_10203692385049100_5834383449079918656_o_1.jpg\" alt=\"\" width=\"640\" height=\"360\" \/><\/a><\/p>\n<p>&nbsp;<\/p>\n<p>&nbsp;<\/p>\n<p>&nbsp;<\/p>\n<p><a href=\"https:\/\/blogs.diariosur.es\/tormentas-y-rayos\/2014\/10\/06\/prevision-del-tiempo-andalucia-el-terral-de-otono-y-el-poniente-seran-los-protagonistas-en-la-costa-mediterranea-andaluza-bajan-las-maximas-en-el-valle-del-guadalquivir\/10460337_10203692385769118_3962465277479015942_n\/\" rel=\"attachment wp-att-9770\"><img loading=\"lazy\" class=\"aligncenter size-full wp-image-9770\" title=\"10460337_10203692385769118_3962465277479015942_n\" src=\"\/tormentas-y-rayos\/wp-content\/uploads\/sites\/12\/2014\/10\/10460337_10203692385769118_3962465277479015942_n.jpg\" alt=\"\" width=\"360\" height=\"640\" srcset=\"https:\/\/static-blogs.diariosur.es\/wp-content\/uploads\/sites\/12\/2014\/10\/10460337_10203692385769118_3962465277479015942_n.jpg 360w, https:\/\/static-blogs.diariosur.es\/wp-content\/uploads\/sites\/12\/2014\/10\/10460337_10203692385769118_3962465277479015942_n-225x400.jpg 225w\" sizes=\"(max-width: 360px) 100vw, 360px\" \/><\/a><\/p>\n<p><strong>Macu Prieto tambien inmortalizaba el atardecer con este bonito candilazo desde Marina Casares .<\/strong><\/p>\n<p><a href=\"https:\/\/blogs.diariosur.es\/tormentas-y-rayos\/2014\/10\/06\/prevision-del-tiempo-andalucia-el-terral-de-otono-y-el-poniente-seran-los-protagonistas-en-la-costa-mediterranea-andaluza-bajan-las-maximas-en-el-valle-del-guadalquivir\/10603871_729769680404744_5688373429615659993_o\/\" rel=\"attachment wp-att-9766\"><img loading=\"lazy\" class=\"aligncenter size-full wp-image-9766\" title=\"10603871_729769680404744_5688373429615659993_o\" src=\"\/tormentas-y-rayos\/wp-content\/uploads\/sites\/12\/2014\/10\/10603871_729769680404744_5688373429615659993_o.jpg\" alt=\"\" width=\"640\" height=\"411\" srcset=\"https:\/\/static-blogs.diariosur.es\/wp-content\/uploads\/sites\/12\/2014\/10\/10603871_729769680404744_5688373429615659993_o.jpg 640w, https:\/\/static-blogs.diariosur.es\/wp-content\/uploads\/sites\/12\/2014\/10\/10603871_729769680404744_5688373429615659993_o-623x400.jpg 623w\" sizes=\"(max-width: 640px) 100vw, 640px\" \/><\/a><\/p>\n<p>&nbsp;<\/p>\n<p><strong>Os paso los datos principales que se dieron ayer en Andaluc\u00eda. Fuente Aemet<\/strong><\/p>\n<p>&nbsp;<\/p>\n<p><a href=\"https:\/\/blogs.diariosur.es\/tormentas-y-rayos\/2014\/10\/06\/prevision-del-tiempo-andalucia-el-terral-de-otono-y-el-poniente-seran-los-protagonistas-en-la-costa-mediterranea-andaluza-bajan-las-maximas-en-el-valle-del-guadalquivir\/captura-453\/\" rel=\"attachment wp-att-9763\"><img loading=\"lazy\" class=\"aligncenter size-medium wp-image-9763\" title=\"Captura\" src=\"\/tormentas-y-rayos\/wp-content\/uploads\/sites\/12\/2014\/10\/Captura8.jpg\" alt=\"\" width=\"600\" height=\"384\" srcset=\"https:\/\/static-blogs.diariosur.es\/wp-content\/uploads\/sites\/12\/2014\/10\/Captura8.jpg 811w, https:\/\/static-blogs.diariosur.es\/wp-content\/uploads\/sites\/12\/2014\/10\/Captura8-624x400.jpg 624w, https:\/\/static-blogs.diariosur.es\/wp-content\/uploads\/sites\/12\/2014\/10\/Captura8-768x492.jpg 768w\" sizes=\"(max-width: 600px) 100vw, 600px\" \/><\/a><\/p>\n<p>&nbsp;<\/p>\n<p><strong>Poco mas que contar amigos, os dejo con esta\u00a0preciosa\u00a0foto de mi amigo Pablo Fernandez desde Fuengirola.<\/strong><\/p>\n<p><a href=\"https:\/\/blogs.diariosur.es\/tormentas-y-rayos\/2014\/10\/06\/prevision-del-tiempo-andalucia-el-terral-de-otono-y-el-poniente-seran-los-protagonistas-en-la-costa-mediterranea-andaluza-bajan-las-maximas-en-el-valle-del-guadalquivir\/20141004_190406-copia_1\/\" rel=\"attachment wp-att-9765\"><img loading=\"lazy\" class=\"aligncenter size-full wp-image-9765\" title=\"20141004_190406 copia_1\" src=\"\/tormentas-y-rayos\/wp-content\/uploads\/sites\/12\/2014\/10\/20141004_190406-copia_1.jpg\" alt=\"\" width=\"640\" height=\"384\" \/><\/a><\/p>\n","protected":false},"excerpt":{"rendered":"<p>&nbsp; &nbsp; &nbsp; &nbsp; &nbsp; Buenos dias amigos de la meteo, cuando son las siete \u00a0de la ma\u00f1ana registro 21 grados, los cielos\u00a0est\u00e1n\u00a0algo nubosos y me comunica un amigo que hay bancos de niebla en la Costa Malague\u00f1a. En estos momentos un frente fr\u00edo \u00a0desgastado\u00a0afecta al noroeste de Galicia, deja chubascos en la costa e [&hellip;]<\/p>\n","protected":false},"author":16,"featured_media":9764,"comment_status":"open","ping_status":"open","sticky":false,"template":"","format":"standard","meta":[],"categories":[2],"tags":[100,165,627,791,809,962,975,980],"_links":{"self":[{"href":"https:\/\/blogs.diariosur.es\/tormentas-y-rayos\/wp-json\/wp\/v2\/posts\/9759"}],"collection":[{"href":"https:\/\/blogs.diariosur.es\/tormentas-y-rayos\/wp-json\/wp\/v2\/posts"}],"about":[{"href":"https:\/\/blogs.diariosur.es\/tormentas-y-rayos\/wp-json\/wp\/v2\/types\/post"}],"author":[{"embeddable":true,"href":"https:\/\/blogs.diariosur.es\/tormentas-y-rayos\/wp-json\/wp\/v2\/users\/16"}],"replies":[{"embeddable":true,"href":"https:\/\/blogs.diariosur.es\/tormentas-y-rayos\/wp-json\/wp\/v2\/comments?post=9759"}],"version-history":[{"count":0,"href":"https:\/\/blogs.diariosur.es\/tormentas-y-rayos\/wp-json\/wp\/v2\/posts\/9759\/revisions"}],"wp:featuredmedia":[{"embeddable":true,"href":"https:\/\/blogs.diariosur.es\/tormentas-y-rayos\/wp-json\/wp\/v2\/media\/9764"}],"wp:attachment":[{"href":"https:\/\/blogs.diariosur.es\/tormentas-y-rayos\/wp-json\/wp\/v2\/media?parent=9759"}],"wp:term":[{"taxonomy":"category","embeddable":true,"href":"https:\/\/blogs.diariosur.es\/tormentas-y-rayos\/wp-json\/wp\/v2\/categories?post=9759"},{"taxonomy":"post_tag","embeddable":true,"href":"https:\/\/blogs.diariosur.es\/tormentas-y-rayos\/wp-json\/wp\/v2\/tags?post=9759"}],"curies":[{"name":"wp","href":"https:\/\/api.w.org\/{rel}","templated":true}]}}