{"id":9774,"date":"2014-10-07T07:26:46","date_gmt":"2014-10-07T05:26:46","guid":{"rendered":"http:\/\/blogs.diariosur.es\/tormentas-y-rayos\/?p=9774"},"modified":"2014-10-07T07:26:46","modified_gmt":"2014-10-07T05:26:46","slug":"septiembre-ha-sido-el-mas-calido-en-malaga-capital-desde-que-existen-registros-historicos-el-jueves-y-viernes-las-lluvias-seran-las-protagonistas-en-andalucia-occidental","status":"publish","type":"post","link":"https:\/\/blogs.diariosur.es\/tormentas-y-rayos\/2014\/10\/07\/septiembre-ha-sido-el-mas-calido-en-malaga-capital-desde-que-existen-registros-historicos-el-jueves-y-viernes-las-lluvias-seran-las-protagonistas-en-andalucia-occidental\/","title":{"rendered":"Septiembre ha sido el m\u00e1s c\u00e1lido en M\u00e1laga Capital desde que existen registros hist\u00f3ricos. El jueves y viernes las lluvias seran las protagonistas en Andaluc\u00eda Occidental"},"content":{"rendered":"<p><img loading=\"lazy\" class=\"aligncenter\" src=\"https:\/\/farm3.staticflickr.com\/2898\/14371881571_bbae3518b1_q.jpg\" alt=\"\" width=\"150\" height=\"150\" \/><\/p>\n<p>&nbsp;<\/p>\n<p>&nbsp;<\/p>\n<p>&nbsp;<\/p>\n<p>&nbsp;<\/p>\n<p>&nbsp;<\/p>\n<p><span style=\"color: #0000ff;\"><strong>Buenos dias amigos de la meteo, son las seis de la ma\u00f1ana y registro en mi estaci\u00f3n 20.2 grados. El terral de oto\u00f1o \u00a0es el protagonista desde las doce de la pasada noche. \u00a0Si hoy sigue hasta pasado el\u00a0mediod\u00eda\u00a0llegaremos casi a los 29 grados. De todas formas la maxima prevista en la Capital es de 25. La temperatura a 850 hpa ( 1500 m ) esta a 16 grados, ya veremos que maxima damos.<\/strong><\/span><\/p>\n<p>&nbsp;<\/p>\n<p>&nbsp;<\/p>\n<p>&nbsp;<\/p>\n<p><span style=\"color: #ff0000;\"><strong>Pues si amigos de la meteo, el pasado mes de Septiembre pasara a la historia por ser \u00a0el mas\u00a0c\u00e1lido\u00a0en M\u00e1laga Capital desde que se tienen registros\u00a0hist\u00f3ricos desde 1942. Nada mas ni nada menos que 26, \u00a02.8 grados mas de la media \u00a0que en el periodo \u00a01971-2000 es de \u00a0 23,2 \u00baC. Acordaros que muchos dias tuvimos terral, y no solo eso, las minimas muchos dias fueron muy altas.<\/strong><\/span><\/p>\n<p><span style=\"color: #ff0000;\"><strong>Os paso los datos. Fuente Aemet.<\/strong><\/span><\/p>\n<p>&nbsp;<\/p>\n<p><a href=\"https:\/\/blogs.diariosur.es\/tormentas-y-rayos\/2014\/10\/07\/septiembre-ha-sido-el-mas-calido-en-malaga-capital-desde-que-existen-registros-historicos-el-jueves-y-viernes-las-lluvias-seran-las-protagonistas-en-andalucia-occidental\/captura-454\/\" rel=\"attachment wp-att-9778\"><img loading=\"lazy\" class=\"aligncenter size-medium wp-image-9778\" title=\"Captura\" src=\"\/tormentas-y-rayos\/wp-content\/uploads\/sites\/12\/2014\/10\/Captura9.jpg\" alt=\"\" width=\"600\" height=\"387\" srcset=\"https:\/\/static-blogs.diariosur.es\/wp-content\/uploads\/sites\/12\/2014\/10\/Captura9.jpg 867w, https:\/\/static-blogs.diariosur.es\/wp-content\/uploads\/sites\/12\/2014\/10\/Captura9-619x400.jpg 619w, https:\/\/static-blogs.diariosur.es\/wp-content\/uploads\/sites\/12\/2014\/10\/Captura9-768x496.jpg 768w\" sizes=\"(max-width: 600px) 100vw, 600px\" \/><\/a><\/p>\n<p>&nbsp;<\/p>\n<p>&nbsp;<\/p>\n<p><a href=\"https:\/\/blogs.diariosur.es\/tormentas-y-rayos\/2014\/10\/07\/septiembre-ha-sido-el-mas-calido-en-malaga-capital-desde-que-existen-registros-historicos-el-jueves-y-viernes-las-lluvias-seran-las-protagonistas-en-andalucia-occidental\/lluvia-8\/\" rel=\"attachment wp-att-9780\"><img loading=\"lazy\" class=\"aligncenter size-medium wp-image-9780\" title=\"lluvia\" src=\"\/tormentas-y-rayos\/wp-content\/uploads\/sites\/12\/2014\/10\/lluvia1.jpg\" alt=\"\" width=\"600\" height=\"293\" srcset=\"https:\/\/static-blogs.diariosur.es\/wp-content\/uploads\/sites\/12\/2014\/10\/lluvia1.jpg 730w, https:\/\/static-blogs.diariosur.es\/wp-content\/uploads\/sites\/12\/2014\/10\/lluvia1-640x313.jpg 640w\" sizes=\"(max-width: 600px) 100vw, 600px\" \/><\/a><\/p>\n<p>&nbsp;<\/p>\n<p><strong>Os paso unos datos que me ha mandado un amigo por un foro. En el a\u00f1o 1990, el mes de septiembre tambi\u00e9n fue muy caluroso.<\/strong><\/p>\n<p><a href=\"https:\/\/blogs.diariosur.es\/tormentas-y-rayos\/2014\/10\/07\/septiembre-ha-sido-el-mas-calido-en-malaga-capital-desde-que-existen-registros-historicos-el-jueves-y-viernes-las-lluvias-seran-las-protagonistas-en-andalucia-occidental\/medias-4\/\" rel=\"attachment wp-att-9781\"><img loading=\"lazy\" class=\"aligncenter size-full wp-image-9781\" title=\"medias\" src=\"\/tormentas-y-rayos\/wp-content\/uploads\/sites\/12\/2014\/10\/medias.jpg\" alt=\"\" width=\"615\" height=\"125\" \/><\/a><\/p>\n<p>&nbsp;<\/p>\n<p>&nbsp;<\/p>\n<p><a href=\"https:\/\/blogs.diariosur.es\/tormentas-y-rayos\/2014\/10\/07\/septiembre-ha-sido-el-mas-calido-en-malaga-capital-desde-que-existen-registros-historicos-el-jueves-y-viernes-las-lluvias-seran-las-protagonistas-en-andalucia-occidental\/captura-455\/\" rel=\"attachment wp-att-9782\"><img loading=\"lazy\" class=\"aligncenter size-full wp-image-9782\" title=\"Captura\" src=\"\/tormentas-y-rayos\/wp-content\/uploads\/sites\/12\/2014\/10\/Captura10.jpg\" alt=\"\" width=\"640\" height=\"412\" srcset=\"https:\/\/static-blogs.diariosur.es\/wp-content\/uploads\/sites\/12\/2014\/10\/Captura10.jpg 640w, https:\/\/static-blogs.diariosur.es\/wp-content\/uploads\/sites\/12\/2014\/10\/Captura10-621x400.jpg 621w\" sizes=\"(max-width: 640px) 100vw, 640px\" \/><\/a><\/p>\n<p>&nbsp;<\/p>\n<p><strong>Como os comento en el titulo del post, \u00a0a partir del jueves por la tarde las lluvias\u00a0ser\u00e1n\u00a0las protagonistas en\u00a0Andaluc\u00eda\u00a0 Occidental. En este mapa que veis arriba previsto para el jueves, se ve el frente fr\u00edo que afectara sobre todo a Huelva. En C\u00e1diz y Sevilla tambien las lluvias\u00a0ser\u00e1n\u00a0las protagonistas. El frente entra lentamente y se quedara casi parado en esta zona, con lo cual no espero lluvias en la zona Oriental Andaluza. La provincia malague\u00f1a como es occidental y oriental, lo mismo le caen unas gotas a la zona mas occidental, pero no espero gran cosa.\u00a0<\/strong><\/p>\n<p><strong>El domingo si siguen dando lluvias los modelos para nuestra provincia, ya veremos en que acaba todo esto. Lo iremos viendo en las\u00a0siguientes\u00a0post que abra.<\/strong><\/p>\n<p>&nbsp;<\/p>\n<p>&nbsp;<\/p>\n<p><strong>Os hago un peque\u00f1o resumen del lunes.<\/strong><\/p>\n<p><strong>El amanecer fue una pasada de bonito, no solo yo lo inmortalice, mi amiga Paqui Carnero lo\u00a0fotografi\u00f3\u00a0magistralmente desde el Palo. Una pasada la foto amiga.<\/strong><\/p>\n<p><a href=\"https:\/\/blogs.diariosur.es\/tormentas-y-rayos\/2014\/10\/07\/septiembre-ha-sido-el-mas-calido-en-malaga-capital-desde-que-existen-registros-historicos-el-jueves-y-viernes-las-lluvias-seran-las-protagonistas-en-andalucia-occidental\/paqui-carnero_1-2\/\" rel=\"attachment wp-att-9775\"><img loading=\"lazy\" class=\"aligncenter size-full wp-image-9775\" title=\"paqui carnero_1\" src=\"\/tormentas-y-rayos\/wp-content\/uploads\/sites\/12\/2014\/10\/paqui-carnero_1.jpg\" alt=\"\" width=\"640\" height=\"480\" srcset=\"https:\/\/static-blogs.diariosur.es\/wp-content\/uploads\/sites\/12\/2014\/10\/paqui-carnero_1.jpg 640w, https:\/\/static-blogs.diariosur.es\/wp-content\/uploads\/sites\/12\/2014\/10\/paqui-carnero_1-533x400.jpg 533w\" sizes=\"(max-width: 640px) 100vw, 640px\" \/><\/a><\/p>\n<p><strong><a href=\"https:\/\/www.flickr.com\/photos\/jose_luis_escudero\/\" rel=\"external nofollow\">Os paso el enlace a mi\u00a0galer\u00eda\u00a0en flick para que\u00a0ve\u00e1is\u00a0los amaneceres que hemos tenido en Septiembre y Octubre.<\/a><\/strong><\/p>\n<p>&nbsp;<\/p>\n<p><strong>Las nubes bajas y brumas se fueron\u00a0disipando\u00a0sobre el\u00a0mediod\u00eda, en esos momentos el poniente ya era el protagonista en Marbella. Mi amigo Jose Luis Gil nos manda esta bonita foto.<\/strong><\/p>\n<p><a href=\"https:\/\/blogs.diariosur.es\/tormentas-y-rayos\/2014\/10\/07\/septiembre-ha-sido-el-mas-calido-en-malaga-capital-desde-que-existen-registros-historicos-el-jueves-y-viernes-las-lluvias-seran-las-protagonistas-en-andalucia-occidental\/jose-luis-gil-22\/\" rel=\"attachment wp-att-9776\"><img loading=\"lazy\" class=\"aligncenter size-full wp-image-9776\" title=\"jose luis gil\" src=\"\/tormentas-y-rayos\/wp-content\/uploads\/sites\/12\/2014\/10\/jose-luis-gil5.jpg\" alt=\"\" width=\"640\" height=\"360\" \/><\/a><\/p>\n<p>&nbsp;<\/p>\n<p><strong>La maxima en M\u00e1laga Capital \u00a0fue de 27.2 grados, aunque fue Granada la que registro la maxima en\u00a0Andaluc\u00eda\u00a0con 28.2 grados.<\/strong><\/p>\n<p>&nbsp;<\/p>\n<p><a href=\"https:\/\/blogs.diariosur.es\/tormentas-y-rayos\/2014\/10\/07\/septiembre-ha-sido-el-mas-calido-en-malaga-capital-desde-que-existen-registros-historicos-el-jueves-y-viernes-las-lluvias-seran-las-protagonistas-en-andalucia-occidental\/mmmmama\/\" rel=\"attachment wp-att-9783\"><img loading=\"lazy\" class=\"aligncenter size-medium wp-image-9783\" title=\"mmmmama\" src=\"\/tormentas-y-rayos\/wp-content\/uploads\/sites\/12\/2014\/10\/mmmmama.jpg\" alt=\"\" width=\"600\" height=\"183\" srcset=\"https:\/\/static-blogs.diariosur.es\/wp-content\/uploads\/sites\/12\/2014\/10\/mmmmama.jpg 781w, https:\/\/static-blogs.diariosur.es\/wp-content\/uploads\/sites\/12\/2014\/10\/mmmmama-640x196.jpg 640w, https:\/\/static-blogs.diariosur.es\/wp-content\/uploads\/sites\/12\/2014\/10\/mmmmama-768x235.jpg 768w\" sizes=\"(max-width: 600px) 100vw, 600px\" \/><\/a><\/p>\n<p>P<strong>or la tarde noche\u00a0segu\u00edan\u00a0los cielos despejados, mi amiga Julia Mariela Banquinta nos manda esta bonita foto desde en Paseo\u00a0Mar\u00edtimo\u00a0del Rinc\u00f3n de la Victoria. Os recomiendo que\u00a0visit\u00e9is\u00a0su pagina tan dulce que tienen <a href=\"https:\/\/www.facebook.com\/pages\/Milas-Rinc%C3%B3n-Cupcakes\/498318433609259\" rel=\"external nofollow\">Mila&#8217;s Rinc\u00f3n Cupacakes.<\/a><\/strong><\/p>\n<p>&nbsp;<\/p>\n<p>&nbsp;<\/p>\n<p><a href=\"https:\/\/blogs.diariosur.es\/tormentas-y-rayos\/2014\/10\/07\/septiembre-ha-sido-el-mas-calido-en-malaga-capital-desde-que-existen-registros-historicos-el-jueves-y-viernes-las-lluvias-seran-las-protagonistas-en-andalucia-occidental\/10723122_861622453878077_1887227803_n\/\" rel=\"attachment wp-att-9777\"><img loading=\"lazy\" class=\"aligncenter size-full wp-image-9777\" title=\"10723122_861622453878077_1887227803_n\" src=\"\/tormentas-y-rayos\/wp-content\/uploads\/sites\/12\/2014\/10\/10723122_861622453878077_1887227803_n.jpg\" alt=\"\" width=\"360\" height=\"640\" srcset=\"https:\/\/static-blogs.diariosur.es\/wp-content\/uploads\/sites\/12\/2014\/10\/10723122_861622453878077_1887227803_n.jpg 360w, https:\/\/static-blogs.diariosur.es\/wp-content\/uploads\/sites\/12\/2014\/10\/10723122_861622453878077_1887227803_n-225x400.jpg 225w\" sizes=\"(max-width: 360px) 100vw, 360px\" \/><\/a><\/p>\n<p>&nbsp;<\/p>\n<p>&nbsp;<\/p>\n<p><strong>\u00a0Bueno<\/strong>\u00a0<strong>\u00a0amigos, lo mismo ma\u00f1ana no puedo actualizar el blog. Si es asi, nos vemos el jueves.<\/strong><\/p>\n<p><strong>Os de jo con esta bonita foto de Beatriz Mar\u00eda, ademas de ver un bonito atardecer me ha comentado que pesco un sargo de 4 kilos jijijij.<\/strong><\/p>\n<p><a href=\"https:\/\/blogs.diariosur.es\/tormentas-y-rayos\/2014\/10\/07\/septiembre-ha-sido-el-mas-calido-en-malaga-capital-desde-que-existen-registros-historicos-el-jueves-y-viernes-las-lluvias-seran-las-protagonistas-en-andalucia-occidental\/886754_884534208244973_2996274537569891327_o\/\" rel=\"attachment wp-att-9785\"><img loading=\"lazy\" class=\"aligncenter size-full wp-image-9785\" title=\"886754_884534208244973_2996274537569891327_o\" src=\"\/tormentas-y-rayos\/wp-content\/uploads\/sites\/12\/2014\/10\/886754_884534208244973_2996274537569891327_o.jpg\" alt=\"\" width=\"640\" height=\"360\" \/><\/a><\/p>\n<p>&nbsp;<\/p>\n<p>&nbsp;<\/p>\n","protected":false},"excerpt":{"rendered":"<p>&nbsp; &nbsp; &nbsp; &nbsp; &nbsp; Buenos dias amigos de la meteo, son las seis de la ma\u00f1ana y registro en mi estaci\u00f3n 20.2 grados. El terral de oto\u00f1o \u00a0es el protagonista desde las doce de la pasada noche. \u00a0Si hoy sigue hasta pasado el\u00a0mediod\u00eda\u00a0llegaremos casi a los 29 grados. De todas formas la maxima prevista [&hellip;]<\/p>\n","protected":false},"author":16,"featured_media":9784,"comment_status":"open","ping_status":"open","sticky":false,"template":"","format":"standard","meta":[],"categories":[2],"tags":[207,587,614,907],"_links":{"self":[{"href":"https:\/\/blogs.diariosur.es\/tormentas-y-rayos\/wp-json\/wp\/v2\/posts\/9774"}],"collection":[{"href":"https:\/\/blogs.diariosur.es\/tormentas-y-rayos\/wp-json\/wp\/v2\/posts"}],"about":[{"href":"https:\/\/blogs.diariosur.es\/tormentas-y-rayos\/wp-json\/wp\/v2\/types\/post"}],"author":[{"embeddable":true,"href":"https:\/\/blogs.diariosur.es\/tormentas-y-rayos\/wp-json\/wp\/v2\/users\/16"}],"replies":[{"embeddable":true,"href":"https:\/\/blogs.diariosur.es\/tormentas-y-rayos\/wp-json\/wp\/v2\/comments?post=9774"}],"version-history":[{"count":0,"href":"https:\/\/blogs.diariosur.es\/tormentas-y-rayos\/wp-json\/wp\/v2\/posts\/9774\/revisions"}],"wp:featuredmedia":[{"embeddable":true,"href":"https:\/\/blogs.diariosur.es\/tormentas-y-rayos\/wp-json\/wp\/v2\/media\/9784"}],"wp:attachment":[{"href":"https:\/\/blogs.diariosur.es\/tormentas-y-rayos\/wp-json\/wp\/v2\/media?parent=9774"}],"wp:term":[{"taxonomy":"category","embeddable":true,"href":"https:\/\/blogs.diariosur.es\/tormentas-y-rayos\/wp-json\/wp\/v2\/categories?post=9774"},{"taxonomy":"post_tag","embeddable":true,"href":"https:\/\/blogs.diariosur.es\/tormentas-y-rayos\/wp-json\/wp\/v2\/tags?post=9774"}],"curies":[{"name":"wp","href":"https:\/\/api.w.org\/{rel}","templated":true}]}}