{"id":9787,"date":"2014-10-08T07:09:11","date_gmt":"2014-10-08T05:09:11","guid":{"rendered":"http:\/\/blogs.diariosur.es\/tormentas-y-rayos\/?p=9787"},"modified":"2014-10-08T07:09:11","modified_gmt":"2014-10-08T05:09:11","slug":"prevision-del-tiempo-alora-y-malaga-dan-las-maximas-de-andalucia-con-31-y-30-8-grados-el-jueves-y-el-viernes-las-lluvias-seran-las-protagonistas-en-andalucia-occidental","status":"publish","type":"post","link":"https:\/\/blogs.diariosur.es\/tormentas-y-rayos\/2014\/10\/08\/prevision-del-tiempo-alora-y-malaga-dan-las-maximas-de-andalucia-con-31-y-30-8-grados-el-jueves-y-el-viernes-las-lluvias-seran-las-protagonistas-en-andalucia-occidental\/","title":{"rendered":"Previsi\u00f3n del tiempo. \u00c1lora y M\u00e1laga dan las m\u00e1ximas de Andaluc\u00eda con 31 y 30.8 grados. El jueves y el viernes las lluvias ser\u00e1n las protagonistas en Andaluc\u00eda Occidental."},"content":{"rendered":"<p><strong>Buenos dias amigos de la meteo, cuando son las seis y media de la ma\u00f1ana, registro en mi\u00a0term\u00f3metro\u00a020.2 grados, los cielos\u00a0est\u00e1n\u00a0despejados y la maxima de hoy rondara los 28.\u00a0<\/strong><\/p>\n<p><strong> No pensaba\u00a0actualizar\u00a0el blog, pero ayer el terral de oto\u00f1o \u00a0hizo que subiera la temperatura en M\u00e1laga\u00a0Capital \u00a0( Centro Metorologico ) hasta los 30.8 grados, pero destaca \u00c1lora con 31. Sobre la una y media de la tarde entro el sureste y enseguida bajaron los\u00a0term\u00f3metros en toda la Capital Malague\u00f1a. <span style=\"color: #ff0000;\">La maxima mas alta en un mes de Octubre se dio el dia 11 del 1952 , ese dia el Aeropuerto registro 36 \u00a0grados.<\/span><\/strong><\/p>\n<p><strong>Os paso unos gr\u00e1ficos. Fuente Aemet.<\/strong><\/p>\n<p><a href=\"https:\/\/blogs.diariosur.es\/tormentas-y-rayos\/2014\/10\/08\/prevision-del-tiempo-alora-y-malaga-dan-las-maximas-de-andalucia-con-31-y-30-8-grados-el-jueves-y-el-viernes-las-lluvias-seran-las-protagonistas-en-andalucia-occidental\/1-86\/\" rel=\"attachment wp-att-9788\"><img loading=\"lazy\" class=\"aligncenter size-medium wp-image-9788\" title=\"1\" src=\"\/tormentas-y-rayos\/wp-content\/uploads\/sites\/12\/2014\/10\/12.jpg\" alt=\"\" width=\"600\" height=\"181\" srcset=\"https:\/\/static-blogs.diariosur.es\/wp-content\/uploads\/sites\/12\/2014\/10\/12.jpg 791w, https:\/\/static-blogs.diariosur.es\/wp-content\/uploads\/sites\/12\/2014\/10\/12-640x193.jpg 640w, https:\/\/static-blogs.diariosur.es\/wp-content\/uploads\/sites\/12\/2014\/10\/12-768x232.jpg 768w\" sizes=\"(max-width: 600px) 100vw, 600px\" \/><\/a><\/p>\n<p>&nbsp;<\/p>\n<p><a href=\"https:\/\/blogs.diariosur.es\/tormentas-y-rayos\/2014\/10\/08\/prevision-del-tiempo-alora-y-malaga-dan-las-maximas-de-andalucia-con-31-y-30-8-grados-el-jueves-y-el-viernes-las-lluvias-seran-las-protagonistas-en-andalucia-occidental\/2-63\/\" rel=\"attachment wp-att-9789\"><img loading=\"lazy\" class=\"aligncenter size-medium wp-image-9789\" title=\"2\" src=\"\/tormentas-y-rayos\/wp-content\/uploads\/sites\/12\/2014\/10\/2.jpg\" alt=\"\" width=\"600\" height=\"252\" srcset=\"https:\/\/static-blogs.diariosur.es\/wp-content\/uploads\/sites\/12\/2014\/10\/2.jpg 724w, https:\/\/static-blogs.diariosur.es\/wp-content\/uploads\/sites\/12\/2014\/10\/2-640x270.jpg 640w\" sizes=\"(max-width: 600px) 100vw, 600px\" \/><\/a><\/p>\n<p>&nbsp;<\/p>\n<p><a href=\"https:\/\/blogs.diariosur.es\/tormentas-y-rayos\/2014\/10\/08\/prevision-del-tiempo-alora-y-malaga-dan-las-maximas-de-andalucia-con-31-y-30-8-grados-el-jueves-y-el-viernes-las-lluvias-seran-las-protagonistas-en-andalucia-occidental\/3-41\/\" rel=\"attachment wp-att-9790\"><img loading=\"lazy\" class=\"aligncenter size-medium wp-image-9790\" title=\"3\" src=\"\/tormentas-y-rayos\/wp-content\/uploads\/sites\/12\/2014\/10\/3.jpg\" alt=\"\" width=\"600\" height=\"267\" srcset=\"https:\/\/static-blogs.diariosur.es\/wp-content\/uploads\/sites\/12\/2014\/10\/3.jpg 719w, https:\/\/static-blogs.diariosur.es\/wp-content\/uploads\/sites\/12\/2014\/10\/3-640x285.jpg 640w\" sizes=\"(max-width: 600px) 100vw, 600px\" \/><\/a><\/p>\n<p>&nbsp;<\/p>\n<p><strong>Donde tambi\u00e9n hizo mucho calor, fue en la Comunidad Valenciana y Regi\u00f3n \u00a0de Murcia. En esas \u00a0zona los termometros tambi\u00e9n llegaron a los 31 grados.<\/strong><\/p>\n<p><a href=\"https:\/\/blogs.diariosur.es\/tormentas-y-rayos\/2014\/10\/08\/prevision-del-tiempo-alora-y-malaga-dan-las-maximas-de-andalucia-con-31-y-30-8-grados-el-jueves-y-el-viernes-las-lluvias-seran-las-protagonistas-en-andalucia-occidental\/b-32\/\" rel=\"attachment wp-att-9791\"><img loading=\"lazy\" class=\"aligncenter size-medium wp-image-9791\" title=\"b\" src=\"\/tormentas-y-rayos\/wp-content\/uploads\/sites\/12\/2014\/10\/b.jpg\" alt=\"\" width=\"600\" height=\"294\" srcset=\"https:\/\/static-blogs.diariosur.es\/wp-content\/uploads\/sites\/12\/2014\/10\/b.jpg 792w, https:\/\/static-blogs.diariosur.es\/wp-content\/uploads\/sites\/12\/2014\/10\/b-640x314.jpg 640w, https:\/\/static-blogs.diariosur.es\/wp-content\/uploads\/sites\/12\/2014\/10\/b-768x377.jpg 768w\" sizes=\"(max-width: 600px) 100vw, 600px\" \/><\/a><\/p>\n<p><strong>Bueno amigos, ma\u00f1ana jueves una baja secundaria se aproximara al Cabo de San Vicente, esto traera consigo lluvias moderadas en\u00a0Andaluc\u00eda\u00a0Occidental, siendo Huelva la mas beneficiada.\u00a0<\/strong><\/p>\n<p><a href=\"https:\/\/blogs.diariosur.es\/tormentas-y-rayos\/2014\/10\/08\/prevision-del-tiempo-alora-y-malaga-dan-las-maximas-de-andalucia-con-31-y-30-8-grados-el-jueves-y-el-viernes-las-lluvias-seran-las-protagonistas-en-andalucia-occidental\/baja-secundaria\/\" rel=\"attachment wp-att-9792\"><img loading=\"lazy\" class=\"aligncenter size-medium wp-image-9792\" title=\"baja secundaria\" src=\"\/tormentas-y-rayos\/wp-content\/uploads\/sites\/12\/2014\/10\/baja-secundaria.jpg\" alt=\"\" width=\"520\" height=\"400\" srcset=\"https:\/\/static-blogs.diariosur.es\/wp-content\/uploads\/sites\/12\/2014\/10\/baja-secundaria.jpg 694w, https:\/\/static-blogs.diariosur.es\/wp-content\/uploads\/sites\/12\/2014\/10\/baja-secundaria-521x400.jpg 521w\" sizes=\"(max-width: 520px) 100vw, 520px\" \/><\/a><\/p>\n<p><strong>Viendo modelos de ultima hora, estas lluvias aunque mas\u00a0d\u00e9biles\u00a0tambi\u00e9n\u00a0podr\u00edan\u00a0 llegar a la provincia malague\u00f1a en la madrugada del viernes. De todas formas desde ayer los modelos no se ponen de acuerdo con lo que pueda\u00a0pasar el dia 12. Ma\u00f1ana y si mi ordenador nuevo me lo permite actaulizare el blog para hablar de la ultima hora de estas lluvias tan esperadas.\u00a0<\/strong><\/p>\n<p><span style=\"color: #ff0000;\"><strong>OJALA VEAMOS ESTOS DIAS ESTOS CIELOS EN TODA ANDALUC\u00cdA.<\/strong><\/span><\/p>\n<p><img loading=\"lazy\" class=\"aligncenter\" src=\"https:\/\/farm3.staticflickr.com\/2938\/14317768711_7abe10182d_z.jpg\" alt=\"\" width=\"640\" height=\"427\" \/><\/p>\n<p>&nbsp;<\/p>\n<p><img loading=\"lazy\" class=\"aligncenter\" src=\"https:\/\/farm8.staticflickr.com\/7054\/8688740923_23f7395bd0_z.jpg\" alt=\"\" width=\"640\" height=\"480\" \/><\/p>\n<p>&nbsp;<\/p>\n<p><img loading=\"lazy\" class=\"aligncenter\" src=\"https:\/\/farm6.staticflickr.com\/5107\/5678819299_e3e4cdd1d6_z.jpg\" alt=\"\" width=\"640\" height=\"480\" \/><\/p>\n<p>&nbsp;<\/p>\n<p><img loading=\"lazy\" class=\"aligncenter\" src=\"https:\/\/farm4.staticflickr.com\/3023\/2895504740_ac90eda03a_o.jpg\" alt=\"\" width=\"500\" height=\"667\" \/><\/p>\n<p>&nbsp;<\/p>\n<p>&nbsp;<\/p>\n<p>&nbsp;<\/p>\n","protected":false},"excerpt":{"rendered":"<p>Buenos dias amigos de la meteo, cuando son las seis y media de la ma\u00f1ana, registro en mi\u00a0term\u00f3metro\u00a020.2 grados, los cielos\u00a0est\u00e1n\u00a0despejados y la maxima de hoy rondara los 28.\u00a0 No pensaba\u00a0actualizar\u00a0el blog, pero ayer el terral de oto\u00f1o \u00a0hizo que subiera la temperatura en M\u00e1laga\u00a0Capital \u00a0( Centro Metorologico ) hasta los 30.8 grados, pero destaca [&hellip;]<\/p>\n","protected":false},"author":16,"featured_media":9793,"comment_status":"open","ping_status":"open","sticky":false,"template":"","format":"standard","meta":[],"categories":[2],"tags":[78,100,624,809,961,980],"_links":{"self":[{"href":"https:\/\/blogs.diariosur.es\/tormentas-y-rayos\/wp-json\/wp\/v2\/posts\/9787"}],"collection":[{"href":"https:\/\/blogs.diariosur.es\/tormentas-y-rayos\/wp-json\/wp\/v2\/posts"}],"about":[{"href":"https:\/\/blogs.diariosur.es\/tormentas-y-rayos\/wp-json\/wp\/v2\/types\/post"}],"author":[{"embeddable":true,"href":"https:\/\/blogs.diariosur.es\/tormentas-y-rayos\/wp-json\/wp\/v2\/users\/16"}],"replies":[{"embeddable":true,"href":"https:\/\/blogs.diariosur.es\/tormentas-y-rayos\/wp-json\/wp\/v2\/comments?post=9787"}],"version-history":[{"count":0,"href":"https:\/\/blogs.diariosur.es\/tormentas-y-rayos\/wp-json\/wp\/v2\/posts\/9787\/revisions"}],"wp:featuredmedia":[{"embeddable":true,"href":"https:\/\/blogs.diariosur.es\/tormentas-y-rayos\/wp-json\/wp\/v2\/media\/9793"}],"wp:attachment":[{"href":"https:\/\/blogs.diariosur.es\/tormentas-y-rayos\/wp-json\/wp\/v2\/media?parent=9787"}],"wp:term":[{"taxonomy":"category","embeddable":true,"href":"https:\/\/blogs.diariosur.es\/tormentas-y-rayos\/wp-json\/wp\/v2\/categories?post=9787"},{"taxonomy":"post_tag","embeddable":true,"href":"https:\/\/blogs.diariosur.es\/tormentas-y-rayos\/wp-json\/wp\/v2\/tags?post=9787"}],"curies":[{"name":"wp","href":"https:\/\/api.w.org\/{rel}","templated":true}]}}