{"id":9795,"date":"2014-10-09T07:10:02","date_gmt":"2014-10-09T05:10:02","guid":{"rendered":"http:\/\/blogs.diariosur.es\/tormentas-y-rayos\/?p=9795"},"modified":"2014-10-09T07:10:02","modified_gmt":"2014-10-09T05:10:02","slug":"el-terral-de-otono-soplara-hoy-en-malaga-capital-en-la-zona-mas-occidental-de-andalucia-las-lluvias-seran-las-protagonistas","status":"publish","type":"post","link":"https:\/\/blogs.diariosur.es\/tormentas-y-rayos\/2014\/10\/09\/el-terral-de-otono-soplara-hoy-en-malaga-capital-en-la-zona-mas-occidental-de-andalucia-las-lluvias-seran-las-protagonistas\/","title":{"rendered":"El terral de oto\u00f1o soplara hoy en M\u00e1laga Capital. En la zona mas occidental de Andaluc\u00eda las lluvias ser\u00e1n las  protagonistas."},"content":{"rendered":"<p><img loading=\"lazy\" class=\"aligncenter\" src=\"https:\/\/farm3.staticflickr.com\/2898\/14371881571_bbae3518b1_q.jpg\" alt=\"\" width=\"150\" height=\"150\" \/><\/p>\n<p>&nbsp;<\/p>\n<p>&nbsp;<\/p>\n<p>&nbsp;<\/p>\n<p>&nbsp;<\/p>\n<p><strong>Buenos dias amigos de la meteo, son las seis de la ma\u00f1ana, registro 22 grados y el terral de oto\u00f1o es el protagonista en estos momentos. El frente fr\u00edo avanza\u00a0lentamente\u00a0y dentro de unas horas la zona mas occidental de Huelva\u00a0recibir\u00e1\u00a0los primeros chubascos. Sera\u00a0Huelva\u00a0donde mas llueva hoy.<\/strong><\/p>\n<p><strong> A partir de la tarde noche llegara a la provincia de Sevilla y C\u00e1diz. En estas provincias los chubascos se daran a ultima y durante la madrugada del viernes.<\/strong><\/p>\n<p><strong> Ayer y el dia pasado os comentaba que este frente viene muy lentamente, esto\u00a0traer\u00e1\u00a0consigo que\u00a0las lluvias duren mas tiempo en la fachada occidental, para estas zonas muy buena noticia. Pero como casi se quedara estacionario, en las\u00a0dem\u00e1s\u00a0provincias andaluzas apenas caeran unas gotas<\/strong><\/p>\n<p><strong>\u00a0Os paso una imagen del radar y del\u00a0sat\u00e9lite Eumetsat. Fuente Aemet y meteogalicia.<\/strong><\/p>\n<p>&nbsp;<\/p>\n<p><a href=\"https:\/\/blogs.diariosur.es\/tormentas-y-rayos\/2014\/10\/09\/el-terral-de-otono-soplara-hoy-en-malaga-capital-en-la-zona-mas-occidental-de-andalucia-las-lluvias-seran-las-protagonistas\/captura-457\/\" rel=\"attachment wp-att-9798\"><img loading=\"lazy\" class=\"aligncenter size-medium wp-image-9798\" title=\"Captura\" src=\"\/tormentas-y-rayos\/wp-content\/uploads\/sites\/12\/2014\/10\/Captura12.jpg\" alt=\"\" width=\"542\" height=\"400\" srcset=\"https:\/\/static-blogs.diariosur.es\/wp-content\/uploads\/sites\/12\/2014\/10\/Captura12.jpg 743w, https:\/\/static-blogs.diariosur.es\/wp-content\/uploads\/sites\/12\/2014\/10\/Captura12-542x400.jpg 542w\" sizes=\"(max-width: 542px) 100vw, 542px\" \/><\/a><\/p>\n<p>&nbsp;<\/p>\n<p><a href=\"https:\/\/blogs.diariosur.es\/tormentas-y-rayos\/2014\/10\/09\/el-terral-de-otono-soplara-hoy-en-malaga-capital-en-la-zona-mas-occidental-de-andalucia-las-lluvias-seran-las-protagonistas\/racar\/\" rel=\"attachment wp-att-9799\"><img loading=\"lazy\" class=\"aligncenter size-large wp-image-9799\" title=\"RACAR\" src=\"\/tormentas-y-rayos\/wp-content\/uploads\/sites\/12\/2014\/10\/RACAR.jpg\" alt=\"\" width=\"575\" height=\"600\" srcset=\"https:\/\/static-blogs.diariosur.es\/wp-content\/uploads\/sites\/12\/2014\/10\/RACAR.jpg 641w, https:\/\/static-blogs.diariosur.es\/wp-content\/uploads\/sites\/12\/2014\/10\/RACAR-384x400.jpg 384w\" sizes=\"(max-width: 575px) 100vw, 575px\" \/><\/a><\/p>\n<p>&nbsp;<\/p>\n<p>&nbsp;<\/p>\n<p><strong>El terral\u00a0seguir\u00e1\u00a0soplando hasta pasado el\u00a0<\/strong><strong>mediod\u00eda, la maxima que alcancemos\u00a0depender\u00e1\u00a0de las nubes altas que nos puedan afectar y de la temperatura que tengamos a 850 hpa. Si no se nubla mucho y el terral de oto\u00f1o sigue\u00a0despu\u00e9s\u00a0del\u00a0mediod\u00eda\u00a0y primeras horas de la tarde, se pueden sobrepasar los 31 grados. Ya veremos que maxima alcanzamos hoy.\u00a0<\/strong><\/p>\n<p><strong>La aemet ha sacado esta nota informativa ayer por la tarde, que os pego aqui.\u00a0<\/strong><\/p>\n<p><a href=\"https:\/\/blogs.diariosur.es\/tormentas-y-rayos\/2014\/10\/09\/el-terral-de-otono-soplara-hoy-en-malaga-capital-en-la-zona-mas-occidental-de-andalucia-las-lluvias-seran-las-protagonistas\/nota-informati\/\" rel=\"attachment wp-att-9796\"><img loading=\"lazy\" class=\"aligncenter size-large wp-image-9796\" title=\"nota informati\" src=\"\/tormentas-y-rayos\/wp-content\/uploads\/sites\/12\/2014\/10\/nota-informati.jpg\" alt=\"\" width=\"574\" height=\"600\" srcset=\"https:\/\/static-blogs.diariosur.es\/wp-content\/uploads\/sites\/12\/2014\/10\/nota-informati.jpg 737w, https:\/\/static-blogs.diariosur.es\/wp-content\/uploads\/sites\/12\/2014\/10\/nota-informati-383x400.jpg 383w\" sizes=\"(max-width: 574px) 100vw, 574px\" \/><\/a><\/p>\n<p>&nbsp;<\/p>\n<p><strong>En nuestra provincia malague\u00f1a \u00a0si cae algo sera en la zona mas occidental, pero poca cosa. Tendremos que esperar al Domingo para que las lluvias sean las protagonistas en la Provincia Malague\u00f1a, asi como en la zona oriental. Aunque a\u00fan quedan muchas horas, la\u00a0mayor\u00eda\u00a0de los modelos pronostican una buena vaguada y una baja secundaria cerca del Cabo de San Vicente. Si se cumplen por ejemplo estos mapas, las lluvias \u00a0e incluso las tormentas\u00a0estar\u00e1n\u00a0garantizadas. Fuente gfs meteocciel y aemet hirlam<\/strong><\/p>\n<p><a href=\"https:\/\/blogs.diariosur.es\/tormentas-y-rayos\/2014\/10\/09\/el-terral-de-otono-soplara-hoy-en-malaga-capital-en-la-zona-mas-occidental-de-andalucia-las-lluvias-seran-las-protagonistas\/captura-458\/\" rel=\"attachment wp-att-9800\"><img loading=\"lazy\" class=\"aligncenter size-medium wp-image-9800\" title=\"Captura\" src=\"\/tormentas-y-rayos\/wp-content\/uploads\/sites\/12\/2014\/10\/Captura13.jpg\" alt=\"\" width=\"600\" height=\"369\" srcset=\"https:\/\/static-blogs.diariosur.es\/wp-content\/uploads\/sites\/12\/2014\/10\/Captura13.jpg 768w, https:\/\/static-blogs.diariosur.es\/wp-content\/uploads\/sites\/12\/2014\/10\/Captura13-640x394.jpg 640w\" sizes=\"(max-width: 600px) 100vw, 600px\" \/><\/a><\/p>\n<p>&nbsp;<\/p>\n<p><a href=\"https:\/\/blogs.diariosur.es\/tormentas-y-rayos\/2014\/10\/09\/el-terral-de-otono-soplara-hoy-en-malaga-capital-en-la-zona-mas-occidental-de-andalucia-las-lluvias-seran-las-protagonistas\/mmmm-7\/\" rel=\"attachment wp-att-9801\"><img loading=\"lazy\" class=\"aligncenter size-medium wp-image-9801\" title=\"mmmm\" src=\"\/tormentas-y-rayos\/wp-content\/uploads\/sites\/12\/2014\/10\/mmmm.jpg\" alt=\"\" width=\"534\" height=\"400\" srcset=\"https:\/\/static-blogs.diariosur.es\/wp-content\/uploads\/sites\/12\/2014\/10\/mmmm.jpg 775w, https:\/\/static-blogs.diariosur.es\/wp-content\/uploads\/sites\/12\/2014\/10\/mmmm-534x400.jpg 534w, https:\/\/static-blogs.diariosur.es\/wp-content\/uploads\/sites\/12\/2014\/10\/mmmm-768x575.jpg 768w\" sizes=\"(max-width: 534px) 100vw, 534px\" \/><\/a><\/p>\n<p>&nbsp;<\/p>\n<p><strong>Esperemos que el domingo \u00a0podamos ver el cielo asi.<\/strong><\/p>\n<p>&nbsp;<\/p>\n<p><img loading=\"lazy\" class=\"aligncenter\" src=\"https:\/\/farm6.staticflickr.com\/5036\/14317768431_fb757acc2c_z.jpg\" alt=\"\" width=\"640\" height=\"427\" \/><\/p>\n<p>&nbsp;<\/p>\n<p>&nbsp;<\/p>\n<p>&nbsp;<\/p>\n<p><strong>Poco mas que contar amigos de la meteo. Nos vemos ma\u00f1ana.<\/strong><\/p>\n<p><strong>Os dejo con esta impresionante foto de mi amigo Carlos Castro<\/strong>. <strong>Una pasada de bonita.<\/strong><\/p>\n<p><a href=\"https:\/\/blogs.diariosur.es\/tormentas-y-rayos\/2014\/10\/09\/el-terral-de-otono-soplara-hoy-en-malaga-capital-en-la-zona-mas-occidental-de-andalucia-las-lluvias-seran-las-protagonistas\/10680004_656530111112533_149932889622239049_o\/\" rel=\"attachment wp-att-9802\"><img loading=\"lazy\" class=\"aligncenter size-full wp-image-9802\" title=\"10680004_656530111112533_149932889622239049_o\" src=\"\/tormentas-y-rayos\/wp-content\/uploads\/sites\/12\/2014\/10\/10680004_656530111112533_149932889622239049_o.jpg\" alt=\"\" width=\"640\" height=\"427\" srcset=\"https:\/\/static-blogs.diariosur.es\/wp-content\/uploads\/sites\/12\/2014\/10\/10680004_656530111112533_149932889622239049_o.jpg 640w, https:\/\/static-blogs.diariosur.es\/wp-content\/uploads\/sites\/12\/2014\/10\/10680004_656530111112533_149932889622239049_o-600x400.jpg 600w\" sizes=\"(max-width: 640px) 100vw, 640px\" \/><\/a><\/p>\n<p>&nbsp;<\/p>\n<p>&nbsp;<\/p>\n<p>&nbsp;<\/p>\n<p>&nbsp;<\/p>\n<p>&nbsp;<\/p>\n<p>&nbsp;<\/p>\n<p>&nbsp;<\/p>\n","protected":false},"excerpt":{"rendered":"<p>&nbsp; &nbsp; &nbsp; &nbsp; Buenos dias amigos de la meteo, son las seis de la ma\u00f1ana, registro 22 grados y el terral de oto\u00f1o es el protagonista en estos momentos. El frente fr\u00edo avanza\u00a0lentamente\u00a0y dentro de unas horas la zona mas occidental de Huelva\u00a0recibir\u00e1\u00a0los primeros chubascos. Sera\u00a0Huelva\u00a0donde mas llueva hoy. A partir de la tarde [&hellip;]<\/p>\n","protected":false},"author":16,"featured_media":9802,"comment_status":"open","ping_status":"open","sticky":false,"template":"","format":"standard","meta":[],"categories":[2],"tags":[100,569,744,975],"_links":{"self":[{"href":"https:\/\/blogs.diariosur.es\/tormentas-y-rayos\/wp-json\/wp\/v2\/posts\/9795"}],"collection":[{"href":"https:\/\/blogs.diariosur.es\/tormentas-y-rayos\/wp-json\/wp\/v2\/posts"}],"about":[{"href":"https:\/\/blogs.diariosur.es\/tormentas-y-rayos\/wp-json\/wp\/v2\/types\/post"}],"author":[{"embeddable":true,"href":"https:\/\/blogs.diariosur.es\/tormentas-y-rayos\/wp-json\/wp\/v2\/users\/16"}],"replies":[{"embeddable":true,"href":"https:\/\/blogs.diariosur.es\/tormentas-y-rayos\/wp-json\/wp\/v2\/comments?post=9795"}],"version-history":[{"count":0,"href":"https:\/\/blogs.diariosur.es\/tormentas-y-rayos\/wp-json\/wp\/v2\/posts\/9795\/revisions"}],"wp:featuredmedia":[{"embeddable":true,"href":"https:\/\/blogs.diariosur.es\/tormentas-y-rayos\/wp-json\/wp\/v2\/media\/9802"}],"wp:attachment":[{"href":"https:\/\/blogs.diariosur.es\/tormentas-y-rayos\/wp-json\/wp\/v2\/media?parent=9795"}],"wp:term":[{"taxonomy":"category","embeddable":true,"href":"https:\/\/blogs.diariosur.es\/tormentas-y-rayos\/wp-json\/wp\/v2\/categories?post=9795"},{"taxonomy":"post_tag","embeddable":true,"href":"https:\/\/blogs.diariosur.es\/tormentas-y-rayos\/wp-json\/wp\/v2\/tags?post=9795"}],"curies":[{"name":"wp","href":"https:\/\/api.w.org\/{rel}","templated":true}]}}