{"id":9818,"date":"2014-10-11T07:18:35","date_gmt":"2014-10-11T05:18:35","guid":{"rendered":"http:\/\/blogs.diariosur.es\/tormentas-y-rayos\/?p=9818"},"modified":"2014-10-11T07:18:35","modified_gmt":"2014-10-11T05:18:35","slug":"prevision-del-tiempo-aviso-amarillo-por-lluvias-y-tormentasen-andalucia-occidental-impresionantes-videos-y-fotos-de-la-tormenta-del-viernes-en-la-provincia-malaguena","status":"publish","type":"post","link":"https:\/\/blogs.diariosur.es\/tormentas-y-rayos\/2014\/10\/11\/prevision-del-tiempo-aviso-amarillo-por-lluvias-y-tormentasen-andalucia-occidental-impresionantes-videos-y-fotos-de-la-tormenta-del-viernes-en-la-provincia-malaguena\/","title":{"rendered":"Ultima hora. Aviso naranja y amarillo  por lluvias y tormentas en  Andaluc\u00eda Occidental y Costas de M\u00e1laga y Granada . Impresionantes v\u00eddeos y fotos de la tormenta del viernes en la Provincia Malague\u00f1a.."},"content":{"rendered":"<p><img loading=\"lazy\" class=\"aligncenter\" src=\"https:\/\/farm3.staticflickr.com\/2898\/14371881571_bbae3518b1_q.jpg\" alt=\"\" width=\"150\" height=\"150\" \/><\/p>\n<p>&nbsp;<\/p>\n<p>&nbsp;<\/p>\n<p>&nbsp;<\/p>\n<p>&nbsp;<\/p>\n<p>ULTIMA HORA. Aviso naranja en Sevilla,C\u00e1diz, \u00a0C\u00f3rdoba y Huelva. Amarillo en M\u00e1laga<\/p>\n<p>&nbsp;<\/p>\n<p><a href=\"https:\/\/blogs.diariosur.es\/tormentas-y-rayos\/2014\/10\/11\/prevision-del-tiempo-aviso-amarillo-por-lluvias-y-tormentasen-andalucia-occidental-impresionantes-videos-y-fotos-de-la-tormenta-del-viernes-en-la-provincia-malaguena\/captura-466\/\" rel=\"attachment wp-att-9836\"><img loading=\"lazy\" class=\"aligncenter size-full wp-image-9836\" title=\"Captura\" src=\"\/tormentas-y-rayos\/wp-content\/uploads\/sites\/12\/2014\/10\/Captura17.jpg\" alt=\"\" width=\"566\" height=\"381\" \/><\/a><\/p>\n<p>&nbsp;<\/p>\n<p><strong>Buenos<\/strong><strong>\u00a0d\u00edas\u00a0amigos de la meteo, son las seis de la ma\u00f1ana, registro 22 grados y los cielos malague\u00f1os lo adornan cirros y altocumulus que gracias a la luna puedo ver. Casi seguro que tenemos un bonito candilazo.<\/strong><\/p>\n<p><strong>De nuevo la aemet activa para hoy\u00a0s\u00e1bado\u00a0y ma\u00f1ana domingo el aviso amarillo por lluvias en Andalucia Occidental, en esta ocasi\u00f3n la Comarca de Ronda tambi\u00e9n entra.<\/strong><\/p>\n<p><a href=\"https:\/\/blogs.diariosur.es\/tormentas-y-rayos\/2014\/10\/11\/prevision-del-tiempo-aviso-amarillo-por-lluvias-y-tormentasen-andalucia-occidental-impresionantes-videos-y-fotos-de-la-tormenta-del-viernes-en-la-provincia-malaguena\/mmmmm-5\/\" rel=\"attachment wp-att-9829\"><img loading=\"lazy\" class=\"aligncenter size-medium wp-image-9829\" title=\"mmmmm\" src=\"\/tormentas-y-rayos\/wp-content\/uploads\/sites\/12\/2014\/10\/mmmmm.jpg\" alt=\"\" width=\"600\" height=\"391\" srcset=\"https:\/\/static-blogs.diariosur.es\/wp-content\/uploads\/sites\/12\/2014\/10\/mmmmm.jpg 669w, https:\/\/static-blogs.diariosur.es\/wp-content\/uploads\/sites\/12\/2014\/10\/mmmmm-612x400.jpg 612w\" sizes=\"(max-width: 600px) 100vw, 600px\" \/><\/a><\/p>\n<p>&nbsp;<\/p>\n<p><strong>Toda esta inestabilidad se\u00a0deber\u00e1\u00a0a la formaci\u00f3n de una baja secundaria frente a Lisboa. \u00a0Que a lo largo del domingo se\u00a0trasladar\u00eda\u00a0hacia el\u00a0Cant\u00e1brico.<\/strong><\/p>\n<p><a href=\"https:\/\/blogs.diariosur.es\/tormentas-y-rayos\/2014\/10\/11\/prevision-del-tiempo-aviso-amarillo-por-lluvias-y-tormentasen-andalucia-occidental-impresionantes-videos-y-fotos-de-la-tormenta-del-viernes-en-la-provincia-malaguena\/captura-465\/\" rel=\"attachment wp-att-9830\"><img loading=\"lazy\" class=\"aligncenter size-medium wp-image-9830\" title=\"Captura\" src=\"\/tormentas-y-rayos\/wp-content\/uploads\/sites\/12\/2014\/10\/Captura16.jpg\" alt=\"\" width=\"565\" height=\"400\" srcset=\"https:\/\/static-blogs.diariosur.es\/wp-content\/uploads\/sites\/12\/2014\/10\/Captura16.jpg 738w, https:\/\/static-blogs.diariosur.es\/wp-content\/uploads\/sites\/12\/2014\/10\/Captura16-566x400.jpg 566w\" sizes=\"(max-width: 565px) 100vw, 565px\" \/><\/a><\/p>\n<p>&nbsp;<\/p>\n<p><strong>Hasta hace unas horas esta baja la situaban en el Cabo de SanVicente, con lo cual las lluvias hubieran regado en mayor medida a toda Andaluc\u00eda. Si se cumplen los modelos al dia de hoy, \u00a0Andaluc\u00eda\u00a0Oriental no\u00a0recibir\u00eda\u00a0tanta agua. Pero ya\u00a0sab\u00e9is\u00a0como se las gasta la meteo, y la prueba la tuvimos ayer viernes.<\/strong><\/p>\n<p><strong>Si todo trascurre como lo previsto, los chubascos\u00a0afectar\u00edan\u00a0a partir del\u00a0mediod\u00eda\u00a0a la zona mas occidental andaluza hoy\u00a0s\u00e1bado. <\/strong><\/p>\n<p><strong><span style=\"color: #ff0000;\">A ultima hora de la noche y madrugada del domingo\u00a0llegar\u00edan\u00a0a la Provincia Malague\u00f1a, en algunos puntos de la zona occidental malague\u00f1a serian con\u00a0car\u00e1cter\u00a0moderado.<\/span> En \u00a0M\u00e1laga\u00a0Capital tambi\u00e9n la lluvia sera la protagonista durante la madrugada. El viento de poniente y el terral \u00a0<\/strong><strong>oto\u00f1o soplara en\u00a0M\u00e1laga Capital y en la Costa\u00a0Mediterr\u00e1nea\u00a0Andaluza el domingo, las rachas\u00a0ser\u00e1n \u00a0moderadas \u00a0seg\u00fan\u00a0las zonas.\u00a0Podr\u00edamos\u00a0tener chubascos posfrontales que\u00a0afectar\u00edan\u00a0a partir del\u00a0mediod\u00eda.<\/strong><\/p>\n<p><strong>Os paso una imagen del sat\u00e9lite eumetsat fuente meteogalicia. Preciosa imagen.<\/strong><\/p>\n<p><a href=\"https:\/\/blogs.diariosur.es\/tormentas-y-rayos\/2014\/10\/11\/prevision-del-tiempo-aviso-amarillo-por-lluvias-y-tormentasen-andalucia-occidental-impresionantes-videos-y-fotos-de-la-tormenta-del-viernes-en-la-provincia-malaguena\/im-2\/\" rel=\"attachment wp-att-9831\"><img loading=\"lazy\" class=\"aligncenter size-medium wp-image-9831\" title=\"im\" src=\"\/tormentas-y-rayos\/wp-content\/uploads\/sites\/12\/2014\/10\/im.jpg\" alt=\"\" width=\"546\" height=\"400\" srcset=\"https:\/\/static-blogs.diariosur.es\/wp-content\/uploads\/sites\/12\/2014\/10\/im.jpg 749w, https:\/\/static-blogs.diariosur.es\/wp-content\/uploads\/sites\/12\/2014\/10\/im-547x400.jpg 547w\" sizes=\"(max-width: 546px) 100vw, 546px\" \/><\/a><\/p>\n<p>&nbsp;<\/p>\n<p><strong>Poco mas que contar amigos, ma\u00f1ana domingo cuando actualice el blog, \u00a0veremos que ha ocurrido durante la madrugada y lo que pueda ocurrir durante lo que queda del Puente del Pilar.<\/strong><\/p>\n<p><span style=\"color: #0000ff;\"><strong>Vamos con el sorpres\u00f3n \u00a0que nos dio ayer la meteo.<\/strong><\/span><\/p>\n<p>&nbsp;<\/p>\n<p>&nbsp;<\/p>\n<p>&nbsp;<\/p>\n<p><span style=\"color: #0000ff;\"><strong>Antes de nada os quiero agradecer la cantidad de fotos que he recibido tanto en facebook como en el correo. Creo que hemos batido el\u00a0r\u00e9cord\u00a0jijijij . Hoy no podre poner todas las fotos, pero os prometo que a lo largo de estos\u00a0d\u00edas, al final de cada post\u00a0ir\u00e9\u00a0poni\u00e9ndolas. Mucho que\u00a0entr\u00e9is\u00a0por \u00a0primera vez os preguntareis el por qu\u00e9 de tantas fotos, pues mi sencillo amigos nuevos de la meteo, que ayer viernes cruzo la Provincia Malague\u00f1a y la Capital\u00a0un pedazo de tormenta. Aunque en el post\u00a0dec\u00eda\u00a0que el frente se\u00a0podr\u00eda\u00a0activar, ni mucho menos\u00a0pens\u00e9\u00a0que fuera de esa forma. Os voy a poner unas cuantas fotos y dos\u00a0v\u00eddeos. Mi\u00a0pluvi\u00f3metro\u00a0contabilizo 16 litros en apenas 11\u00a0minutos, destaca el Aeropuerto con 19.<\/strong><\/span><\/p>\n<p><span style=\"color: #0000ff;\"><strong>Aunque yo estaba currando, me asome un segundo a la puerta de personal y tome esta foto. Minutos\u00a0despu\u00e9s\u00a0la tromba de agua y el aire eran los protagonistas. Se hizo de noche amigos.<\/strong><\/span><\/p>\n<p><span style=\"color: #0000ff;\"><a href=\"https:\/\/blogs.diariosur.es\/tormentas-y-rayos\/2014\/10\/11\/prevision-del-tiempo-aviso-amarillo-por-lluvias-y-tormentasen-andalucia-occidental-impresionantes-videos-y-fotos-de-la-tormenta-del-viernes-en-la-provincia-malaguena\/_dsc2250\/\" rel=\"attachment wp-att-9819\"><span style=\"color: #0000ff;\"><img loading=\"lazy\" class=\"aligncenter size-full wp-image-9819\" title=\"_DSC2250\" src=\"\/tormentas-y-rayos\/wp-content\/uploads\/sites\/12\/2014\/10\/DSC2250.jpg\" alt=\"\" width=\"640\" height=\"427\" srcset=\"https:\/\/static-blogs.diariosur.es\/wp-content\/uploads\/sites\/12\/2014\/10\/DSC2250.jpg 640w, https:\/\/static-blogs.diariosur.es\/wp-content\/uploads\/sites\/12\/2014\/10\/DSC2250-600x400.jpg 600w\" sizes=\"(max-width: 640px) 100vw, 640px\" \/><\/span><\/a><\/span><\/p>\n<p>&nbsp;<\/p>\n<p>&nbsp;<\/p>\n<p><a href=\"https:\/\/blogs.diariosur.es\/tormentas-y-rayos\/2014\/10\/11\/prevision-del-tiempo-aviso-amarillo-por-lluvias-y-tormentasen-andalucia-occidental-impresionantes-videos-y-fotos-de-la-tormenta-del-viernes-en-la-provincia-malaguena\/_dsc2255\/\" rel=\"attachment wp-att-9834\"><img loading=\"lazy\" class=\"aligncenter size-full wp-image-9834\" title=\"_DSC2255\" src=\"\/tormentas-y-rayos\/wp-content\/uploads\/sites\/12\/2014\/10\/DSC2255.jpg\" alt=\"\" width=\"440\" height=\"660\" srcset=\"https:\/\/static-blogs.diariosur.es\/wp-content\/uploads\/sites\/12\/2014\/10\/DSC2255.jpg 440w, https:\/\/static-blogs.diariosur.es\/wp-content\/uploads\/sites\/12\/2014\/10\/DSC2255-267x400.jpg 267w\" sizes=\"(max-width: 440px) 100vw, 440px\" \/><\/a><\/p>\n<p>&nbsp;<\/p>\n<p><span style=\"color: #0000ff;\"><strong>Os paso varias fotos y\u00a0v\u00eddeos\u00a0 que me\u00a0hab\u00e9is\u00a0mandado, son todas impresionantes. Primero os paso el\u00a0v\u00eddeo\u00a0de mi amigo Jose Campos Reina.<\/strong><\/span><\/p>\n<p>&nbsp;<\/p>\n<p>&nbsp;<\/p>\n<p><span style=\"color: #0000ff;\"><iframe loading=\"lazy\" src=\"\/\/www.youtube.com\/embed\/n_QLAPjW12I\" frameborder=\"0\" width=\"640\" height=\"360\"><\/iframe><\/span><\/p>\n<p>&nbsp;<\/p>\n<p><span style=\"color: #0000ff;\"><strong>Este otro impresionante\u00a0v\u00eddeo\u00a0de mi amigo David Mancebo Atienza, que esta castigado por llor\u00f3n jijijij.<\/strong><\/span><\/p>\n<p>&nbsp;<\/p>\n<p>&nbsp;<\/p>\n<p><span style=\"color: #0000ff;\"><iframe loading=\"lazy\" src=\"\/\/www.youtube.com\/embed\/zlUr7nTPFdE\" frameborder=\"0\" width=\"640\" height=\"360\"><\/iframe><\/span><\/p>\n<p>&nbsp;<\/p>\n<p>&nbsp;<\/p>\n<p><span style=\"color: #0000ff;\"><strong>Si\u00a0dif\u00edcil\u00a0es cazar un rayo con una\u00a0c\u00e1mara\u00a0buena, mas\u00a0dif\u00edcil\u00a0todav\u00eda\u00a0hacerlo con un\u00a0m\u00f3vil, es como si te tocara el\u00a0euro mill\u00f3n\u00a0\u00a0jejejeje. Pues si, mi amigo Daniel Kema lo cazo.<\/strong><\/span><\/p>\n<p><span style=\"color: #0000ff;\"><a href=\"https:\/\/blogs.diariosur.es\/tormentas-y-rayos\/2014\/10\/11\/prevision-del-tiempo-aviso-amarillo-por-lluvias-y-tormentasen-andalucia-occidental-impresionantes-videos-y-fotos-de-la-tormenta-del-viernes-en-la-provincia-malaguena\/daniel-kema-2\/\" rel=\"attachment wp-att-9820\"><span style=\"color: #0000ff;\"><img loading=\"lazy\" class=\"aligncenter size-medium wp-image-9820\" title=\"daniel Kema\" src=\"\/tormentas-y-rayos\/wp-content\/uploads\/sites\/12\/2014\/10\/daniel-Kema.jpg\" alt=\"\" width=\"533\" height=\"400\" srcset=\"https:\/\/static-blogs.diariosur.es\/wp-content\/uploads\/sites\/12\/2014\/10\/daniel-Kema.jpg 720w, https:\/\/static-blogs.diariosur.es\/wp-content\/uploads\/sites\/12\/2014\/10\/daniel-Kema-533x400.jpg 533w\" sizes=\"(max-width: 533px) 100vw, 533px\" \/><\/span><\/a><\/span><\/p>\n<p><span style=\"color: #0000ff;\"><strong>Fran Arroyo Soto, \u00a0tambi\u00e9n lo inmortalizo con el\u00a0m\u00f3vil, una pasada\u00a0tambi\u00e9n.<\/strong><\/span><\/p>\n<p>&nbsp;<\/p>\n<p><span style=\"color: #0000ff;\"><a href=\"https:\/\/blogs.diariosur.es\/tormentas-y-rayos\/2014\/10\/11\/prevision-del-tiempo-aviso-amarillo-por-lluvias-y-tormentasen-andalucia-occidental-impresionantes-videos-y-fotos-de-la-tormenta-del-viernes-en-la-provincia-malaguena\/10710653_349891951836894_2748900144415948313_n\/\" rel=\"attachment wp-att-9821\"><span style=\"color: #0000ff;\"><img loading=\"lazy\" class=\"aligncenter size-full wp-image-9821\" title=\"10710653_349891951836894_2748900144415948313_n\" src=\"\/tormentas-y-rayos\/wp-content\/uploads\/sites\/12\/2014\/10\/10710653_349891951836894_2748900144415948313_n.jpg\" alt=\"\" width=\"540\" height=\"960\" srcset=\"https:\/\/static-blogs.diariosur.es\/wp-content\/uploads\/sites\/12\/2014\/10\/10710653_349891951836894_2748900144415948313_n.jpg 540w, https:\/\/static-blogs.diariosur.es\/wp-content\/uploads\/sites\/12\/2014\/10\/10710653_349891951836894_2748900144415948313_n-225x400.jpg 225w\" sizes=\"(max-width: 540px) 100vw, 540px\" \/><\/span><\/a><\/span><\/p>\n<p>&nbsp;<\/p>\n<p>&nbsp;<\/p>\n<p><span style=\"color: #0000ff;\"><strong>Mi vecino Antonio CM, la fotografi\u00f3\u00a0magistralmente, primero cuando se acercaba a nuestra barriada y\u00a0despu\u00e9s\u00a0el resplandor del rayo.\u00a0<\/strong><\/span><\/p>\n<p><span style=\"color: #0000ff;\"><a href=\"https:\/\/blogs.diariosur.es\/tormentas-y-rayos\/2014\/10\/11\/prevision-del-tiempo-aviso-amarillo-por-lluvias-y-tormentasen-andalucia-occidental-impresionantes-videos-y-fotos-de-la-tormenta-del-viernes-en-la-provincia-malaguena\/antonio-2\/\" rel=\"attachment wp-att-9832\"><span style=\"color: #0000ff;\"><img loading=\"lazy\" class=\"aligncenter size-full wp-image-9832\" title=\"antonio\" src=\"\/tormentas-y-rayos\/wp-content\/uploads\/sites\/12\/2014\/10\/antonio.jpg\" alt=\"\" width=\"640\" height=\"424\" srcset=\"https:\/\/static-blogs.diariosur.es\/wp-content\/uploads\/sites\/12\/2014\/10\/antonio.jpg 640w, https:\/\/static-blogs.diariosur.es\/wp-content\/uploads\/sites\/12\/2014\/10\/antonio-604x400.jpg 604w\" sizes=\"(max-width: 640px) 100vw, 640px\" \/><\/span><\/a><\/span><\/p>\n<p>&nbsp;<\/p>\n<p><span style=\"color: #0000ff;\"><a href=\"https:\/\/blogs.diariosur.es\/tormentas-y-rayos\/2014\/10\/11\/prevision-del-tiempo-aviso-amarillo-por-lluvias-y-tormentasen-andalucia-occidental-impresionantes-videos-y-fotos-de-la-tormenta-del-viernes-en-la-provincia-malaguena\/antonio-cm\/\" rel=\"attachment wp-att-9833\"><span style=\"color: #0000ff;\"><img loading=\"lazy\" class=\"aligncenter size-full wp-image-9833\" title=\"antonio cm\" src=\"\/tormentas-y-rayos\/wp-content\/uploads\/sites\/12\/2014\/10\/antonio-cm.jpg\" alt=\"\" width=\"640\" height=\"412\" srcset=\"https:\/\/static-blogs.diariosur.es\/wp-content\/uploads\/sites\/12\/2014\/10\/antonio-cm.jpg 640w, https:\/\/static-blogs.diariosur.es\/wp-content\/uploads\/sites\/12\/2014\/10\/antonio-cm-621x400.jpg 621w\" sizes=\"(max-width: 640px) 100vw, 640px\" \/><\/span><\/a><\/span><\/p>\n<p>&nbsp;<\/p>\n<p><span style=\"color: #0000ff;\"><strong>Cristina Moreno nos manda este fot\u00f3n.<\/strong><\/span><\/p>\n<p><span style=\"color: #0000ff;\"><a href=\"https:\/\/blogs.diariosur.es\/tormentas-y-rayos\/2014\/10\/11\/prevision-del-tiempo-aviso-amarillo-por-lluvias-y-tormentasen-andalucia-occidental-impresionantes-videos-y-fotos-de-la-tormenta-del-viernes-en-la-provincia-malaguena\/cristina-moreno\/\" rel=\"attachment wp-att-9822\"><span style=\"color: #0000ff;\"><img loading=\"lazy\" class=\"aligncenter size-medium wp-image-9822\" title=\"cristina moreno\" src=\"\/tormentas-y-rayos\/wp-content\/uploads\/sites\/12\/2014\/10\/cristina-moreno.jpg\" alt=\"\" width=\"533\" height=\"400\" srcset=\"https:\/\/static-blogs.diariosur.es\/wp-content\/uploads\/sites\/12\/2014\/10\/cristina-moreno.jpg 960w, https:\/\/static-blogs.diariosur.es\/wp-content\/uploads\/sites\/12\/2014\/10\/cristina-moreno-533x400.jpg 533w, https:\/\/static-blogs.diariosur.es\/wp-content\/uploads\/sites\/12\/2014\/10\/cristina-moreno-768x576.jpg 768w\" sizes=\"(max-width: 533px) 100vw, 533px\" \/><\/span><\/a><\/span><\/p>\n<p><span style=\"color: #0000ff;\"><strong>Cristina Cort\u00e9s otra maravilla.<\/strong><\/span><\/p>\n<p>&nbsp;<\/p>\n<p><span style=\"color: #0000ff;\"><a href=\"https:\/\/blogs.diariosur.es\/tormentas-y-rayos\/2014\/10\/11\/prevision-del-tiempo-aviso-amarillo-por-lluvias-y-tormentasen-andalucia-occidental-impresionantes-videos-y-fotos-de-la-tormenta-del-viernes-en-la-provincia-malaguena\/critina-cortes\/\" rel=\"attachment wp-att-9823\"><span style=\"color: #0000ff;\"><img loading=\"lazy\" class=\"aligncenter size-medium wp-image-9823\" title=\"critina cort\u00e9s\" src=\"\/tormentas-y-rayos\/wp-content\/uploads\/sites\/12\/2014\/10\/critina-cort\u00e9s.jpg\" alt=\"\" width=\"533\" height=\"400\" srcset=\"https:\/\/static-blogs.diariosur.es\/wp-content\/uploads\/sites\/12\/2014\/10\/critina-cort\u00e9s.jpg 2048w, https:\/\/static-blogs.diariosur.es\/wp-content\/uploads\/sites\/12\/2014\/10\/critina-cort\u00e9s-533x400.jpg 533w, https:\/\/static-blogs.diariosur.es\/wp-content\/uploads\/sites\/12\/2014\/10\/critina-cort\u00e9s-768x576.jpg 768w\" sizes=\"(max-width: 533px) 100vw, 533px\" \/><\/span><\/a><\/span><\/p>\n<p>&nbsp;<\/p>\n<p>&nbsp;<\/p>\n<p><span style=\"color: #0000ff;\"><strong>Maril\u00f3 Diaz tambi\u00e9n la inmortalizo.<\/strong><\/span><\/p>\n<p><span style=\"color: #0000ff;\"><a href=\"https:\/\/blogs.diariosur.es\/tormentas-y-rayos\/2014\/10\/11\/prevision-del-tiempo-aviso-amarillo-por-lluvias-y-tormentasen-andalucia-occidental-impresionantes-videos-y-fotos-de-la-tormenta-del-viernes-en-la-provincia-malaguena\/marilo-diaz-7\/\" rel=\"attachment wp-att-9824\"><span style=\"color: #0000ff;\"><img loading=\"lazy\" class=\"aligncenter size-medium wp-image-9824\" title=\"maril\u00f3 diaz\" src=\"\/tormentas-y-rayos\/wp-content\/uploads\/sites\/12\/2014\/10\/maril\u00f3-diaz.jpg\" alt=\"\" width=\"533\" height=\"400\" srcset=\"https:\/\/static-blogs.diariosur.es\/wp-content\/uploads\/sites\/12\/2014\/10\/maril\u00f3-diaz.jpg 640w, https:\/\/static-blogs.diariosur.es\/wp-content\/uploads\/sites\/12\/2014\/10\/maril\u00f3-diaz-533x400.jpg 533w\" sizes=\"(max-width: 533px) 100vw, 533px\" \/><\/span><\/a><\/span><\/p>\n<p>&nbsp;<\/p>\n<p><span style=\"color: #0000ff;\"><strong>Ana Cabrera. Muy bonita.<\/strong><\/span><\/p>\n<p><span style=\"color: #0000ff;\"><a href=\"https:\/\/blogs.diariosur.es\/tormentas-y-rayos\/2014\/10\/11\/prevision-del-tiempo-aviso-amarillo-por-lluvias-y-tormentasen-andalucia-occidental-impresionantes-videos-y-fotos-de-la-tormenta-del-viernes-en-la-provincia-malaguena\/ana-cabrera\/\" rel=\"attachment wp-att-9825\"><span style=\"color: #0000ff;\"><img loading=\"lazy\" class=\"aligncenter size-large wp-image-9825\" title=\"ana cabrera\" src=\"\/tormentas-y-rayos\/wp-content\/uploads\/sites\/12\/2014\/10\/ana-cabrera.jpg\" alt=\"\" width=\"337\" height=\"600\" srcset=\"https:\/\/static-blogs.diariosur.es\/wp-content\/uploads\/sites\/12\/2014\/10\/ana-cabrera.jpg 540w, https:\/\/static-blogs.diariosur.es\/wp-content\/uploads\/sites\/12\/2014\/10\/ana-cabrera-225x400.jpg 225w\" sizes=\"(max-width: 337px) 100vw, 337px\" \/><\/span><\/a><\/span><\/p>\n<p>&nbsp;<\/p>\n<p><span style=\"color: #0000ff;\"><strong>Berta Guerrero, una pasada.<\/strong><\/span><\/p>\n<p><span style=\"color: #0000ff;\"><a href=\"https:\/\/blogs.diariosur.es\/tormentas-y-rayos\/2014\/10\/11\/prevision-del-tiempo-aviso-amarillo-por-lluvias-y-tormentasen-andalucia-occidental-impresionantes-videos-y-fotos-de-la-tormenta-del-viernes-en-la-provincia-malaguena\/berta-guerrero\/\" rel=\"attachment wp-att-9826\"><span style=\"color: #0000ff;\"><img loading=\"lazy\" class=\"aligncenter size-medium wp-image-9826\" title=\"Berta guerrero\" src=\"\/tormentas-y-rayos\/wp-content\/uploads\/sites\/12\/2014\/10\/Berta-guerrero.jpg\" alt=\"\" width=\"600\" height=\"337\" srcset=\"https:\/\/static-blogs.diariosur.es\/wp-content\/uploads\/sites\/12\/2014\/10\/Berta-guerrero.jpg 960w, https:\/\/static-blogs.diariosur.es\/wp-content\/uploads\/sites\/12\/2014\/10\/Berta-guerrero-640x360.jpg 640w, https:\/\/static-blogs.diariosur.es\/wp-content\/uploads\/sites\/12\/2014\/10\/Berta-guerrero-768x432.jpg 768w\" sizes=\"(max-width: 600px) 100vw, 600px\" \/><\/span><\/a><\/span><\/p>\n<p>&nbsp;<\/p>\n<p><span style=\"color: #0000ff;\"><strong>Maria Jose Lara, pedazo de cortina.<\/strong><\/span><\/p>\n<p><span style=\"color: #0000ff;\"><a href=\"https:\/\/blogs.diariosur.es\/tormentas-y-rayos\/2014\/10\/11\/prevision-del-tiempo-aviso-amarillo-por-lluvias-y-tormentasen-andalucia-occidental-impresionantes-videos-y-fotos-de-la-tormenta-del-viernes-en-la-provincia-malaguena\/maria-jose-lara\/\" rel=\"attachment wp-att-9827\"><span style=\"color: #0000ff;\"><img loading=\"lazy\" class=\"aligncenter size-medium wp-image-9827\" title=\"maria jose lara\" src=\"\/tormentas-y-rayos\/wp-content\/uploads\/sites\/12\/2014\/10\/maria-jose-lara.jpg\" alt=\"\" width=\"600\" height=\"337\" srcset=\"https:\/\/static-blogs.diariosur.es\/wp-content\/uploads\/sites\/12\/2014\/10\/maria-jose-lara.jpg 960w, https:\/\/static-blogs.diariosur.es\/wp-content\/uploads\/sites\/12\/2014\/10\/maria-jose-lara-640x360.jpg 640w, https:\/\/static-blogs.diariosur.es\/wp-content\/uploads\/sites\/12\/2014\/10\/maria-jose-lara-768x432.jpg 768w\" sizes=\"(max-width: 600px) 100vw, 600px\" \/><\/span><\/a><\/span><\/p>\n<p>&nbsp;<\/p>\n<p><span style=\"color: #0000ff;\"><strong>Jose MG Sabonis desde el aeropuerto.<\/strong><\/span><\/p>\n<p><span style=\"color: #0000ff;\"><a href=\"https:\/\/blogs.diariosur.es\/tormentas-y-rayos\/2014\/10\/11\/prevision-del-tiempo-aviso-amarillo-por-lluvias-y-tormentasen-andalucia-occidental-impresionantes-videos-y-fotos-de-la-tormenta-del-viernes-en-la-provincia-malaguena\/jose-mg-sabonis\/\" rel=\"attachment wp-att-9828\"><span style=\"color: #0000ff;\"><img loading=\"lazy\" class=\"aligncenter size-medium wp-image-9828\" title=\"Jose MG SABONIS\" src=\"\/tormentas-y-rayos\/wp-content\/uploads\/sites\/12\/2014\/10\/Jose-MG-SABONIS.jpg\" alt=\"\" width=\"532\" height=\"400\" srcset=\"https:\/\/static-blogs.diariosur.es\/wp-content\/uploads\/sites\/12\/2014\/10\/Jose-MG-SABONIS.jpg 852w, https:\/\/static-blogs.diariosur.es\/wp-content\/uploads\/sites\/12\/2014\/10\/Jose-MG-SABONIS-533x400.jpg 533w, https:\/\/static-blogs.diariosur.es\/wp-content\/uploads\/sites\/12\/2014\/10\/Jose-MG-SABONIS-768x577.jpg 768w\" sizes=\"(max-width: 532px) 100vw, 532px\" \/><\/span><\/a><\/span><\/p>\n<p>&nbsp;<\/p>\n<p>&nbsp;<\/p>\n<p><strong>Nos vemos ma\u00f1ana tempranito.<\/strong><\/p>\n","protected":false},"excerpt":{"rendered":"<p>&nbsp; &nbsp; &nbsp; &nbsp; ULTIMA HORA. Aviso naranja en Sevilla,C\u00e1diz, \u00a0C\u00f3rdoba y Huelva. Amarillo en M\u00e1laga &nbsp; &nbsp; Buenos\u00a0d\u00edas\u00a0amigos de la meteo, son las seis de la ma\u00f1ana, registro 22 grados y los cielos malague\u00f1os lo adornan cirros y altocumulus que gracias a la luna puedo ver. Casi seguro que tenemos un bonito candilazo. De [&hellip;]<\/p>\n","protected":false},"author":16,"featured_media":9819,"comment_status":"open","ping_status":"open","sticky":false,"template":"","format":"standard","meta":[],"categories":[2],"tags":[63,91,100,151,485,569,809,980,996,1028],"_links":{"self":[{"href":"https:\/\/blogs.diariosur.es\/tormentas-y-rayos\/wp-json\/wp\/v2\/posts\/9818"}],"collection":[{"href":"https:\/\/blogs.diariosur.es\/tormentas-y-rayos\/wp-json\/wp\/v2\/posts"}],"about":[{"href":"https:\/\/blogs.diariosur.es\/tormentas-y-rayos\/wp-json\/wp\/v2\/types\/post"}],"author":[{"embeddable":true,"href":"https:\/\/blogs.diariosur.es\/tormentas-y-rayos\/wp-json\/wp\/v2\/users\/16"}],"replies":[{"embeddable":true,"href":"https:\/\/blogs.diariosur.es\/tormentas-y-rayos\/wp-json\/wp\/v2\/comments?post=9818"}],"version-history":[{"count":0,"href":"https:\/\/blogs.diariosur.es\/tormentas-y-rayos\/wp-json\/wp\/v2\/posts\/9818\/revisions"}],"wp:featuredmedia":[{"embeddable":true,"href":"https:\/\/blogs.diariosur.es\/tormentas-y-rayos\/wp-json\/wp\/v2\/media\/9819"}],"wp:attachment":[{"href":"https:\/\/blogs.diariosur.es\/tormentas-y-rayos\/wp-json\/wp\/v2\/media?parent=9818"}],"wp:term":[{"taxonomy":"category","embeddable":true,"href":"https:\/\/blogs.diariosur.es\/tormentas-y-rayos\/wp-json\/wp\/v2\/categories?post=9818"},{"taxonomy":"post_tag","embeddable":true,"href":"https:\/\/blogs.diariosur.es\/tormentas-y-rayos\/wp-json\/wp\/v2\/tags?post=9818"}],"curies":[{"name":"wp","href":"https:\/\/api.w.org\/{rel}","templated":true}]}}