{"id":9837,"date":"2014-10-12T08:39:43","date_gmt":"2014-10-12T06:39:43","guid":{"rendered":"http:\/\/blogs.diariosur.es\/tormentas-y-rayos\/?p=9837"},"modified":"2014-10-12T08:39:43","modified_gmt":"2014-10-12T06:39:43","slug":"en-la-vida-no-se-trata-de-esperar-a-que-la-tormenta-pase-sino-de-aprender-a-bailar-bajo-la-lluvia-anonimo","status":"publish","type":"post","link":"https:\/\/blogs.diariosur.es\/tormentas-y-rayos\/2014\/10\/12\/en-la-vida-no-se-trata-de-esperar-a-que-la-tormenta-pase-sino-de-aprender-a-bailar-bajo-la-lluvia-anonimo\/","title":{"rendered":"En la vida no se trata de esperar a que la tormenta pase, sino de aprender a bailar bajo la lluvia. (An\u00f3nimo)"},"content":{"rendered":"<p><img loading=\"lazy\" class=\"aligncenter\" src=\"https:\/\/farm3.staticflickr.com\/2898\/14371881571_bbae3518b1_q.jpg\" alt=\"\" width=\"150\" height=\"150\" \/><\/p>\n<p>&nbsp;<\/p>\n<p>ULTIMA HORA: Buen moco verde que deja lluvias moderadas en casi toda la provincia malague\u00f1a. El radar impresionante. Lo mismo entramos en aviso amarillo.<\/p>\n<p>&nbsp;<\/p>\n<p><strong>Buenos dias amigos de la meteo, son las siete menos cuarto \u00a0de la ma\u00f1ana, registro 21 grados y la lluvia es la protagonista. Esta frase del titulo me encanta, es que llevo un rato para poner un titulo al post y no daba con ello jijijij.<\/strong><\/p>\n<p>&nbsp;<\/p>\n<p><strong>Sobre las dos y cuarto \u00a0tambi\u00e9n cayo un buen chaparr\u00f3n, y se pudo escuchar un gran trueno que salto las alarmas de los coches de mi barriada. Pero lo siento pero no cace\u00a0ning\u00fan\u00a0rayo. La tormenta al llegar a la\u00a0capital\u00a0perdi\u00f3\u00a0fuerza.<\/strong><\/p>\n<p><strong>La borrasca sigue en frente de la nariz de Portugal, incluso ha bajado la presi\u00f3n. Desde esa posici\u00f3n es muy buena para M\u00e1laga, ya que llegan lineas de inestabilidad en forma de lluvias, como esta ocurriendo ahora mismo.<\/strong><\/p>\n<p>&nbsp;<\/p>\n<p>&nbsp;<\/p>\n<p>&nbsp;<\/p>\n<p><strong>Fuente aemet hirlam<\/strong><\/p>\n<p>&nbsp;<\/p>\n<p>&nbsp;<\/p>\n<p><a href=\"https:\/\/blogs.diariosur.es\/tormentas-y-rayos\/2014\/10\/12\/en-la-vida-no-se-trata-de-esperar-a-que-la-tormenta-pase-sino-de-aprender-a-bailar-bajo-la-lluvia-anonimo\/supreficieee\/\" rel=\"attachment wp-att-9845\"><img loading=\"lazy\" class=\"aligncenter size-medium wp-image-9845\" title=\"supreficieee\" src=\"\/tormentas-y-rayos\/wp-content\/uploads\/sites\/12\/2014\/10\/supreficieee.jpg\" alt=\"\" width=\"560\" height=\"400\" srcset=\"https:\/\/static-blogs.diariosur.es\/wp-content\/uploads\/sites\/12\/2014\/10\/supreficieee.jpg 733w, https:\/\/static-blogs.diariosur.es\/wp-content\/uploads\/sites\/12\/2014\/10\/supreficieee-561x400.jpg 561w\" sizes=\"(max-width: 560px) 100vw, 560px\" \/><\/a><\/p>\n<p><strong>Buen moco<\/strong><\/p>\n<p>&nbsp;<\/p>\n<p><a href=\"https:\/\/blogs.diariosur.es\/tormentas-y-rayos\/2014\/10\/12\/en-la-vida-no-se-trata-de-esperar-a-que-la-tormenta-pase-sino-de-aprender-a-bailar-bajo-la-lluvia-anonimo\/radar-33\/\" rel=\"attachment wp-att-9846\"><img loading=\"lazy\" class=\"aligncenter size-medium wp-image-9846\" title=\"radar\" src=\"\/tormentas-y-rayos\/wp-content\/uploads\/sites\/12\/2014\/10\/radar.jpg\" alt=\"\" width=\"472\" height=\"400\" srcset=\"https:\/\/static-blogs.diariosur.es\/wp-content\/uploads\/sites\/12\/2014\/10\/radar.jpg 786w, https:\/\/static-blogs.diariosur.es\/wp-content\/uploads\/sites\/12\/2014\/10\/radar-472x400.jpg 472w, https:\/\/static-blogs.diariosur.es\/wp-content\/uploads\/sites\/12\/2014\/10\/radar-768x651.jpg 768w\" sizes=\"(max-width: 472px) 100vw, 472px\" \/><\/a><\/p>\n<p>&nbsp;<\/p>\n<p>&nbsp;<\/p>\n<p>&nbsp;<\/p>\n<p>&nbsp;<\/p>\n<p>&nbsp;<\/p>\n<p><strong>Buen chaparr\u00f3n el que cae ahora mismo cuando son las siete y media de la ma\u00f1ana. Os paso unas fotos desde la terraza.<\/strong><\/p>\n<p>&nbsp;<\/p>\n<p><a href=\"https:\/\/blogs.diariosur.es\/tormentas-y-rayos\/2014\/10\/12\/en-la-vida-no-se-trata-de-esperar-a-que-la-tormenta-pase-sino-de-aprender-a-bailar-bajo-la-lluvia-anonimo\/_dsc4977\/\" rel=\"attachment wp-att-9843\"><img loading=\"lazy\" class=\"aligncenter size-full wp-image-9843\" title=\"_DSC4977\" src=\"\/tormentas-y-rayos\/wp-content\/uploads\/sites\/12\/2014\/10\/DSC4977.jpg\" alt=\"\" width=\"640\" height=\"427\" srcset=\"https:\/\/static-blogs.diariosur.es\/wp-content\/uploads\/sites\/12\/2014\/10\/DSC4977.jpg 640w, https:\/\/static-blogs.diariosur.es\/wp-content\/uploads\/sites\/12\/2014\/10\/DSC4977-600x400.jpg 600w\" sizes=\"(max-width: 640px) 100vw, 640px\" \/><\/a><\/p>\n<p>&nbsp;<\/p>\n<p><a href=\"https:\/\/blogs.diariosur.es\/tormentas-y-rayos\/2014\/10\/12\/en-la-vida-no-se-trata-de-esperar-a-que-la-tormenta-pase-sino-de-aprender-a-bailar-bajo-la-lluvia-anonimo\/_dsc4979\/\" rel=\"attachment wp-att-9844\"><img loading=\"lazy\" class=\"aligncenter size-full wp-image-9844\" title=\"_DSC4979\" src=\"\/tormentas-y-rayos\/wp-content\/uploads\/sites\/12\/2014\/10\/DSC4979.jpg\" alt=\"\" width=\"640\" height=\"427\" srcset=\"https:\/\/static-blogs.diariosur.es\/wp-content\/uploads\/sites\/12\/2014\/10\/DSC4979.jpg 640w, https:\/\/static-blogs.diariosur.es\/wp-content\/uploads\/sites\/12\/2014\/10\/DSC4979-600x400.jpg 600w\" sizes=\"(max-width: 640px) 100vw, 640px\" \/><\/a><\/p>\n<p>&nbsp;<\/p>\n<p><strong>Mi\u00a0pluvi\u00f3metro\u00a0lo acabo de vaciar y he contabilizado 21 litros y sigue lloviendo.<\/strong><\/p>\n<p><strong>Poco mas que contar sobre el dia de hoy, ma\u00f1ana que es festivo y antes de ir a currar intentare actualizar el blog. La primera ciclog\u00e9nesis \u00a0explosiva del oto\u00f1o se puede dar en el\u00a0Atl\u00e1ntico\u00a0norte. Tambi\u00e9n\u00a0hablaremos\u00a0de las posibles lluvias\u00a0del martes.<\/strong><\/p>\n<p>&nbsp;<\/p>\n<p><strong>Os hago un peque\u00f1o resumen de ayer.\u00a0<\/strong><\/p>\n<p><strong>El amanecer estuvo precioso.<\/strong><\/p>\n<p><a href=\"https:\/\/blogs.diariosur.es\/tormentas-y-rayos\/2014\/10\/12\/en-la-vida-no-se-trata-de-esperar-a-que-la-tormenta-pase-sino-de-aprender-a-bailar-bajo-la-lluvia-anonimo\/_dsc4916\/\" rel=\"attachment wp-att-9848\"><img loading=\"lazy\" class=\"aligncenter size-full wp-image-9848\" title=\"_DSC4916\" src=\"\/tormentas-y-rayos\/wp-content\/uploads\/sites\/12\/2014\/10\/DSC4916.jpg\" alt=\"\" width=\"640\" height=\"427\" srcset=\"https:\/\/static-blogs.diariosur.es\/wp-content\/uploads\/sites\/12\/2014\/10\/DSC4916.jpg 640w, https:\/\/static-blogs.diariosur.es\/wp-content\/uploads\/sites\/12\/2014\/10\/DSC4916-600x400.jpg 600w\" sizes=\"(max-width: 640px) 100vw, 640px\" \/><\/a><\/p>\n<p>&nbsp;<\/p>\n<p><strong>Lo mas destacado de ayer, el chaparr\u00f3n que cayo a las cuatro y media de la tarde y encima con sol jijijij. Otra sorpresa. En esos momentos yo estaba comiendo y al escuchar la lluvia no me lo\u00a0cre\u00eda, sol a pleno. Una vez que paso el\u00a0nubarr\u00f3n se formo un arcoiris.<\/strong><\/p>\n<p>&nbsp;<\/p>\n<p><img loading=\"lazy\" class=\"aligncenter\" src=\"https:\/\/farm3.staticflickr.com\/2945\/15321126970_7f1b243598_z.jpg\" alt=\"\" width=\"640\" height=\"416\" \/><\/p>\n<p>&nbsp;<\/p>\n<p>&nbsp;<\/p>\n<p><strong>Mi vecino de enfrente Salvador Romero Jimenez, al cual aun no conozco jijijij, tambi\u00e9n cazo magistralmente el arcoiris. Preciosa foto Salva. Un\u00a0d\u00eda\u00a0quedamos.<\/strong><\/p>\n<p><a href=\"https:\/\/blogs.diariosur.es\/tormentas-y-rayos\/2014\/10\/12\/en-la-vida-no-se-trata-de-esperar-a-que-la-tormenta-pase-sino-de-aprender-a-bailar-bajo-la-lluvia-anonimo\/salvador-romero-jimenez\/\" rel=\"attachment wp-att-9840\"><img loading=\"lazy\" class=\"aligncenter size-full wp-image-9840\" title=\"SALVADOR ROMERO jIMENEZ\" src=\"\/tormentas-y-rayos\/wp-content\/uploads\/sites\/12\/2014\/10\/SALVADOR-ROMERO-jIMENEZ.jpg\" alt=\"\" width=\"640\" height=\"360\" \/><\/a><\/p>\n<p>&nbsp;<\/p>\n<p>&nbsp;<\/p>\n<p><strong>Mi amiga Ana Gonfer\u00a0fotografi\u00f3\u00a0este preciosos cielo lleno de estelas por la ma\u00f1ana, muy bonita amiga.<\/strong><\/p>\n<p><a href=\"https:\/\/blogs.diariosur.es\/tormentas-y-rayos\/2014\/10\/12\/en-la-vida-no-se-trata-de-esperar-a-que-la-tormenta-pase-sino-de-aprender-a-bailar-bajo-la-lluvia-anonimo\/ana-gonfer-2\/\" rel=\"attachment wp-att-9841\"><img loading=\"lazy\" class=\"aligncenter size-full wp-image-9841\" title=\"ana gonfer\" src=\"\/tormentas-y-rayos\/wp-content\/uploads\/sites\/12\/2014\/10\/ana-gonfer.jpg\" alt=\"\" width=\"640\" height=\"360\" \/><\/a><\/p>\n<p>&nbsp;<\/p>\n<p>&nbsp;<\/p>\n<p><strong>Mi amigo Antonio CM, me ha mandado una nueva foto de la tormenta del viernes. Es impresionante el rayo que cae en el pararrayos de un edificio. Un fot\u00f3n.<\/strong><\/p>\n<p>&nbsp;<\/p>\n<p><a href=\"https:\/\/blogs.diariosur.es\/tormentas-y-rayos\/2014\/10\/12\/en-la-vida-no-se-trata-de-esperar-a-que-la-tormenta-pase-sino-de-aprender-a-bailar-bajo-la-lluvia-anonimo\/10722726_626403397476476_1816497891_o\/\" rel=\"attachment wp-att-9842\"><img loading=\"lazy\" class=\"aligncenter size-full wp-image-9842\" title=\"10722726_626403397476476_1816497891_o\" src=\"\/tormentas-y-rayos\/wp-content\/uploads\/sites\/12\/2014\/10\/10722726_626403397476476_1816497891_o.jpg\" alt=\"\" width=\"640\" height=\"363\" \/><\/a><\/p>\n<p>&nbsp;<\/p>\n<p>&nbsp;<\/p>\n<p><strong>Para terminar os dejo con estos dos fotones de la tormenta del viernes.<\/strong><\/p>\n<p><strong>Una pasada las fotos que nos manda Miguel Cabrera desde Guadalmar, fijaros como cae el rayo en la Sierra. Incluso provoca un peque\u00f1o conato de incendio. Menos mal que\u00a0empez\u00f3\u00a0a llover fuerte.<\/strong><\/p>\n<p>&nbsp;<\/p>\n<p>&nbsp;<\/p>\n<p><a href=\"https:\/\/blogs.diariosur.es\/tormentas-y-rayos\/2014\/10\/12\/en-la-vida-no-se-trata-de-esperar-a-que-la-tormenta-pase-sino-de-aprender-a-bailar-bajo-la-lluvia-anonimo\/miguel-cabrera-4\/\" rel=\"attachment wp-att-9838\"><img loading=\"lazy\" class=\"aligncenter size-full wp-image-9838\" title=\"miguel cabrera\" src=\"\/tormentas-y-rayos\/wp-content\/uploads\/sites\/12\/2014\/10\/miguel-cabrera.jpg\" alt=\"\" width=\"640\" height=\"201\" \/><\/a><\/p>\n<p>&nbsp;<\/p>\n<p>&nbsp;<\/p>\n<p><a href=\"https:\/\/blogs.diariosur.es\/tormentas-y-rayos\/2014\/10\/12\/en-la-vida-no-se-trata-de-esperar-a-que-la-tormenta-pase-sino-de-aprender-a-bailar-bajo-la-lluvia-anonimo\/miguel-2\/\" rel=\"attachment wp-att-9839\"><img loading=\"lazy\" class=\"aligncenter size-full wp-image-9839\" title=\"miguel\" src=\"\/tormentas-y-rayos\/wp-content\/uploads\/sites\/12\/2014\/10\/miguel.jpg\" alt=\"\" width=\"425\" height=\"645\" srcset=\"https:\/\/static-blogs.diariosur.es\/wp-content\/uploads\/sites\/12\/2014\/10\/miguel.jpg 425w, https:\/\/static-blogs.diariosur.es\/wp-content\/uploads\/sites\/12\/2014\/10\/miguel-264x400.jpg 264w\" sizes=\"(max-width: 425px) 100vw, 425px\" \/><\/a><\/p>\n<p>&nbsp;<\/p>\n","protected":false},"excerpt":{"rendered":"<p>&nbsp; ULTIMA HORA: Buen moco verde que deja lluvias moderadas en casi toda la provincia malague\u00f1a. El radar impresionante. Lo mismo entramos en aviso amarillo. &nbsp; Buenos dias amigos de la meteo, son las siete menos cuarto \u00a0de la ma\u00f1ana, registro 21 grados y la lluvia es la protagonista. Esta frase del titulo me encanta, [&hellip;]<\/p>\n","protected":false},"author":16,"featured_media":9850,"comment_status":"open","ping_status":"open","sticky":false,"template":"","format":"standard","meta":[],"categories":[2],"tags":[569,587,827,828],"_links":{"self":[{"href":"https:\/\/blogs.diariosur.es\/tormentas-y-rayos\/wp-json\/wp\/v2\/posts\/9837"}],"collection":[{"href":"https:\/\/blogs.diariosur.es\/tormentas-y-rayos\/wp-json\/wp\/v2\/posts"}],"about":[{"href":"https:\/\/blogs.diariosur.es\/tormentas-y-rayos\/wp-json\/wp\/v2\/types\/post"}],"author":[{"embeddable":true,"href":"https:\/\/blogs.diariosur.es\/tormentas-y-rayos\/wp-json\/wp\/v2\/users\/16"}],"replies":[{"embeddable":true,"href":"https:\/\/blogs.diariosur.es\/tormentas-y-rayos\/wp-json\/wp\/v2\/comments?post=9837"}],"version-history":[{"count":0,"href":"https:\/\/blogs.diariosur.es\/tormentas-y-rayos\/wp-json\/wp\/v2\/posts\/9837\/revisions"}],"wp:featuredmedia":[{"embeddable":true,"href":"https:\/\/blogs.diariosur.es\/tormentas-y-rayos\/wp-json\/wp\/v2\/media\/9850"}],"wp:attachment":[{"href":"https:\/\/blogs.diariosur.es\/tormentas-y-rayos\/wp-json\/wp\/v2\/media?parent=9837"}],"wp:term":[{"taxonomy":"category","embeddable":true,"href":"https:\/\/blogs.diariosur.es\/tormentas-y-rayos\/wp-json\/wp\/v2\/categories?post=9837"},{"taxonomy":"post_tag","embeddable":true,"href":"https:\/\/blogs.diariosur.es\/tormentas-y-rayos\/wp-json\/wp\/v2\/tags?post=9837"}],"curies":[{"name":"wp","href":"https:\/\/api.w.org\/{rel}","templated":true}]}}