{"id":9873,"date":"2014-10-14T09:26:07","date_gmt":"2014-10-14T07:26:07","guid":{"rendered":"http:\/\/blogs.diariosur.es\/tormentas-y-rayos\/?p=9873"},"modified":"2014-10-14T09:26:07","modified_gmt":"2014-10-14T07:26:07","slug":"el-frente-deja-una-media-de-20-litros-en-la-provincia-malaguena-el-terral-de-otono-y-el-poniente-protagonistas-hoy-martes-en-la-costa-mediterranea-andaluza","status":"publish","type":"post","link":"https:\/\/blogs.diariosur.es\/tormentas-y-rayos\/2014\/10\/14\/el-frente-deja-una-media-de-20-litros-en-la-provincia-malaguena-el-terral-de-otono-y-el-poniente-protagonistas-hoy-martes-en-la-costa-mediterranea-andaluza\/","title":{"rendered":"El frente deja una media de 20 litros en la Provincia Malague\u00f1a. El terral de oto\u00f1o y el poniente protagonistas hoy martes en la Costa Mediterr\u00e1nea Andaluza."},"content":{"rendered":"<p><img loading=\"lazy\" class=\"aligncenter\" src=\"https:\/\/farm6.staticflickr.com\/5566\/14568830453_8e0522e3fc_q.jpg\" alt=\"\" width=\"150\" height=\"150\" \/><\/p>\n<p>&nbsp;<\/p>\n<p>&nbsp;<\/p>\n<p>&nbsp;<\/p>\n<p>&nbsp;<\/p>\n<p><strong>Buenos dias amigos de la meteo, son las ocho menos veinte de la ma\u00f1ana de la ma\u00f1ana, registro 16 grados y los cielos est\u00e1n nubosos. Dentro de un par de horas el terral de oto\u00f1o y el poniente soplaran con rachas de \u00a0moderadas a fuertes en las Costas\u00a0Mediterr\u00e1neas\u00a0Andaluzas. De caer algo seria a consecuencia de algunos chubascos posfrontales.<\/strong><\/p>\n<p><strong>Con vuestro permiso tiro para la playa para fotografiar el amanecer, no espero gran cosa&#8230;.. pero por si acaso.<\/strong><\/p>\n<p><strong>Ya de vuelta amigos, nada del otro mundo, simplemente se veia aun al \u00a0frente que nos ha afectado por la zona del Mar de Albor\u00e1n y Granada.<\/strong><\/p>\n<p><a href=\"https:\/\/blogs.diariosur.es\/tormentas-y-rayos\/2014\/10\/14\/el-frente-deja-una-media-de-20-litros-en-la-provincia-malaguena-el-terral-de-otono-y-el-poniente-protagonistas-hoy-martes-en-la-costa-mediterranea-andaluza\/aa-2\/\" rel=\"attachment wp-att-9878\"><img loading=\"lazy\" class=\"aligncenter size-full wp-image-9878\" title=\"aa\" src=\"\/tormentas-y-rayos\/wp-content\/uploads\/sites\/12\/2014\/10\/aa.jpg\" alt=\"\" width=\"640\" height=\"339\" \/><\/a><\/p>\n<p>&nbsp;<\/p>\n<p><a href=\"https:\/\/blogs.diariosur.es\/tormentas-y-rayos\/2014\/10\/14\/el-frente-deja-una-media-de-20-litros-en-la-provincia-malaguena-el-terral-de-otono-y-el-poniente-protagonistas-hoy-martes-en-la-costa-mediterranea-andaluza\/_dsc5006\/\" rel=\"attachment wp-att-9879\"><img loading=\"lazy\" class=\"aligncenter size-full wp-image-9879\" title=\"_DSC5006\" src=\"\/tormentas-y-rayos\/wp-content\/uploads\/sites\/12\/2014\/10\/DSC5006.jpg\" alt=\"\" width=\"640\" height=\"427\" srcset=\"https:\/\/static-blogs.diariosur.es\/wp-content\/uploads\/sites\/12\/2014\/10\/DSC5006.jpg 640w, https:\/\/static-blogs.diariosur.es\/wp-content\/uploads\/sites\/12\/2014\/10\/DSC5006-600x400.jpg 600w\" sizes=\"(max-width: 640px) 100vw, 640px\" \/><\/a><\/p>\n<p>&nbsp;<\/p>\n<p><a href=\"https:\/\/blogs.diariosur.es\/tormentas-y-rayos\/2014\/10\/14\/el-frente-deja-una-media-de-20-litros-en-la-provincia-malaguena-el-terral-de-otono-y-el-poniente-protagonistas-hoy-martes-en-la-costa-mediterranea-andaluza\/_dsc5009\/\" rel=\"attachment wp-att-9880\"><img loading=\"lazy\" class=\"aligncenter size-full wp-image-9880\" title=\"_DSC5009\" src=\"\/tormentas-y-rayos\/wp-content\/uploads\/sites\/12\/2014\/10\/DSC5009.jpg\" alt=\"\" width=\"640\" height=\"427\" srcset=\"https:\/\/static-blogs.diariosur.es\/wp-content\/uploads\/sites\/12\/2014\/10\/DSC5009.jpg 640w, https:\/\/static-blogs.diariosur.es\/wp-content\/uploads\/sites\/12\/2014\/10\/DSC5009-600x400.jpg 600w\" sizes=\"(max-width: 640px) 100vw, 640px\" \/><\/a><\/p>\n<p>&nbsp;<\/p>\n<p><strong>En estos momentos cuando son las nueve menos diez no llueve, pero si lo ha hecho durante toda la madrugada. El frente ha dejado una media de 20 litros en toda la Provincia Malague\u00f1a, mi\u00a0pluvi\u00f3metro\u00a0ha contabilizado 19. Destacar que tambi\u00e9n por el interior de la Axarqu\u00eda en algunos puntos han superado los 25 litros, destaca Alfarnatejo con mas de 30 litros. Os paso una imagen del radar de lluvias de M\u00e1laga de esta pasada madrugada. Pedazo de moco.<\/strong><\/p>\n<p><strong> Fuente Aemet.<\/strong><\/p>\n<p><a href=\"https:\/\/blogs.diariosur.es\/tormentas-y-rayos\/2014\/10\/14\/el-frente-deja-una-media-de-20-litros-en-la-provincia-malaguena-el-terral-de-otono-y-el-poniente-protagonistas-hoy-martes-en-la-costa-mediterranea-andaluza\/radar-34\/\" rel=\"attachment wp-att-9874\"><img loading=\"lazy\" class=\"aligncenter size-full wp-image-9874\" title=\"radar\" src=\"\/tormentas-y-rayos\/wp-content\/uploads\/sites\/12\/2014\/10\/radar1.jpg\" alt=\"\" width=\"580\" height=\"623\" srcset=\"https:\/\/static-blogs.diariosur.es\/wp-content\/uploads\/sites\/12\/2014\/10\/radar1.jpg 580w, https:\/\/static-blogs.diariosur.es\/wp-content\/uploads\/sites\/12\/2014\/10\/radar1-372x400.jpg 372w\" sizes=\"(max-width: 580px) 100vw, 580px\" \/><\/a><\/p>\n<p><strong>Muchos\u00a0esper\u00e1bamos mas cantidad de lluvia, sobre todo en nuestra provincia al estar en aviso naranja. Tambi\u00e9n hay que saber\u00a0interpretar\u00a0los avisos y la probabilidad\u00a0que da la Aemet. Os he guardado lo del aviso naranja para que\u00a0ve\u00e1is\u00a0la probabilidad que daba ( 10 al 40 %) .<\/strong><\/p>\n<p><a href=\"https:\/\/blogs.diariosur.es\/tormentas-y-rayos\/2014\/10\/14\/el-frente-deja-una-media-de-20-litros-en-la-provincia-malaguena-el-terral-de-otono-y-el-poniente-protagonistas-hoy-martes-en-la-costa-mediterranea-andaluza\/comorrrr\/\" rel=\"attachment wp-att-9875\"><img loading=\"lazy\" class=\"aligncenter size-full wp-image-9875\" title=\"comorrrr\" src=\"\/tormentas-y-rayos\/wp-content\/uploads\/sites\/12\/2014\/10\/comorrrr.jpg\" alt=\"\" width=\"517\" height=\"475\" srcset=\"https:\/\/static-blogs.diariosur.es\/wp-content\/uploads\/sites\/12\/2014\/10\/comorrrr.jpg 517w, https:\/\/static-blogs.diariosur.es\/wp-content\/uploads\/sites\/12\/2014\/10\/comorrrr-435x400.jpg 435w\" sizes=\"(max-width: 517px) 100vw, 517px\" \/><\/a><\/p>\n<p><strong>En la zona de la Axarquia en algunos puntos han estado cercanos a los 30 litros o m\u00e1s.<\/strong><\/p>\n<p><strong> Tormentas tambi\u00e9n hemos tenido, pero muy poca cosa, os paso el mapa de rayos.<\/strong><\/p>\n<p><a href=\"https:\/\/blogs.diariosur.es\/tormentas-y-rayos\/2014\/10\/14\/el-frente-deja-una-media-de-20-litros-en-la-provincia-malaguena-el-terral-de-otono-y-el-poniente-protagonistas-hoy-martes-en-la-costa-mediterranea-andaluza\/rayo1\/\" rel=\"attachment wp-att-9876\"><img loading=\"lazy\" class=\"aligncenter size-full wp-image-9876\" title=\"rayo1\" src=\"\/tormentas-y-rayos\/wp-content\/uploads\/sites\/12\/2014\/10\/rayo1.jpg\" alt=\"\" width=\"527\" height=\"585\" srcset=\"https:\/\/static-blogs.diariosur.es\/wp-content\/uploads\/sites\/12\/2014\/10\/rayo1.jpg 527w, https:\/\/static-blogs.diariosur.es\/wp-content\/uploads\/sites\/12\/2014\/10\/rayo1-360x400.jpg 360w\" sizes=\"(max-width: 527px) 100vw, 527px\" \/><\/a><\/p>\n<p><strong>La AEMET si daba mas probabilidad de tormentas, pero asi es la meteo amigos. Se esperaba que el frente se reactivase al llegar a la Costa Malague\u00f1a, el por qu\u00e9 no se ha reactivado no lo tengo muy claro, lo mismo es que porque no ha entrado sureste. La verdad que no lo se. De todas formas lo principal es que no hemos tenido da\u00f1os materiales y el campo lo ha agradecido un mont\u00f3n.<\/strong><\/p>\n<p><strong>Os paso la probabilidad de tormentas que estaban previstas. Fuente Aemet.<\/strong><\/p>\n<p>&nbsp;<\/p>\n<p><a href=\"https:\/\/blogs.diariosur.es\/tormentas-y-rayos\/2014\/10\/14\/el-frente-deja-una-media-de-20-litros-en-la-provincia-malaguena-el-terral-de-otono-y-el-poniente-protagonistas-hoy-martes-en-la-costa-mediterranea-andaluza\/tormentas-3\/\" rel=\"attachment wp-att-9877\"><img loading=\"lazy\" class=\"aligncenter size-medium wp-image-9877\" title=\"tormentas\" src=\"\/tormentas-y-rayos\/wp-content\/uploads\/sites\/12\/2014\/10\/tormentas.jpg\" alt=\"\" width=\"600\" height=\"248\" srcset=\"https:\/\/static-blogs.diariosur.es\/wp-content\/uploads\/sites\/12\/2014\/10\/tormentas.jpg 755w, https:\/\/static-blogs.diariosur.es\/wp-content\/uploads\/sites\/12\/2014\/10\/tormentas-640x265.jpg 640w\" sizes=\"(max-width: 600px) 100vw, 600px\" \/><\/a><\/p>\n<p><strong>La ciclog\u00e9nesis explosiva ya se ha dado, la borrasca que se ha formado es una pasada. Fuenete Metogalicia\u00a0<\/strong><\/p>\n<p>&nbsp;<\/p>\n<p><a href=\"https:\/\/blogs.diariosur.es\/tormentas-y-rayos\/2014\/10\/14\/el-frente-deja-una-media-de-20-litros-en-la-provincia-malaguena-el-terral-de-otono-y-el-poniente-protagonistas-hoy-martes-en-la-costa-mediterranea-andaluza\/ciclogene\/\" rel=\"attachment wp-att-9882\"><img loading=\"lazy\" class=\"aligncenter size-medium wp-image-9882\" title=\"ciclogene\" src=\"\/tormentas-y-rayos\/wp-content\/uploads\/sites\/12\/2014\/10\/ciclogene.jpg\" alt=\"\" width=\"555\" height=\"400\" srcset=\"https:\/\/static-blogs.diariosur.es\/wp-content\/uploads\/sites\/12\/2014\/10\/ciclogene.jpg 759w, https:\/\/static-blogs.diariosur.es\/wp-content\/uploads\/sites\/12\/2014\/10\/ciclogene-555x400.jpg 555w\" sizes=\"(max-width: 555px) 100vw, 555px\" \/><\/a><\/p>\n<p>&nbsp;<\/p>\n<p>&nbsp;<\/p>\n<p><strong>Las olas han superado los 17 metros de altura. La zona de las Islas Azores les llegara el mar de fondo con olas cercanas a los 10 metros. Incluso para ma\u00f1ana se espera que la mar de fondo afecte al noroeste de Galicia con olas de 5 metros. Tambi\u00e9n hay posibilidad de llegue esa mar de fondo a Canarias. Os paso la nota informativa de la Aemet.\u00a0<\/strong><\/p>\n<p><strong>Os dejo, que hoy libro .<\/strong><\/p>\n<p>&nbsp;<\/p>\n<p><a href=\"https:\/\/blogs.diariosur.es\/tormentas-y-rayos\/2014\/10\/14\/el-frente-deja-una-media-de-20-litros-en-la-provincia-malaguena-el-terral-de-otono-y-el-poniente-protagonistas-hoy-martes-en-la-costa-mediterranea-andaluza\/captura-473\/\" rel=\"attachment wp-att-9881\"><img loading=\"lazy\" class=\"aligncenter size-large wp-image-9881\" title=\"Captura\" src=\"\/tormentas-y-rayos\/wp-content\/uploads\/sites\/12\/2014\/10\/Captura24.jpg\" alt=\"\" width=\"608\" height=\"600\" srcset=\"https:\/\/static-blogs.diariosur.es\/wp-content\/uploads\/sites\/12\/2014\/10\/Captura24.jpg 754w, https:\/\/static-blogs.diariosur.es\/wp-content\/uploads\/sites\/12\/2014\/10\/Captura24-406x400.jpg 406w\" sizes=\"(max-width: 608px) 100vw, 608px\" \/><\/a><\/p>\n<p>&nbsp;<\/p>\n","protected":false},"excerpt":{"rendered":"<p>&nbsp; &nbsp; &nbsp; &nbsp; Buenos dias amigos de la meteo, son las ocho menos veinte de la ma\u00f1ana de la ma\u00f1ana, registro 16 grados y los cielos est\u00e1n nubosos. Dentro de un par de horas el terral de oto\u00f1o y el poniente soplaran con rachas de \u00a0moderadas a fuertes en las Costas\u00a0Mediterr\u00e1neas\u00a0Andaluzas. De caer algo [&hellip;]<\/p>\n","protected":false},"author":16,"featured_media":9883,"comment_status":"open","ping_status":"open","sticky":false,"template":"","format":"standard","meta":[],"categories":[2],"tags":[46,426,568,744,791,975],"_links":{"self":[{"href":"https:\/\/blogs.diariosur.es\/tormentas-y-rayos\/wp-json\/wp\/v2\/posts\/9873"}],"collection":[{"href":"https:\/\/blogs.diariosur.es\/tormentas-y-rayos\/wp-json\/wp\/v2\/posts"}],"about":[{"href":"https:\/\/blogs.diariosur.es\/tormentas-y-rayos\/wp-json\/wp\/v2\/types\/post"}],"author":[{"embeddable":true,"href":"https:\/\/blogs.diariosur.es\/tormentas-y-rayos\/wp-json\/wp\/v2\/users\/16"}],"replies":[{"embeddable":true,"href":"https:\/\/blogs.diariosur.es\/tormentas-y-rayos\/wp-json\/wp\/v2\/comments?post=9873"}],"version-history":[{"count":0,"href":"https:\/\/blogs.diariosur.es\/tormentas-y-rayos\/wp-json\/wp\/v2\/posts\/9873\/revisions"}],"wp:featuredmedia":[{"embeddable":true,"href":"https:\/\/blogs.diariosur.es\/tormentas-y-rayos\/wp-json\/wp\/v2\/media\/9883"}],"wp:attachment":[{"href":"https:\/\/blogs.diariosur.es\/tormentas-y-rayos\/wp-json\/wp\/v2\/media?parent=9873"}],"wp:term":[{"taxonomy":"category","embeddable":true,"href":"https:\/\/blogs.diariosur.es\/tormentas-y-rayos\/wp-json\/wp\/v2\/categories?post=9873"},{"taxonomy":"post_tag","embeddable":true,"href":"https:\/\/blogs.diariosur.es\/tormentas-y-rayos\/wp-json\/wp\/v2\/tags?post=9873"}],"curies":[{"name":"wp","href":"https:\/\/api.w.org\/{rel}","templated":true}]}}