{"id":9884,"date":"2014-10-15T07:29:12","date_gmt":"2014-10-15T05:29:12","guid":{"rendered":"http:\/\/blogs.diariosur.es\/tormentas-y-rayos\/?p=9884"},"modified":"2014-10-15T07:29:12","modified_gmt":"2014-10-15T05:29:12","slug":"prevision-tiempo-el-frente-generado-por-la-borrasca-margit-que-tuvo-un-proceso-de-ciclogenesis-explosiva-trae-lluvias-abundantes-al-noroeste-peninsular-terral-de-otono-en-malaga","status":"publish","type":"post","link":"https:\/\/blogs.diariosur.es\/tormentas-y-rayos\/2014\/10\/15\/prevision-tiempo-el-frente-generado-por-la-borrasca-margit-que-tuvo-un-proceso-de-ciclogenesis-explosiva-trae-lluvias-abundantes-al-noroeste-peninsular-terral-de-otono-en-malaga\/","title":{"rendered":"Previsi\u00f3n tiempo. El frente generado por la borrasca Margit que tuvo un proceso de ciclog\u00e9nesis explosiva, trae lluvias abundantes al noroeste peninsular. Terral de oto\u00f1o en M\u00e1laga."},"content":{"rendered":"<p><img loading=\"lazy\" class=\"aligncenter\" src=\"https:\/\/farm3.staticflickr.com\/2898\/14371881571_bbae3518b1_q.jpg\" alt=\"\" width=\"150\" height=\"150\" \/><\/p>\n<p>&nbsp;<\/p>\n<p>&nbsp;<\/p>\n<p>&nbsp;<\/p>\n<p>&nbsp;<\/p>\n<p><strong>Buenos dias amigos de la meteo, \u00a0cuando son las seis de la ma\u00f1ana, registro 17.9 grados y los cielos est\u00e1n algo nubosos.<\/strong><\/p>\n<p><strong> Ya\u00a0hab\u00e9is\u00a0comprobado que no hemos tenido\u00a0ning\u00fan\u00a0tornado, en el wassap no paraba de recibir mensajes y procure contestar a todos, incluso en mi muro de facebook puse lo del bulo. El capull@ que se dedica a esto manda huevis.<\/strong><\/p>\n<p><strong>Tambi\u00e9n\u00a0alg\u00fan\u00a0medio informativo comentaba que la ciclog\u00e9nesis llegaba a la\u00a0pen\u00ednsula, en\u00a0ning\u00fan\u00a0caso una ciclog\u00e9nesis llega a\u00a0ning\u00fan\u00a0sitio. Una ciclog\u00e9nesis es un proceso que tiene una borrasca cuando su presi\u00f3n baja mucho y muy\u00a0r\u00e1pidamente. Asi que tranquilidad.\u00a0<\/strong><\/p>\n<p><a href=\"https:\/\/blogs.diariosur.es\/tormentas-y-rayos\/2014\/10\/15\/prevision-tiempo-el-frente-generado-por-la-borrasca-margit-que-tuvo-un-proceso-de-ciclogenesis-explosiva-trae-lluvias-abundantes-al-noroeste-peninsular-terral-de-otono-en-malaga\/captura-474\/\" rel=\"attachment wp-att-9904\"><img loading=\"lazy\" class=\"aligncenter size-medium wp-image-9904\" title=\"Captura\" src=\"\/tormentas-y-rayos\/wp-content\/uploads\/sites\/12\/2014\/10\/Captura25.jpg\" alt=\"\" width=\"563\" height=\"400\" srcset=\"https:\/\/static-blogs.diariosur.es\/wp-content\/uploads\/sites\/12\/2014\/10\/Captura25.jpg 751w, https:\/\/static-blogs.diariosur.es\/wp-content\/uploads\/sites\/12\/2014\/10\/Captura25-564x400.jpg 564w\" sizes=\"(max-width: 563px) 100vw, 563px\" \/><\/a><\/p>\n<p>&nbsp;<\/p>\n<p><strong>Pues esa que se ve tan enrollada en el \u00a0mapa de arriba es Margit, aunque el mapa es de ayer, mas o menos sigue en el mismo lugar y casi con la misma presi\u00f3n. Esta borrasca ha generado un frente que afecta en estos momentos a Galicia y el\u00a0Cant\u00e1brico. Trae lluvias moderadas que\u00a0seguir\u00e1n\u00a0durante el\u00a0d\u00eda\u00a0de hoy asi como ma\u00f1ana jueves. La mar de fondo\u00a0tambi\u00e9n\u00a0sera la protagonista, se esperan olas de 4 metros o mas. Por todo esto la aemet ha\u00a0activado el aviso amarillo hoy por lluvias y\u00a0fen\u00f3menos\u00a0costeros en Galicia. En Castilla y Le\u00f3n y norte de Extremadura tambi\u00e9n se activa el aviso. <\/strong><\/p>\n<p><strong>Os paso una imagen reciente del\u00a0sat\u00e9lite\u00a0eumetsat fuente meteogalicia.<\/strong><\/p>\n<p><a href=\"https:\/\/blogs.diariosur.es\/tormentas-y-rayos\/2014\/10\/15\/prevision-tiempo-el-frente-generado-por-la-borrasca-margit-que-tuvo-un-proceso-de-ciclogenesis-explosiva-trae-lluvias-abundantes-al-noroeste-peninsular-terral-de-otono-en-malaga\/captura-475\/\" rel=\"attachment wp-att-9905\"><img loading=\"lazy\" class=\"aligncenter size-medium wp-image-9905\" title=\"Captura\" src=\"\/tormentas-y-rayos\/wp-content\/uploads\/sites\/12\/2014\/10\/Captura26.jpg\" alt=\"\" width=\"544\" height=\"400\" srcset=\"https:\/\/static-blogs.diariosur.es\/wp-content\/uploads\/sites\/12\/2014\/10\/Captura26.jpg 750w, https:\/\/static-blogs.diariosur.es\/wp-content\/uploads\/sites\/12\/2014\/10\/Captura26-544x400.jpg 544w\" sizes=\"(max-width: 544px) 100vw, 544px\" \/><\/a><\/p>\n<p>&nbsp;<\/p>\n<p><strong>Como\u00a0pod\u00e9is\u00a0comprobar en la imagen de arriba, la cola del frente viene muy desgastada. En la zona occidental Andaluza hay posibilidad de chubascos\u00a0<\/strong><strong>espor\u00e1dicos. <span style=\"color: #ff00ff;\">En M\u00e1laga Capital el terral de oto\u00f1o soplara de flojo a moderado, la\u00a0m\u00e1xima\u00a0puede pasar de los 26 grados.<\/span><\/strong><\/p>\n<p><strong> Y poco mas que contar amigos, ma\u00f1ana si tenemos algo interesante actualizare el blog.<span><span style=\"color: #ff0000;\"> Os adelanto que para el viernes la dorsal Africana tomara protagonismo en\u00a0Andaluc\u00eda. Las\u00a0m\u00e1ximas\u00a0rondaran los 30 grados en el Valle del\u00a0Guadalquivir el\u00a0pr\u00f3ximo\u00a0fin de semana.<\/span><\/span><\/strong><\/p>\n<p>&nbsp;<\/p>\n<p><strong>Os hago un peque\u00f1o resumen en fotos de ayer martes.<\/strong><\/p>\n<p><strong>La\u00a0m\u00ednima\u00a0fue de 15.5 grados y la\u00a0m\u00e1xima\u00a0de 23.5, a primera hora de la ma\u00f1ana me fui a fotografiar el amanecer, aun se\u00a0ve\u00eda\u00a0el frente fr\u00edo\u00a0abandonando\u00a0la Provincia\u00a0Malague\u00f1a. Un amanecer muy soso.<\/strong><\/p>\n<p>&nbsp;<\/p>\n<p>&nbsp;<\/p>\n<p><img loading=\"lazy\" class=\"aligncenter\" src=\"\/tormentas-y-rayos\/wp-content\/uploads\/sites\/12\/2014\/10\/DSC5009.jpg\" alt=\"\" width=\"600\" height=\"400\" \/><\/p>\n<p>&nbsp;<\/p>\n<p>&nbsp;<\/p>\n<p>&nbsp;<\/p>\n<p>&nbsp;<\/p>\n<p><strong>Donde<\/strong><strong>\u00a0el amanecer si fue bonito era en Marbella, nuestro amigo Jose Luis Gil lo\u00a0<strong>fotografiaba magistralmente.<\/strong><\/strong><\/p>\n<p><img loading=\"lazy\" class=\"aligncenter size-full wp-image-9885\" title=\"jose luis gil\" src=\"\/tormentas-y-rayos\/wp-content\/uploads\/sites\/12\/2014\/10\/jose-luis-gil7.jpg\" alt=\"\" width=\"640\" height=\"360\" \/><\/p>\n<p>&nbsp;<\/p>\n<p><strong>Sobre las diez y media de la ma\u00f1ana, de nuevo tire para la playa, el\u00a0d\u00eda\u00a0invitaba a pasear para cargar las pilas.<\/strong><\/p>\n<p><a href=\"https:\/\/blogs.diariosur.es\/tormentas-y-rayos\/2014\/10\/15\/prevision-tiempo-el-frente-generado-por-la-borrasca-margit-que-tuvo-un-proceso-de-ciclogenesis-explosiva-trae-lluvias-abundantes-al-noroeste-peninsular-terral-de-otono-en-malaga\/_dsc5023\/\" rel=\"attachment wp-att-9889\"><img loading=\"lazy\" class=\"aligncenter size-full wp-image-9889\" title=\"_DSC5023\" src=\"\/tormentas-y-rayos\/wp-content\/uploads\/sites\/12\/2014\/10\/DSC5023.jpg\" alt=\"\" width=\"640\" height=\"427\" srcset=\"https:\/\/static-blogs.diariosur.es\/wp-content\/uploads\/sites\/12\/2014\/10\/DSC5023.jpg 640w, https:\/\/static-blogs.diariosur.es\/wp-content\/uploads\/sites\/12\/2014\/10\/DSC5023-600x400.jpg 600w\" sizes=\"(max-width: 640px) 100vw, 640px\" \/><\/a><\/p>\n<p>&nbsp;<\/p>\n<p>&nbsp;<\/p>\n<p><strong>Enseguida los primeros chubascos posfrontales\u00a0aparec\u00edan\u00a0en la Provincia Ma<\/strong><strong>lague\u00f1a y Granadina.\u00a0<\/strong><\/p>\n<p><a href=\"https:\/\/blogs.diariosur.es\/tormentas-y-rayos\/2014\/10\/15\/prevision-tiempo-el-frente-generado-por-la-borrasca-margit-que-tuvo-un-proceso-de-ciclogenesis-explosiva-trae-lluvias-abundantes-al-noroeste-peninsular-terral-de-otono-en-malaga\/10599488_10203772602974498_6343904622496145096_n\/\" rel=\"attachment wp-att-9890\"><img loading=\"lazy\" class=\"aligncenter size-large wp-image-9890\" title=\"10599488_10203772602974498_6343904622496145096_n\" src=\"\/tormentas-y-rayos\/wp-content\/uploads\/sites\/12\/2014\/10\/10599488_10203772602974498_6343904622496145096_n.jpg\" alt=\"\" width=\"337\" height=\"600\" srcset=\"https:\/\/static-blogs.diariosur.es\/wp-content\/uploads\/sites\/12\/2014\/10\/10599488_10203772602974498_6343904622496145096_n.jpg 540w, https:\/\/static-blogs.diariosur.es\/wp-content\/uploads\/sites\/12\/2014\/10\/10599488_10203772602974498_6343904622496145096_n-225x400.jpg 225w\" sizes=\"(max-width: 337px) 100vw, 337px\" \/><\/a><\/p>\n<p>&nbsp;<\/p>\n<p>&nbsp;<\/p>\n<p><a href=\"https:\/\/blogs.diariosur.es\/tormentas-y-rayos\/2014\/10\/15\/prevision-tiempo-el-frente-generado-por-la-borrasca-margit-que-tuvo-un-proceso-de-ciclogenesis-explosiva-trae-lluvias-abundantes-al-noroeste-peninsular-terral-de-otono-en-malaga\/_dsc5012\/\" rel=\"attachment wp-att-9891\"><img loading=\"lazy\" class=\"aligncenter size-full wp-image-9891\" title=\"_DSC5012\" src=\"\/tormentas-y-rayos\/wp-content\/uploads\/sites\/12\/2014\/10\/DSC5012.jpg\" alt=\"\" width=\"640\" height=\"427\" srcset=\"https:\/\/static-blogs.diariosur.es\/wp-content\/uploads\/sites\/12\/2014\/10\/DSC5012.jpg 640w, https:\/\/static-blogs.diariosur.es\/wp-content\/uploads\/sites\/12\/2014\/10\/DSC5012-600x400.jpg 600w\" sizes=\"(max-width: 640px) 100vw, 640px\" \/><\/a><\/p>\n<p>&nbsp;<\/p>\n<p>&nbsp;<\/p>\n<p><a href=\"https:\/\/blogs.diariosur.es\/tormentas-y-rayos\/2014\/10\/15\/prevision-tiempo-el-frente-generado-por-la-borrasca-margit-que-tuvo-un-proceso-de-ciclogenesis-explosiva-trae-lluvias-abundantes-al-noroeste-peninsular-terral-de-otono-en-malaga\/_dsc5017\/\" rel=\"attachment wp-att-9895\"><img loading=\"lazy\" class=\"aligncenter size-full wp-image-9895\" title=\"_DSC5017\" src=\"\/tormentas-y-rayos\/wp-content\/uploads\/sites\/12\/2014\/10\/DSC5017.jpg\" alt=\"\" width=\"450\" height=\"674\" srcset=\"https:\/\/static-blogs.diariosur.es\/wp-content\/uploads\/sites\/12\/2014\/10\/DSC5017.jpg 450w, https:\/\/static-blogs.diariosur.es\/wp-content\/uploads\/sites\/12\/2014\/10\/DSC5017-267x400.jpg 267w\" sizes=\"(max-width: 450px) 100vw, 450px\" \/><\/a><\/p>\n<p>&nbsp;<\/p>\n<p>&nbsp;<\/p>\n<p>&nbsp;<\/p>\n<p><a href=\"https:\/\/blogs.diariosur.es\/tormentas-y-rayos\/2014\/10\/15\/prevision-tiempo-el-frente-generado-por-la-borrasca-margit-que-tuvo-un-proceso-de-ciclogenesis-explosiva-trae-lluvias-abundantes-al-noroeste-peninsular-terral-de-otono-en-malaga\/_dsc5013\/\" rel=\"attachment wp-att-9896\"><img loading=\"lazy\" class=\"aligncenter size-full wp-image-9896\" title=\"_DSC5013\" src=\"\/tormentas-y-rayos\/wp-content\/uploads\/sites\/12\/2014\/10\/DSC5013.jpg\" alt=\"\" width=\"640\" height=\"427\" srcset=\"https:\/\/static-blogs.diariosur.es\/wp-content\/uploads\/sites\/12\/2014\/10\/DSC5013.jpg 640w, https:\/\/static-blogs.diariosur.es\/wp-content\/uploads\/sites\/12\/2014\/10\/DSC5013-600x400.jpg 600w\" sizes=\"(max-width: 640px) 100vw, 640px\" \/><\/a><\/p>\n<p>&nbsp;<\/p>\n<p><a href=\"https:\/\/blogs.diariosur.es\/tormentas-y-rayos\/2014\/10\/15\/prevision-tiempo-el-frente-generado-por-la-borrasca-margit-que-tuvo-un-proceso-de-ciclogenesis-explosiva-trae-lluvias-abundantes-al-noroeste-peninsular-terral-de-otono-en-malaga\/_dsc5027\/\" rel=\"attachment wp-att-9892\"><img loading=\"lazy\" class=\"aligncenter size-full wp-image-9892\" title=\"_DSC5027\" src=\"\/tormentas-y-rayos\/wp-content\/uploads\/sites\/12\/2014\/10\/DSC5027.jpg\" alt=\"\" width=\"640\" height=\"427\" srcset=\"https:\/\/static-blogs.diariosur.es\/wp-content\/uploads\/sites\/12\/2014\/10\/DSC5027.jpg 640w, https:\/\/static-blogs.diariosur.es\/wp-content\/uploads\/sites\/12\/2014\/10\/DSC5027-600x400.jpg 600w\" sizes=\"(max-width: 640px) 100vw, 640px\" \/><\/a><\/p>\n<p>&nbsp;<\/p>\n<p>&nbsp;<\/p>\n<p><strong>Sobre las once y media, el terral de oto\u00f1o\u00a0empez\u00f3\u00a0a soplar moderado, el cielo con estos altocumulus lenticularis eran prueba de este viento, que como todos\u00a0sab\u00e9is\u00a0es el escultor de nubes. De todas formas no duraron mucho.<\/strong><\/p>\n<p><a href=\"https:\/\/blogs.diariosur.es\/tormentas-y-rayos\/2014\/10\/15\/prevision-tiempo-el-frente-generado-por-la-borrasca-margit-que-tuvo-un-proceso-de-ciclogenesis-explosiva-trae-lluvias-abundantes-al-noroeste-peninsular-terral-de-otono-en-malaga\/_dsc5033\/\" rel=\"attachment wp-att-9893\"><img loading=\"lazy\" class=\"aligncenter size-full wp-image-9893\" title=\"_DSC5033\" src=\"\/tormentas-y-rayos\/wp-content\/uploads\/sites\/12\/2014\/10\/DSC5033.jpg\" alt=\"\" width=\"640\" height=\"427\" srcset=\"https:\/\/static-blogs.diariosur.es\/wp-content\/uploads\/sites\/12\/2014\/10\/DSC5033.jpg 640w, https:\/\/static-blogs.diariosur.es\/wp-content\/uploads\/sites\/12\/2014\/10\/DSC5033-600x400.jpg 600w\" sizes=\"(max-width: 640px) 100vw, 640px\" \/><\/a><\/p>\n<p>&nbsp;<\/p>\n<p>&nbsp;<\/p>\n<p>&nbsp;<\/p>\n<p>&nbsp;<\/p>\n<p><a href=\"https:\/\/blogs.diariosur.es\/tormentas-y-rayos\/2014\/10\/15\/prevision-tiempo-el-frente-generado-por-la-borrasca-margit-que-tuvo-un-proceso-de-ciclogenesis-explosiva-trae-lluvias-abundantes-al-noroeste-peninsular-terral-de-otono-en-malaga\/_dsc5034\/\" rel=\"attachment wp-att-9894\"><img loading=\"lazy\" class=\"aligncenter size-full wp-image-9894\" title=\"_DSC5034\" src=\"\/tormentas-y-rayos\/wp-content\/uploads\/sites\/12\/2014\/10\/DSC5034.jpg\" alt=\"\" width=\"640\" height=\"397\" \/><\/a><\/p>\n<p>&nbsp;<\/p>\n<p>&nbsp;<\/p>\n<p>&nbsp;<\/p>\n<p><strong>Sobre las dos de la tarde me\u00a0encontr\u00e9 con cinco \u00a0fanes de mi blog jijijijiji\u00a0. Mis amigas Ana Rodriguez y su hijo , Carmen Clavero, y mi hija Lidia con mi nieta Leila. Aunque aun esta en la barriguita, \u00a0el dia pasado con la tormenta me ha dicho mi hija Leila \u00a0disfruto un mont\u00f3n.<\/strong><\/p>\n<p>&nbsp;<\/p>\n<p><a href=\"https:\/\/blogs.diariosur.es\/tormentas-y-rayos\/2014\/10\/15\/prevision-tiempo-el-frente-generado-por-la-borrasca-margit-que-tuvo-un-proceso-de-ciclogenesis-explosiva-trae-lluvias-abundantes-al-noroeste-peninsular-terral-de-otono-en-malaga\/10257175_10203777704662037_8699624881096708698_o_1\/\" rel=\"attachment wp-att-9898\"><img loading=\"lazy\" class=\"aligncenter size-full wp-image-9898\" title=\"10257175_10203777704662037_8699624881096708698_o_1\" src=\"\/tormentas-y-rayos\/wp-content\/uploads\/sites\/12\/2014\/10\/10257175_10203777704662037_8699624881096708698_o_1.jpg\" alt=\"\" width=\"640\" height=\"500\" srcset=\"https:\/\/static-blogs.diariosur.es\/wp-content\/uploads\/sites\/12\/2014\/10\/10257175_10203777704662037_8699624881096708698_o_1.jpg 640w, https:\/\/static-blogs.diariosur.es\/wp-content\/uploads\/sites\/12\/2014\/10\/10257175_10203777704662037_8699624881096708698_o_1-512x400.jpg 512w\" sizes=\"(max-width: 640px) 100vw, 640px\" \/><\/a><\/p>\n<p>&nbsp;<\/p>\n<p>&nbsp;<\/p>\n<p><strong>Por la tarde los cumulus eran los protagonistas.<\/strong><\/p>\n<p>&nbsp;<\/p>\n<p><a href=\"https:\/\/blogs.diariosur.es\/tormentas-y-rayos\/2014\/10\/15\/prevision-tiempo-el-frente-generado-por-la-borrasca-margit-que-tuvo-un-proceso-de-ciclogenesis-explosiva-trae-lluvias-abundantes-al-noroeste-peninsular-terral-de-otono-en-malaga\/_dsc5035\/\" rel=\"attachment wp-att-9897\"><img loading=\"lazy\" class=\"aligncenter size-full wp-image-9897\" title=\"_DSC5035\" src=\"\/tormentas-y-rayos\/wp-content\/uploads\/sites\/12\/2014\/10\/DSC5035.jpg\" alt=\"\" width=\"640\" height=\"427\" srcset=\"https:\/\/static-blogs.diariosur.es\/wp-content\/uploads\/sites\/12\/2014\/10\/DSC5035.jpg 640w, https:\/\/static-blogs.diariosur.es\/wp-content\/uploads\/sites\/12\/2014\/10\/DSC5035-600x400.jpg 600w\" sizes=\"(max-width: 640px) 100vw, 640px\" \/><\/a><\/p>\n<p>&nbsp;<\/p>\n<p>&nbsp;<\/p>\n<p><strong>Casi a la misma hora, mi amiga Maricarmen Parra los fotografiaba muy bien desde Archidona.<\/strong><\/p>\n<p><a href=\"https:\/\/blogs.diariosur.es\/tormentas-y-rayos\/2014\/10\/15\/prevision-tiempo-el-frente-generado-por-la-borrasca-margit-que-tuvo-un-proceso-de-ciclogenesis-explosiva-trae-lluvias-abundantes-al-noroeste-peninsular-terral-de-otono-en-malaga\/maricarmen-parra-gil-8\/\" rel=\"attachment wp-att-9903\"><img loading=\"lazy\" class=\"aligncenter size-full wp-image-9903\" title=\"maricarmen parra gil\" src=\"\/tormentas-y-rayos\/wp-content\/uploads\/sites\/12\/2014\/10\/maricarmen-parra-gil.jpg\" alt=\"\" width=\"640\" height=\"480\" srcset=\"https:\/\/static-blogs.diariosur.es\/wp-content\/uploads\/sites\/12\/2014\/10\/maricarmen-parra-gil.jpg 640w, https:\/\/static-blogs.diariosur.es\/wp-content\/uploads\/sites\/12\/2014\/10\/maricarmen-parra-gil-533x400.jpg 533w\" sizes=\"(max-width: 640px) 100vw, 640px\" \/><\/a><\/p>\n<p>&nbsp;<\/p>\n<p><strong>Daniel Kema desde la zona de la Universidad.<\/strong><\/p>\n<p><a href=\"https:\/\/blogs.diariosur.es\/tormentas-y-rayos\/2014\/10\/15\/prevision-tiempo-el-frente-generado-por-la-borrasca-margit-que-tuvo-un-proceso-de-ciclogenesis-explosiva-trae-lluvias-abundantes-al-noroeste-peninsular-terral-de-otono-en-malaga\/10710635_10203298087309170_9131466882527161128_n-2\/\" rel=\"attachment wp-att-9907\"><img loading=\"lazy\" class=\"aligncenter size-medium wp-image-9907\" title=\"10710635_10203298087309170_9131466882527161128_n\" src=\"\/tormentas-y-rayos\/wp-content\/uploads\/sites\/12\/2014\/10\/10710635_10203298087309170_9131466882527161128_n1.jpg\" alt=\"\" width=\"600\" height=\"258\" srcset=\"https:\/\/static-blogs.diariosur.es\/wp-content\/uploads\/sites\/12\/2014\/10\/10710635_10203298087309170_9131466882527161128_n1.jpg 928w, https:\/\/static-blogs.diariosur.es\/wp-content\/uploads\/sites\/12\/2014\/10\/10710635_10203298087309170_9131466882527161128_n1-640x276.jpg 640w, https:\/\/static-blogs.diariosur.es\/wp-content\/uploads\/sites\/12\/2014\/10\/10710635_10203298087309170_9131466882527161128_n1-768x331.jpg 768w\" sizes=\"(max-width: 600px) 100vw, 600px\" \/><\/a><\/p>\n<p>&nbsp;<\/p>\n<p>&nbsp;<\/p>\n<p>&nbsp;<\/p>\n<p><strong>Os dejo con estas\u00a0preciosas\u00a0fotos que me\u00a0hab\u00e9is\u00a0mandado de ayer martes. Una pasada.<\/strong><\/p>\n<p>&nbsp;<\/p>\n<p><strong>Maria Jose Trujillo captaba este arcoiris producido por los chubascos posfrontales de ayer.<\/strong><\/p>\n<p><a href=\"https:\/\/blogs.diariosur.es\/tormentas-y-rayos\/2014\/10\/15\/prevision-tiempo-el-frente-generado-por-la-borrasca-margit-que-tuvo-un-proceso-de-ciclogenesis-explosiva-trae-lluvias-abundantes-al-noroeste-peninsular-terral-de-otono-en-malaga\/maria-jose-trujillo\/\" rel=\"attachment wp-att-9886\"><img loading=\"lazy\" class=\"aligncenter size-full wp-image-9886\" title=\"maria jose trujillo\" src=\"\/tormentas-y-rayos\/wp-content\/uploads\/sites\/12\/2014\/10\/maria-jose-trujillo.jpg\" alt=\"\" width=\"640\" height=\"480\" srcset=\"https:\/\/static-blogs.diariosur.es\/wp-content\/uploads\/sites\/12\/2014\/10\/maria-jose-trujillo.jpg 640w, https:\/\/static-blogs.diariosur.es\/wp-content\/uploads\/sites\/12\/2014\/10\/maria-jose-trujillo-533x400.jpg 533w\" sizes=\"(max-width: 640px) 100vw, 640px\" \/><\/a><\/p>\n<p>&nbsp;<\/p>\n<p><strong>Maria Jose Moyano Ponce cazaba este bonito cielo cuando se\u00a0pon\u00eda\u00a0el sol. Muy buena foto.<\/strong><\/p>\n<p>&nbsp;<\/p>\n<p><a href=\"https:\/\/blogs.diariosur.es\/tormentas-y-rayos\/2014\/10\/15\/prevision-tiempo-el-frente-generado-por-la-borrasca-margit-que-tuvo-un-proceso-de-ciclogenesis-explosiva-trae-lluvias-abundantes-al-noroeste-peninsular-terral-de-otono-en-malaga\/10676407_305549012981605_4211502447564026826_n_1\/\" rel=\"attachment wp-att-9899\"><img loading=\"lazy\" class=\"aligncenter size-full wp-image-9899\" title=\"10676407_305549012981605_4211502447564026826_n_1\" src=\"\/tormentas-y-rayos\/wp-content\/uploads\/sites\/12\/2014\/10\/10676407_305549012981605_4211502447564026826_n_1.jpg\" alt=\"\" width=\"450\" height=\"600\" srcset=\"https:\/\/static-blogs.diariosur.es\/wp-content\/uploads\/sites\/12\/2014\/10\/10676407_305549012981605_4211502447564026826_n_1.jpg 450w, https:\/\/static-blogs.diariosur.es\/wp-content\/uploads\/sites\/12\/2014\/10\/10676407_305549012981605_4211502447564026826_n_1-300x400.jpg 300w\" sizes=\"(max-width: 450px) 100vw, 450px\" \/><\/a><\/p>\n<p>&nbsp;<\/p>\n<p><strong>Beatriz Maria tambi\u00e9n lo cazaba. Me ha encantado.<\/strong><\/p>\n<p><a href=\"https:\/\/blogs.diariosur.es\/tormentas-y-rayos\/2014\/10\/15\/prevision-tiempo-el-frente-generado-por-la-borrasca-margit-que-tuvo-un-proceso-de-ciclogenesis-explosiva-trae-lluvias-abundantes-al-noroeste-peninsular-terral-de-otono-en-malaga\/beatriz-maria_1-3\/\" rel=\"attachment wp-att-9902\"><img loading=\"lazy\" class=\"aligncenter size-full wp-image-9902\" title=\"Beatriz Maria_1\" src=\"\/tormentas-y-rayos\/wp-content\/uploads\/sites\/12\/2014\/10\/Beatriz-Maria_12.jpg\" alt=\"\" width=\"640\" height=\"480\" srcset=\"https:\/\/static-blogs.diariosur.es\/wp-content\/uploads\/sites\/12\/2014\/10\/Beatriz-Maria_12.jpg 640w, https:\/\/static-blogs.diariosur.es\/wp-content\/uploads\/sites\/12\/2014\/10\/Beatriz-Maria_12-533x400.jpg 533w\" sizes=\"(max-width: 640px) 100vw, 640px\" \/><\/a><\/p>\n<p>&nbsp;<\/p>\n<p><strong>Aurora Pulido, muy bonita tambi\u00e9n.<\/strong><\/p>\n<p><a href=\"https:\/\/blogs.diariosur.es\/tormentas-y-rayos\/2014\/10\/15\/prevision-tiempo-el-frente-generado-por-la-borrasca-margit-que-tuvo-un-proceso-de-ciclogenesis-explosiva-trae-lluvias-abundantes-al-noroeste-peninsular-terral-de-otono-en-malaga\/ayurora-pulido\/\" rel=\"attachment wp-att-9908\"><img loading=\"lazy\" class=\"aligncenter size-full wp-image-9908\" title=\"ayurora pulido\" src=\"\/tormentas-y-rayos\/wp-content\/uploads\/sites\/12\/2014\/10\/ayurora-pulido.jpg\" alt=\"\" width=\"640\" height=\"480\" srcset=\"https:\/\/static-blogs.diariosur.es\/wp-content\/uploads\/sites\/12\/2014\/10\/ayurora-pulido.jpg 640w, https:\/\/static-blogs.diariosur.es\/wp-content\/uploads\/sites\/12\/2014\/10\/ayurora-pulido-533x400.jpg 533w\" sizes=\"(max-width: 640px) 100vw, 640px\" \/><\/a><\/p>\n<p>&nbsp;<\/p>\n","protected":false},"excerpt":{"rendered":"<p>&nbsp; &nbsp; &nbsp; &nbsp; Buenos dias amigos de la meteo, \u00a0cuando son las seis de la ma\u00f1ana, registro 17.9 grados y los cielos est\u00e1n algo nubosos. Ya\u00a0hab\u00e9is\u00a0comprobado que no hemos tenido\u00a0ning\u00fan\u00a0tornado, en el wassap no paraba de recibir mensajes y procure contestar a todos, incluso en mi muro de facebook puse lo del bulo. El [&hellip;]<\/p>\n","protected":false},"author":16,"featured_media":9905,"comment_status":"open","ping_status":"open","sticky":false,"template":"","format":"standard","meta":[],"categories":[2],"tags":[188,252,395,602,809,975,980],"_links":{"self":[{"href":"https:\/\/blogs.diariosur.es\/tormentas-y-rayos\/wp-json\/wp\/v2\/posts\/9884"}],"collection":[{"href":"https:\/\/blogs.diariosur.es\/tormentas-y-rayos\/wp-json\/wp\/v2\/posts"}],"about":[{"href":"https:\/\/blogs.diariosur.es\/tormentas-y-rayos\/wp-json\/wp\/v2\/types\/post"}],"author":[{"embeddable":true,"href":"https:\/\/blogs.diariosur.es\/tormentas-y-rayos\/wp-json\/wp\/v2\/users\/16"}],"replies":[{"embeddable":true,"href":"https:\/\/blogs.diariosur.es\/tormentas-y-rayos\/wp-json\/wp\/v2\/comments?post=9884"}],"version-history":[{"count":0,"href":"https:\/\/blogs.diariosur.es\/tormentas-y-rayos\/wp-json\/wp\/v2\/posts\/9884\/revisions"}],"wp:featuredmedia":[{"embeddable":true,"href":"https:\/\/blogs.diariosur.es\/tormentas-y-rayos\/wp-json\/wp\/v2\/media\/9905"}],"wp:attachment":[{"href":"https:\/\/blogs.diariosur.es\/tormentas-y-rayos\/wp-json\/wp\/v2\/media?parent=9884"}],"wp:term":[{"taxonomy":"category","embeddable":true,"href":"https:\/\/blogs.diariosur.es\/tormentas-y-rayos\/wp-json\/wp\/v2\/categories?post=9884"},{"taxonomy":"post_tag","embeddable":true,"href":"https:\/\/blogs.diariosur.es\/tormentas-y-rayos\/wp-json\/wp\/v2\/tags?post=9884"}],"curies":[{"name":"wp","href":"https:\/\/api.w.org\/{rel}","templated":true}]}}