{"id":9924,"date":"2014-10-17T07:01:25","date_gmt":"2014-10-17T05:01:25","guid":{"rendered":"http:\/\/blogs.diariosur.es\/tormentas-y-rayos\/?p=9924"},"modified":"2014-10-17T07:01:25","modified_gmt":"2014-10-17T05:01:25","slug":"prevision-del-tiempo-vuelve-el-verano-en-muchos-puntos-de-andalucia-se-sobrepasaran-los-30-grados-la-dorsal-africana-protagonista-alora-da-la-maxima-de-andalucia","status":"publish","type":"post","link":"https:\/\/blogs.diariosur.es\/tormentas-y-rayos\/2014\/10\/17\/prevision-del-tiempo-vuelve-el-verano-en-muchos-puntos-de-andalucia-se-sobrepasaran-los-30-grados-la-dorsal-africana-protagonista-alora-da-la-maxima-de-andalucia\/","title":{"rendered":"Previsi\u00f3n del tiempo. &#8220;Vuelve el verano&#8221;. En muchos puntos de Andaluc\u00eda se sobrepasaran los 30 grados. La dorsal Africana protagonista. \u00c1lora da la m\u00e1xima de Andaluc\u00eda."},"content":{"rendered":"<p>&nbsp;<\/p>\n<p><img loading=\"lazy\" class=\"aligncenter\" src=\"https:\/\/farm3.staticflickr.com\/2898\/14371881571_bbae3518b1_q.jpg\" alt=\"\" width=\"150\" height=\"150\" \/><\/p>\n<p>&nbsp;<\/p>\n<p>&nbsp;<\/p>\n<p>&nbsp;<\/p>\n<p>&nbsp;<\/p>\n<p>&nbsp;<\/p>\n<p><strong>Malos\u00a0d\u00edas\u00a0amigos\u00a0de la meteo, uyyyyyyyyy \u00a0perd\u00f3n&#8230;..\u00a0quer\u00eda\u00a0decir buenas\u00a0d\u00edas amigos de la meteo,\u00a0\u00a0son las seis de la ma\u00f1ana, registro 20 grados y los cielos \u00a0est\u00e1n despejados. \u00a0Viendo modelos he entrado en depresi\u00f3n.<\/strong><\/p>\n<p><strong>Menos mal que mi amigo\u00a0Jos\u00e9 Manuel Mart\u00ednez Franco me ha mandado este fot\u00f3nnnnnnnnn, y me ha subido los\u00a0\u00e1nimos. Pedazo de lenticular que se dio el\u00a0mi\u00e9rcoles\u00a0en Sierra Nevada y que magistralmente cazo.<\/strong><\/p>\n<p>&nbsp;<\/p>\n<p><a href=\"https:\/\/blogs.diariosur.es\/tormentas-y-rayos\/2014\/10\/17\/prevision-del-tiempo-vuelve-el-verano-en-muchos-puntos-de-andalucia-se-sobrepasaran-los-30-grados-la-dorsal-africana-protagonista-alora-da-la-maxima-de-andalucia\/15540191301_7e0145a1d0_h-2\/\" rel=\"attachment wp-att-9935\"><img loading=\"lazy\" class=\"aligncenter size-full wp-image-9935\" title=\"15540191301_7e0145a1d0_h\" src=\"\/tormentas-y-rayos\/wp-content\/uploads\/sites\/12\/2014\/10\/15540191301_7e0145a1d0_h1.jpg\" alt=\"\" width=\"640\" height=\"148\" \/><\/a><\/p>\n<p>&nbsp;<\/p>\n<p><strong>Este mismo lenticular de Jos\u00e9 Manuel, lo\u00a0fotografiaba yo desde la playa de la misericordia.<\/strong><\/p>\n<p>&nbsp;<\/p>\n<p><strong><img loading=\"lazy\" class=\"aligncenter\" src=\"https:\/\/farm4.staticflickr.com\/3951\/14922499673_813c612561_z.jpg\" alt=\"\" width=\"640\" height=\"428\" \/>\u00a0<\/strong><\/p>\n<p><strong>Po si amigos y aunque parezca mentira, la borrasca Margit \u00a0que lleva varios\u00a0d\u00edas\u00a0en casi la misma posici\u00f3n ha contribuido a que la dorsal Africana se forme \u00a0y ademas le acompa\u00f1e una masa de aire\u00a0c\u00e1lido Africana, \u00a0que se\u00a0har\u00e1\u00a0notar a partir de hoy, \u00a0y\u00a0primeros\u00a0d\u00edas\u00a0de la\u00a0pr\u00f3xima\u00a0semana. Esto quiere decir que las\u00a0m\u00e1ximas\u00a0en muchos puntos de\u00a0Andaluc\u00eda\u00a0y sobre todo en el Valle\u00a0del\u00a0Guadalquivir sobrepasen los 30 graditos.<\/strong><\/p>\n<p><strong>En M\u00e1laga Capital, al soplar levante, no creo que pasemos este fin de semana de los 27 grados, que ya esta bien. Las nubes bajas pueden ser protagonistas en las Costa\u00a0Mediterr\u00e1nea\u00a0Andaluza, pero luego se disiparan.\u00a0<\/strong><\/p>\n<p>&nbsp;<\/p>\n<p>&nbsp;<\/p>\n<p>&nbsp;<\/p>\n<p><strong>\u00a0Os paso este mapa de temperatura en altura a 850 hpa ( 1500 m ) previsto para el domingo, mas de 20 grados. El mapa del lunes y del martes muy parecidos.\u00a0<\/strong><\/p>\n<p>&nbsp;<\/p>\n<p><a href=\"https:\/\/blogs.diariosur.es\/tormentas-y-rayos\/2014\/10\/17\/prevision-del-tiempo-vuelve-el-verano-en-muchos-puntos-de-andalucia-se-sobrepasaran-los-30-grados-la-dorsal-africana-protagonista-alora-da-la-maxima-de-andalucia\/z-850\/\" rel=\"attachment wp-att-9925\"><img loading=\"lazy\" class=\"aligncenter size-medium wp-image-9925\" title=\"z 850\" src=\"\/tormentas-y-rayos\/wp-content\/uploads\/sites\/12\/2014\/10\/z-850.jpg\" alt=\"\" width=\"531\" height=\"400\" srcset=\"https:\/\/static-blogs.diariosur.es\/wp-content\/uploads\/sites\/12\/2014\/10\/z-850.jpg 797w, https:\/\/static-blogs.diariosur.es\/wp-content\/uploads\/sites\/12\/2014\/10\/z-850-531x400.jpg 531w, https:\/\/static-blogs.diariosur.es\/wp-content\/uploads\/sites\/12\/2014\/10\/z-850-768x578.jpg 768w\" sizes=\"(max-width: 531px) 100vw, 531px\" \/><\/a><\/p>\n<p>&nbsp;<\/p>\n<p>&nbsp;<\/p>\n<p><img loading=\"lazy\" class=\"aligncenter\" src=\"https:\/\/farm4.staticflickr.com\/3904\/14353538456_9a3c31e11a.jpg\" alt=\"\" width=\"412\" height=\"500\" \/><\/p>\n<p><strong>\u00a0<\/strong><\/p>\n<p>&nbsp;<\/p>\n<p><strong>En estos dos mapas del\u00a0s\u00e1bado\u00a0y el domingo, \u00a0se ve como una vaguada que se descuelga desde la zona de donde esta Margit, forma una borrasca \u00a0o una DANA , \u00a0(no lo tengo muy claro) \u00a0en Canarias. Peroooooooooo, la pu\u00f1etera de la\u00a0dorsal la\u00a0mantendr\u00e1\u00a0alejada de nosotros. Las lluvias solo\u00a0afectar\u00edan\u00a0a Canarias. Fuente meteociel gfs<\/strong><\/p>\n<p>&nbsp;<\/p>\n<p><a href=\"https:\/\/blogs.diariosur.es\/tormentas-y-rayos\/2014\/10\/17\/prevision-del-tiempo-vuelve-el-verano-en-muchos-puntos-de-andalucia-se-sobrepasaran-los-30-grados-la-dorsal-africana-protagonista-alora-da-la-maxima-de-andalucia\/b1-11\/\" rel=\"attachment wp-att-9928\"><img loading=\"lazy\" class=\"aligncenter size-medium wp-image-9928\" title=\"b1\" src=\"\/tormentas-y-rayos\/wp-content\/uploads\/sites\/12\/2014\/10\/b11.png\" alt=\"\" width=\"600\" height=\"400\" srcset=\"https:\/\/static-blogs.diariosur.es\/wp-content\/uploads\/sites\/12\/2014\/10\/b11.png 768w, https:\/\/static-blogs.diariosur.es\/wp-content\/uploads\/sites\/12\/2014\/10\/b11-600x400.png 600w\" sizes=\"(max-width: 600px) 100vw, 600px\" \/><\/a><\/p>\n<p>&nbsp;<\/p>\n<p>&nbsp;<\/p>\n<p><a href=\"https:\/\/blogs.diariosur.es\/tormentas-y-rayos\/2014\/10\/17\/prevision-del-tiempo-vuelve-el-verano-en-muchos-puntos-de-andalucia-se-sobrepasaran-los-30-grados-la-dorsal-africana-protagonista-alora-da-la-maxima-de-andalucia\/b2-5\/\" rel=\"attachment wp-att-9929\"><img loading=\"lazy\" class=\"aligncenter size-medium wp-image-9929\" title=\"b2\" src=\"\/tormentas-y-rayos\/wp-content\/uploads\/sites\/12\/2014\/10\/b2.jpg\" alt=\"\" width=\"594\" height=\"400\" srcset=\"https:\/\/static-blogs.diariosur.es\/wp-content\/uploads\/sites\/12\/2014\/10\/b2.jpg 786w, https:\/\/static-blogs.diariosur.es\/wp-content\/uploads\/sites\/12\/2014\/10\/b2-594x400.jpg 594w, https:\/\/static-blogs.diariosur.es\/wp-content\/uploads\/sites\/12\/2014\/10\/b2-768x517.jpg 768w\" sizes=\"(max-width: 594px) 100vw, 594px\" \/><\/a><\/p>\n<p>&nbsp;<\/p>\n<p><strong>\u00a0<\/strong><\/p>\n<p>&nbsp;<\/p>\n<p>&nbsp;<\/p>\n<p><strong>Ayer jueves \u00a0de nuevo las\u00a0m\u00e1ximas\u00a0fueron protagonistas en la Provincia\u00a0Malague\u00f1a, os paso los datos \u00a0de ayer.\u00a0\u00c1lora registro 28.8 grados, la\u00a0m\u00e1xima\u00a0de Andaluc\u00eda. Aunque donde mas hizo calor fue en la Comunidad Valenciana y Region Murciana, en estas zonas se sobrepasaron los 30 grados. Fuente Aemet<\/strong><\/p>\n<p><a href=\"https:\/\/blogs.diariosur.es\/tormentas-y-rayos\/2014\/10\/17\/prevision-del-tiempo-vuelve-el-verano-en-muchos-puntos-de-andalucia-se-sobrepasaran-los-30-grados-la-dorsal-africana-protagonista-alora-da-la-maxima-de-andalucia\/alora-2\/\" rel=\"attachment wp-att-9937\"><img loading=\"lazy\" class=\"aligncenter size-medium wp-image-9937\" title=\"alora\" src=\"\/tormentas-y-rayos\/wp-content\/uploads\/sites\/12\/2014\/10\/alora.jpg\" alt=\"\" width=\"600\" height=\"173\" srcset=\"https:\/\/static-blogs.diariosur.es\/wp-content\/uploads\/sites\/12\/2014\/10\/alora.jpg 790w, https:\/\/static-blogs.diariosur.es\/wp-content\/uploads\/sites\/12\/2014\/10\/alora-640x186.jpg 640w, https:\/\/static-blogs.diariosur.es\/wp-content\/uploads\/sites\/12\/2014\/10\/alora-768x223.jpg 768w\" sizes=\"(max-width: 600px) 100vw, 600px\" \/><\/a><\/p>\n<p>&nbsp;<\/p>\n<p>&nbsp;<\/p>\n<p><a href=\"https:\/\/blogs.diariosur.es\/tormentas-y-rayos\/2014\/10\/17\/prevision-del-tiempo-vuelve-el-verano-en-muchos-puntos-de-andalucia-se-sobrepasaran-los-30-grados-la-dorsal-africana-protagonista-alora-da-la-maxima-de-andalucia\/valencia\/\" rel=\"attachment wp-att-9945\"><img loading=\"lazy\" class=\"aligncenter size-full wp-image-9945\" title=\"valencia\" src=\"\/tormentas-y-rayos\/wp-content\/uploads\/sites\/12\/2014\/10\/valencia.jpg\" alt=\"\" width=\"391\" height=\"375\" \/><\/a><\/p>\n<p>&nbsp;<\/p>\n<p><strong>Aunque lo mas\u00a0destacado\u00a0se dio en Galicia, donde en muchos puntos se sobrepasaron los 100 litros.<\/strong><\/p>\n<p>&nbsp;<\/p>\n<p><a href=\"https:\/\/blogs.diariosur.es\/tormentas-y-rayos\/2014\/10\/17\/prevision-del-tiempo-vuelve-el-verano-en-muchos-puntos-de-andalucia-se-sobrepasaran-los-30-grados-la-dorsal-africana-protagonista-alora-da-la-maxima-de-andalucia\/pontevedra-2\/\" rel=\"attachment wp-att-9938\"><img loading=\"lazy\" class=\"aligncenter size-full wp-image-9938\" title=\"pontevedra\" src=\"\/tormentas-y-rayos\/wp-content\/uploads\/sites\/12\/2014\/10\/pontevedra.jpg\" alt=\"\" width=\"374\" height=\"350\" \/><\/a><\/p>\n<p>&nbsp;<\/p>\n<p>&nbsp;<\/p>\n<p><strong>Poco mas que contar, si ma\u00f1ana\u00a0s\u00e1bado\u00a0hay algo nuevo actualizare el blog.<\/strong><\/p>\n<p><strong>Os dejo con unas impresionantes fotos del candilazo del\u00a0mi\u00e9rcoles\u00a0pasado.<\/strong><\/p>\n<p>&nbsp;<\/p>\n<p><strong>Carlos Castro.<\/strong><\/p>\n<p><a href=\"https:\/\/blogs.diariosur.es\/tormentas-y-rayos\/2014\/10\/17\/prevision-del-tiempo-vuelve-el-verano-en-muchos-puntos-de-andalucia-se-sobrepasaran-los-30-grados-la-dorsal-africana-protagonista-alora-da-la-maxima-de-andalucia\/10662225_10204241818358459_1574715273955617614_o-3\/\" rel=\"attachment wp-att-9932\"><img loading=\"lazy\" class=\"aligncenter size-full wp-image-9932\" title=\"10662225_10204241818358459_1574715273955617614_o\" src=\"\/tormentas-y-rayos\/wp-content\/uploads\/sites\/12\/2014\/10\/10662225_10204241818358459_1574715273955617614_o2.jpg\" alt=\"\" width=\"640\" height=\"360\" \/><\/a><\/p>\n<p>&nbsp;<\/p>\n<p>&nbsp;<\/p>\n<p><strong>Pilar Pilar.<\/strong><\/p>\n<p><a href=\"https:\/\/blogs.diariosur.es\/tormentas-y-rayos\/2014\/10\/17\/prevision-del-tiempo-vuelve-el-verano-en-muchos-puntos-de-andalucia-se-sobrepasaran-los-30-grados-la-dorsal-africana-protagonista-alora-da-la-maxima-de-andalucia\/pilar-pilar-2\/\" rel=\"attachment wp-att-9933\"><img loading=\"lazy\" class=\"aligncenter size-full wp-image-9933\" title=\"pilar pilar\" src=\"\/tormentas-y-rayos\/wp-content\/uploads\/sites\/12\/2014\/10\/pilar-pilar.jpg\" alt=\"\" width=\"640\" height=\"427\" srcset=\"https:\/\/static-blogs.diariosur.es\/wp-content\/uploads\/sites\/12\/2014\/10\/pilar-pilar.jpg 640w, https:\/\/static-blogs.diariosur.es\/wp-content\/uploads\/sites\/12\/2014\/10\/pilar-pilar-600x400.jpg 600w\" sizes=\"(max-width: 640px) 100vw, 640px\" \/><\/a><\/p>\n<p>&nbsp;<\/p>\n<p><strong>Jose Luis Gil<\/strong><\/p>\n<p>&nbsp;<\/p>\n<p><a href=\"https:\/\/blogs.diariosur.es\/tormentas-y-rayos\/2014\/10\/17\/prevision-del-tiempo-vuelve-el-verano-en-muchos-puntos-de-andalucia-se-sobrepasaran-los-30-grados-la-dorsal-africana-protagonista-alora-da-la-maxima-de-andalucia\/jose-luis-gil_1-3\/\" rel=\"attachment wp-att-9936\"><img loading=\"lazy\" class=\"aligncenter size-full wp-image-9936\" title=\"jose luis gil_1\" src=\"\/tormentas-y-rayos\/wp-content\/uploads\/sites\/12\/2014\/10\/jose-luis-gil_1.jpg\" alt=\"\" width=\"640\" height=\"360\" \/><\/a><\/p>\n<p>&nbsp;<\/p>\n<p><strong>Ana Gonfer.<\/strong><\/p>\n<p><a href=\"https:\/\/blogs.diariosur.es\/tormentas-y-rayos\/2014\/10\/17\/prevision-del-tiempo-vuelve-el-verano-en-muchos-puntos-de-andalucia-se-sobrepasaran-los-30-grados-la-dorsal-africana-protagonista-alora-da-la-maxima-de-andalucia\/ana-gonfer-3\/\" rel=\"attachment wp-att-9939\"><img loading=\"lazy\" class=\"aligncenter size-full wp-image-9939\" title=\"ana gonfer\" src=\"\/tormentas-y-rayos\/wp-content\/uploads\/sites\/12\/2014\/10\/ana-gonfer1.jpg\" alt=\"\" width=\"400\" height=\"711\" srcset=\"https:\/\/static-blogs.diariosur.es\/wp-content\/uploads\/sites\/12\/2014\/10\/ana-gonfer1.jpg 400w, https:\/\/static-blogs.diariosur.es\/wp-content\/uploads\/sites\/12\/2014\/10\/ana-gonfer1-225x400.jpg 225w\" sizes=\"(max-width: 400px) 100vw, 400px\" \/><\/a><\/p>\n<p>&nbsp;<\/p>\n<p>&nbsp;<\/p>\n<p>&nbsp;<\/p>\n<p><strong>Aurora Pulido.<\/strong><\/p>\n<p>&nbsp;<\/p>\n<p><a href=\"https:\/\/blogs.diariosur.es\/tormentas-y-rayos\/2014\/10\/17\/prevision-del-tiempo-vuelve-el-verano-en-muchos-puntos-de-andalucia-se-sobrepasaran-los-30-grados-la-dorsal-africana-protagonista-alora-da-la-maxima-de-andalucia\/aurora-pulido_1\/\" rel=\"attachment wp-att-9940\"><img loading=\"lazy\" class=\"aligncenter size-full wp-image-9940\" title=\"aurora pulido_1\" src=\"\/tormentas-y-rayos\/wp-content\/uploads\/sites\/12\/2014\/10\/aurora-pulido_1.jpg\" alt=\"\" width=\"640\" height=\"360\" \/><\/a><\/p>\n<p>&nbsp;<\/p>\n<p>&nbsp;<\/p>\n<p>&nbsp;<\/p>\n<p><strong>Maria Dolores Torreblanca.<\/strong><\/p>\n<p>&nbsp;<\/p>\n<p><a href=\"https:\/\/blogs.diariosur.es\/tormentas-y-rayos\/2014\/10\/17\/prevision-del-tiempo-vuelve-el-verano-en-muchos-puntos-de-andalucia-se-sobrepasaran-los-30-grados-la-dorsal-africana-protagonista-alora-da-la-maxima-de-andalucia\/maria-dolores-torreblnanca\/\" rel=\"attachment wp-att-9941\"><img loading=\"lazy\" class=\"aligncenter size-full wp-image-9941\" title=\"maria dolores torrebl\u00f1anca\" src=\"\/tormentas-y-rayos\/wp-content\/uploads\/sites\/12\/2014\/10\/maria-dolores-torrebl\u00f1anca.jpg\" alt=\"\" width=\"640\" height=\"360\" \/><\/a><\/p>\n<p>&nbsp;<\/p>\n<p>&nbsp;<\/p>\n<p>&nbsp;<\/p>\n<p>&nbsp;<\/p>\n<p><strong>Paqui Lara.<\/strong><\/p>\n<p>&nbsp;<\/p>\n<p><a href=\"https:\/\/blogs.diariosur.es\/tormentas-y-rayos\/2014\/10\/17\/prevision-del-tiempo-vuelve-el-verano-en-muchos-puntos-de-andalucia-se-sobrepasaran-los-30-grados-la-dorsal-africana-protagonista-alora-da-la-maxima-de-andalucia\/paqui-lara\/\" rel=\"attachment wp-att-9942\"><img loading=\"lazy\" class=\"aligncenter size-full wp-image-9942\" title=\"paqui lara\" src=\"\/tormentas-y-rayos\/wp-content\/uploads\/sites\/12\/2014\/10\/paqui-lara.jpg\" alt=\"\" width=\"640\" height=\"360\" \/><\/a><\/p>\n<p>&nbsp;<\/p>\n<p>&nbsp;<\/p>\n<p>&nbsp;<\/p>\n<p><strong>Zara Dublesno.<\/strong><\/p>\n<p>&nbsp;<\/p>\n<p>&nbsp;<\/p>\n<p><a href=\"https:\/\/blogs.diariosur.es\/tormentas-y-rayos\/2014\/10\/17\/prevision-del-tiempo-vuelve-el-verano-en-muchos-puntos-de-andalucia-se-sobrepasaran-los-30-grados-la-dorsal-africana-protagonista-alora-da-la-maxima-de-andalucia\/zara-dublesno\/\" rel=\"attachment wp-att-9943\"><img loading=\"lazy\" class=\"aligncenter size-full wp-image-9943\" title=\"zara dublesno\" src=\"\/tormentas-y-rayos\/wp-content\/uploads\/sites\/12\/2014\/10\/zara-dublesno.jpg\" alt=\"\" width=\"640\" height=\"480\" srcset=\"https:\/\/static-blogs.diariosur.es\/wp-content\/uploads\/sites\/12\/2014\/10\/zara-dublesno.jpg 640w, https:\/\/static-blogs.diariosur.es\/wp-content\/uploads\/sites\/12\/2014\/10\/zara-dublesno-533x400.jpg 533w\" sizes=\"(max-width: 640px) 100vw, 640px\" \/><\/a><\/p>\n<p>&nbsp;<\/p>\n<p><strong>Poco a poco\u00a0ir\u00e9\u00a0poniendo mas amigos.<\/strong><\/p>\n<p>&nbsp;<\/p>\n","protected":false},"excerpt":{"rendered":"<p>&nbsp; &nbsp; &nbsp; &nbsp; &nbsp; &nbsp; Malos\u00a0d\u00edas\u00a0amigos\u00a0de la meteo, uyyyyyyyyy \u00a0perd\u00f3n&#8230;..\u00a0quer\u00eda\u00a0decir buenas\u00a0d\u00edas amigos de la meteo,\u00a0\u00a0son las seis de la ma\u00f1ana, registro 20 grados y los cielos \u00a0est\u00e1n despejados. \u00a0Viendo modelos he entrado en depresi\u00f3n. Menos mal que mi amigo\u00a0Jos\u00e9 Manuel Mart\u00ednez Franco me ha mandado este fot\u00f3nnnnnnnnn, y me ha subido los\u00a0\u00e1nimos. Pedazo de [&hellip;]<\/p>\n","protected":false},"author":16,"featured_media":9944,"comment_status":"open","ping_status":"open","sticky":false,"template":"","format":"standard","meta":[],"categories":[2],"tags":[49,100,212,346,809,980,1052,1074],"_links":{"self":[{"href":"https:\/\/blogs.diariosur.es\/tormentas-y-rayos\/wp-json\/wp\/v2\/posts\/9924"}],"collection":[{"href":"https:\/\/blogs.diariosur.es\/tormentas-y-rayos\/wp-json\/wp\/v2\/posts"}],"about":[{"href":"https:\/\/blogs.diariosur.es\/tormentas-y-rayos\/wp-json\/wp\/v2\/types\/post"}],"author":[{"embeddable":true,"href":"https:\/\/blogs.diariosur.es\/tormentas-y-rayos\/wp-json\/wp\/v2\/users\/16"}],"replies":[{"embeddable":true,"href":"https:\/\/blogs.diariosur.es\/tormentas-y-rayos\/wp-json\/wp\/v2\/comments?post=9924"}],"version-history":[{"count":0,"href":"https:\/\/blogs.diariosur.es\/tormentas-y-rayos\/wp-json\/wp\/v2\/posts\/9924\/revisions"}],"wp:featuredmedia":[{"embeddable":true,"href":"https:\/\/blogs.diariosur.es\/tormentas-y-rayos\/wp-json\/wp\/v2\/media\/9944"}],"wp:attachment":[{"href":"https:\/\/blogs.diariosur.es\/tormentas-y-rayos\/wp-json\/wp\/v2\/media?parent=9924"}],"wp:term":[{"taxonomy":"category","embeddable":true,"href":"https:\/\/blogs.diariosur.es\/tormentas-y-rayos\/wp-json\/wp\/v2\/categories?post=9924"},{"taxonomy":"post_tag","embeddable":true,"href":"https:\/\/blogs.diariosur.es\/tormentas-y-rayos\/wp-json\/wp\/v2\/tags?post=9924"}],"curies":[{"name":"wp","href":"https:\/\/api.w.org\/{rel}","templated":true}]}}