{"id":9954,"date":"2014-10-19T09:52:01","date_gmt":"2014-10-19T07:52:01","guid":{"rendered":"http:\/\/blogs.diariosur.es\/tormentas-y-rayos\/?p=9954"},"modified":"2014-10-19T09:52:01","modified_gmt":"2014-10-19T07:52:01","slug":"ciclogenesis-entre-las-islas-canarias-y-madeiras-con-posible-sorpresa-aviso-naranja-y-amarillo-por-lluvias-y-tormentas-en-las-islas-occidentales","status":"publish","type":"post","link":"https:\/\/blogs.diariosur.es\/tormentas-y-rayos\/2014\/10\/19\/ciclogenesis-entre-las-islas-canarias-y-madeiras-con-posible-sorpresa-aviso-naranja-y-amarillo-por-lluvias-y-tormentas-en-las-islas-occidentales\/","title":{"rendered":"Ciclog\u00e9nesis entre las Islas Canarias y Madeiras con&#8221; POSIBLE SORPRESA&#8221;. Aviso naranja y amarillo por lluvias y tormentas en las Islas Occidentales."},"content":{"rendered":"<p><strong>Buenos dias amigos de la meteo, son las seis de la ma\u00f1ana, registro 20 grados y los cielos Andaluces\u00a0est\u00e1n\u00a0nubosos. Casi seguro que tendremos candilazo, yo en un rato tirare para la playa.\u00a0<\/strong><\/p>\n<p>&nbsp;<\/p>\n<p>&nbsp;<\/p>\n<p>&nbsp;<\/p>\n<p><strong>Como\u00a0pod\u00e9is\u00a0leer en el titulo del post, la borrasca que se esta formando entre Canarias y Madeiras va a sufrir una ciclog\u00e9nesis. Una ciclog\u00e9nesis es un proceso con el cual se forman las borrascas. En esta ocasi\u00f3n lo que es mas llamativo es el lugar donde se forma y \u00a0lo\u00a0r\u00e1pido\u00a0que baja la presi\u00f3n.\u00a0<\/strong><\/p>\n<p><strong>Os paso estos mapas de superficie del Hirlam. El primero es de como esta la borrasca en estos momentos, y el segundo mapa el previsto para\u00a0despu\u00e9s\u00a0de media noche. De 1005 \u00a0hpa, pasa a 986 en poco tiempo. Fuente Aemet.<\/strong><\/p>\n<p><a href=\"https:\/\/blogs.diariosur.es\/tormentas-y-rayos\/2014\/10\/19\/ciclogenesis-entre-las-islas-canarias-y-madeiras-con-posible-sorpresa-aviso-naranja-y-amarillo-por-lluvias-y-tormentas-en-las-islas-occidentales\/1-88\/\" rel=\"attachment wp-att-9955\"><img loading=\"lazy\" class=\"aligncenter size-medium wp-image-9955\" title=\"1\" src=\"\/tormentas-y-rayos\/wp-content\/uploads\/sites\/12\/2014\/10\/13.jpg\" alt=\"\" width=\"550\" height=\"400\" srcset=\"https:\/\/static-blogs.diariosur.es\/wp-content\/uploads\/sites\/12\/2014\/10\/13.jpg 737w, https:\/\/static-blogs.diariosur.es\/wp-content\/uploads\/sites\/12\/2014\/10\/13-550x400.jpg 550w\" sizes=\"(max-width: 550px) 100vw, 550px\" \/><\/a><\/p>\n<p>&nbsp;<\/p>\n<p>&nbsp;<\/p>\n<p>&nbsp;<\/p>\n<p><a href=\"https:\/\/blogs.diariosur.es\/tormentas-y-rayos\/2014\/10\/19\/ciclogenesis-entre-las-islas-canarias-y-madeiras-con-posible-sorpresa-aviso-naranja-y-amarillo-por-lluvias-y-tormentas-en-las-islas-occidentales\/2-64\/\" rel=\"attachment wp-att-9956\"><img loading=\"lazy\" class=\"aligncenter size-medium wp-image-9956\" title=\"2\" src=\"\/tormentas-y-rayos\/wp-content\/uploads\/sites\/12\/2014\/10\/21.jpg\" alt=\"\" width=\"564\" height=\"400\" srcset=\"https:\/\/static-blogs.diariosur.es\/wp-content\/uploads\/sites\/12\/2014\/10\/21.jpg 748w, https:\/\/static-blogs.diariosur.es\/wp-content\/uploads\/sites\/12\/2014\/10\/21-565x400.jpg 565w\" sizes=\"(max-width: 564px) 100vw, 564px\" \/><\/a><\/p>\n<p>&nbsp;<\/p>\n<p><strong>Impresionante amigos. Las imagenes del satelite euemetsat son preciosas. Os paso estas capturas de las seis y media. Fuente meteogalicia.<\/strong><\/p>\n<p>&nbsp;<\/p>\n<p><a href=\"https:\/\/blogs.diariosur.es\/tormentas-y-rayos\/2014\/10\/19\/ciclogenesis-entre-las-islas-canarias-y-madeiras-con-posible-sorpresa-aviso-naranja-y-amarillo-por-lluvias-y-tormentas-en-las-islas-occidentales\/color-2\/\" rel=\"attachment wp-att-9957\"><img loading=\"lazy\" class=\"aligncenter size-medium wp-image-9957\" title=\"color\" src=\"\/tormentas-y-rayos\/wp-content\/uploads\/sites\/12\/2014\/10\/color.jpg\" alt=\"\" width=\"542\" height=\"400\" srcset=\"https:\/\/static-blogs.diariosur.es\/wp-content\/uploads\/sites\/12\/2014\/10\/color.jpg 750w, https:\/\/static-blogs.diariosur.es\/wp-content\/uploads\/sites\/12\/2014\/10\/color-542x400.jpg 542w\" sizes=\"(max-width: 542px) 100vw, 542px\" \/><\/a><\/p>\n<p>&nbsp;<\/p>\n<p><a href=\"https:\/\/blogs.diariosur.es\/tormentas-y-rayos\/2014\/10\/19\/ciclogenesis-entre-las-islas-canarias-y-madeiras-con-posible-sorpresa-aviso-naranja-y-amarillo-por-lluvias-y-tormentas-en-las-islas-occidentales\/vapor-2\/\" rel=\"attachment wp-att-9958\"><img loading=\"lazy\" class=\"aligncenter size-medium wp-image-9958\" title=\"vapor\" src=\"\/tormentas-y-rayos\/wp-content\/uploads\/sites\/12\/2014\/10\/vapor.jpg\" alt=\"\" width=\"544\" height=\"400\" srcset=\"https:\/\/static-blogs.diariosur.es\/wp-content\/uploads\/sites\/12\/2014\/10\/vapor.jpg 747w, https:\/\/static-blogs.diariosur.es\/wp-content\/uploads\/sites\/12\/2014\/10\/vapor-544x400.jpg 544w\" sizes=\"(max-width: 544px) 100vw, 544px\" \/><\/a><\/p>\n<p>&nbsp;<\/p>\n<p>&nbsp;<\/p>\n<p><strong>Muchos me preguntareis&#8230;&#8230;Jose \u00a0y la \u00a0posible sorpresa cual es ? simplemente que esta borrasca por una serie de motivos puede tener tintes de cicl\u00f3n subtropical, para mas tarde pasar a <strong>\u00a0transici\u00f3n extratropical<\/strong>\u00a0. Mi amigo Francisco Mart\u00edn Le\u00f3n le esta haciendo un seguimiento y<a href=\"http:\/\/www.tiempo.com\/ram\/115762\/fases-de-una-borrasca-y-ciclogenesis-en-la-cercania-de-canarias\/\" rel=\"external nofollow\"> lo explica en la Revista Ram.<\/a><\/strong><\/p>\n<p>&nbsp;<\/p>\n<p>&nbsp;<\/p>\n<p><strong>Las lluvias, las tormentas y el fuerte viento\u00a0ser\u00e1n\u00a0las protagonistas. \u00a0La aemet activa el aviso naranja en la Isla del Hierro y el amarillo en las\u00a0dem\u00e1s\u00a0Islas Occidentales.\u00a0<\/strong><\/p>\n<p><strong>Esta borrasca\u00a0seguir\u00e1\u00a0mas o menos en esa zona, en\u00a0ning\u00fan\u00a0momento se situara en el Golfo de C\u00e1diz, ya que la dorsal africana se lo\u00a0impedir\u00eda.\u00a0<\/strong><\/p>\n<p><strong>El levante tomara protagonismo en el Mar de Alboran y Estrecho, las rachas\u00a0ser\u00e1n\u00a0de\u00a0moderadas\u00a0a fuertes. Las maximas sobrepasaran los 30 grados en muchos puntos de Andalucia, sobre todo en el Valle del Guadalquivir.<\/strong><\/p>\n<p><strong>Os dejo un momento y tiro para la playa.<\/strong><\/p>\n<p><strong>Ya de vuelta amigos, y con problemas en el blog, llevo una hora para poder entrar. Comentaros que el polvo en\u00a0suspensi\u00f3n\u00a0era el protagonista. Cuando ha salido el sol, este polvo ha hecho de filtro. La verdad que ha estado muy bonito,<a href=\"https:\/\/www.flickr.com\/photos\/jose_luis_escudero\/\" rel=\"external nofollow\"> en mi\u00a0galer\u00eda\u00a0de flick\u00a0pod\u00e9is\u00a0ver dos fotos mas<\/a>.<\/strong><\/p>\n<p>&nbsp;<\/p>\n<p><img loading=\"lazy\" class=\"aligncenter\" src=\"https:\/\/farm4.staticflickr.com\/3940\/15384303298_7963bcced7_z.jpg\" alt=\"\" width=\"640\" height=\"428\" \/><\/p>\n<p>&nbsp;<\/p>\n<p>&nbsp;<\/p>\n<p>&nbsp;<\/p>\n<p>&nbsp;<\/p>\n<p><strong>Poco mas que contar amigos de la meteo, os dejo con estas fotos que me\u00a0hab\u00e9is\u00a0mandado, desde Torre de Benagalb\u00f3n os\u00a0tendr\u00e9\u00a0informados.<\/strong><\/p>\n<p><strong><em>JUAN ANTONIO LUCENA<\/em><\/strong><\/p>\n<p>&nbsp;<\/p>\n<p>&nbsp;<\/p>\n<p><a href=\"https:\/\/blogs.diariosur.es\/tormentas-y-rayos\/2014\/10\/19\/ciclogenesis-entre-las-islas-canarias-y-madeiras-con-posible-sorpresa-aviso-naranja-y-amarillo-por-lluvias-y-tormentas-en-las-islas-occidentales\/juan-antonio-lucena-3\/\" rel=\"attachment wp-att-9959\"><img loading=\"lazy\" class=\"aligncenter size-full wp-image-9959\" title=\"juan antonio lucena\" src=\"\/tormentas-y-rayos\/wp-content\/uploads\/sites\/12\/2014\/10\/juan-antonio-lucena.jpg\" alt=\"\" width=\"640\" height=\"360\" \/><\/a><\/p>\n<p>&nbsp;<\/p>\n<p>&nbsp;<\/p>\n<p><em><strong>JUAN CANALES CARRASCO.<\/strong><\/em><\/p>\n<p>&nbsp;<\/p>\n<p><a href=\"https:\/\/blogs.diariosur.es\/tormentas-y-rayos\/2014\/10\/19\/ciclogenesis-entre-las-islas-canarias-y-madeiras-con-posible-sorpresa-aviso-naranja-y-amarillo-por-lluvias-y-tormentas-en-las-islas-occidentales\/juan-canales-carrasco\/\" rel=\"attachment wp-att-9960\"><img loading=\"lazy\" class=\"aligncenter size-full wp-image-9960\" title=\"juan canales carrasco\" src=\"\/tormentas-y-rayos\/wp-content\/uploads\/sites\/12\/2014\/10\/juan-canales-carrasco.jpg\" alt=\"\" width=\"640\" height=\"480\" srcset=\"https:\/\/static-blogs.diariosur.es\/wp-content\/uploads\/sites\/12\/2014\/10\/juan-canales-carrasco.jpg 640w, https:\/\/static-blogs.diariosur.es\/wp-content\/uploads\/sites\/12\/2014\/10\/juan-canales-carrasco-533x400.jpg 533w\" sizes=\"(max-width: 640px) 100vw, 640px\" \/><\/a><\/p>\n<p>&nbsp;<\/p>\n<p><strong><em>MANUEL BUENO VERDUGO<\/em><\/strong><\/p>\n<p>&nbsp;<\/p>\n<p><a href=\"https:\/\/blogs.diariosur.es\/tormentas-y-rayos\/2014\/10\/19\/ciclogenesis-entre-las-islas-canarias-y-madeiras-con-posible-sorpresa-aviso-naranja-y-amarillo-por-lluvias-y-tormentas-en-las-islas-occidentales\/manuel-bueno-verdugo-5\/\" rel=\"attachment wp-att-9961\"><img loading=\"lazy\" class=\"aligncenter size-full wp-image-9961\" title=\"manuel bueno verdugo\" src=\"\/tormentas-y-rayos\/wp-content\/uploads\/sites\/12\/2014\/10\/manuel-bueno-verdugo.jpg\" alt=\"\" width=\"640\" height=\"427\" srcset=\"https:\/\/static-blogs.diariosur.es\/wp-content\/uploads\/sites\/12\/2014\/10\/manuel-bueno-verdugo.jpg 640w, https:\/\/static-blogs.diariosur.es\/wp-content\/uploads\/sites\/12\/2014\/10\/manuel-bueno-verdugo-600x400.jpg 600w\" sizes=\"(max-width: 640px) 100vw, 640px\" \/><\/a><\/p>\n<p>&nbsp;<\/p>\n<p><strong><em>MARIANA LORCA DESDE CASTILLA Y LE\u00d3N, COLMENAR DE MONTEMAYOR<\/em><\/strong><\/p>\n<p><a href=\"https:\/\/blogs.diariosur.es\/tormentas-y-rayos\/2014\/10\/19\/ciclogenesis-entre-las-islas-canarias-y-madeiras-con-posible-sorpresa-aviso-naranja-y-amarillo-por-lluvias-y-tormentas-en-las-islas-occidentales\/mariana-lorca-4\/\" rel=\"attachment wp-att-9963\"><img loading=\"lazy\" class=\"aligncenter size-full wp-image-9963\" title=\"mariana lorca.\" src=\"\/tormentas-y-rayos\/wp-content\/uploads\/sites\/12\/2014\/10\/mariana-lorca.1.jpg\" alt=\"\" width=\"640\" height=\"360\" \/><\/a><\/p>\n<p>&nbsp;<\/p>\n<p><strong><em>SALVADOR ROMERO<\/em><\/strong><\/p>\n<p>&nbsp;<\/p>\n<p><a href=\"https:\/\/blogs.diariosur.es\/tormentas-y-rayos\/2014\/10\/19\/ciclogenesis-entre-las-islas-canarias-y-madeiras-con-posible-sorpresa-aviso-naranja-y-amarillo-por-lluvias-y-tormentas-en-las-islas-occidentales\/salvador-romero\/\" rel=\"attachment wp-att-9964\"><img loading=\"lazy\" class=\"aligncenter size-full wp-image-9964\" title=\"salvador romero\" src=\"\/tormentas-y-rayos\/wp-content\/uploads\/sites\/12\/2014\/10\/salvador-romero.jpg\" alt=\"\" width=\"640\" height=\"360\" \/><\/a><\/p>\n<p>&nbsp;<\/p>\n","protected":false},"excerpt":{"rendered":"<p>Buenos dias amigos de la meteo, son las seis de la ma\u00f1ana, registro 20 grados y los cielos Andaluces\u00a0est\u00e1n\u00a0nubosos. Casi seguro que tendremos candilazo, yo en un rato tirare para la playa.\u00a0 &nbsp; &nbsp; &nbsp; Como\u00a0pod\u00e9is\u00a0leer en el titulo del post, la borrasca que se esta formando entre Canarias y Madeiras va a sufrir una [&hellip;]<\/p>\n","protected":false},"author":16,"featured_media":9957,"comment_status":"open","ping_status":"open","sticky":false,"template":"","format":"standard","meta":[],"categories":[2],"tags":[94,151,219,252,581,676],"_links":{"self":[{"href":"https:\/\/blogs.diariosur.es\/tormentas-y-rayos\/wp-json\/wp\/v2\/posts\/9954"}],"collection":[{"href":"https:\/\/blogs.diariosur.es\/tormentas-y-rayos\/wp-json\/wp\/v2\/posts"}],"about":[{"href":"https:\/\/blogs.diariosur.es\/tormentas-y-rayos\/wp-json\/wp\/v2\/types\/post"}],"author":[{"embeddable":true,"href":"https:\/\/blogs.diariosur.es\/tormentas-y-rayos\/wp-json\/wp\/v2\/users\/16"}],"replies":[{"embeddable":true,"href":"https:\/\/blogs.diariosur.es\/tormentas-y-rayos\/wp-json\/wp\/v2\/comments?post=9954"}],"version-history":[{"count":0,"href":"https:\/\/blogs.diariosur.es\/tormentas-y-rayos\/wp-json\/wp\/v2\/posts\/9954\/revisions"}],"wp:featuredmedia":[{"embeddable":true,"href":"https:\/\/blogs.diariosur.es\/tormentas-y-rayos\/wp-json\/wp\/v2\/media\/9957"}],"wp:attachment":[{"href":"https:\/\/blogs.diariosur.es\/tormentas-y-rayos\/wp-json\/wp\/v2\/media?parent=9954"}],"wp:term":[{"taxonomy":"category","embeddable":true,"href":"https:\/\/blogs.diariosur.es\/tormentas-y-rayos\/wp-json\/wp\/v2\/categories?post=9954"},{"taxonomy":"post_tag","embeddable":true,"href":"https:\/\/blogs.diariosur.es\/tormentas-y-rayos\/wp-json\/wp\/v2\/tags?post=9954"}],"curies":[{"name":"wp","href":"https:\/\/api.w.org\/{rel}","templated":true}]}}