{"id":9966,"date":"2014-10-20T07:35:53","date_gmt":"2014-10-20T05:35:53","guid":{"rendered":"http:\/\/blogs.diariosur.es\/tormentas-y-rayos\/?p=9966"},"modified":"2014-10-20T07:35:53","modified_gmt":"2014-10-20T05:35:53","slug":"las-lluvias-dejan-un-muerto-en-santa-cruz-de-tenerife-y-numerosos-danos-materiales-fotos-el-calor-seguira-de-protagonista-en-andalucia-el-rincon-y-velez-malaga-superaron-los-30-grados","status":"publish","type":"post","link":"https:\/\/blogs.diariosur.es\/tormentas-y-rayos\/2014\/10\/20\/las-lluvias-dejan-un-muerto-en-santa-cruz-de-tenerife-y-numerosos-danos-materiales-fotos-el-calor-seguira-de-protagonista-en-andalucia-el-rincon-y-velez-malaga-superaron-los-30-grados\/","title":{"rendered":"Las lluvias dejan un muerto en Santa Cruz de Tenerife y numerosos da\u00f1os materiales (fotos). El calor seguir\u00e1 de protagonista en Andaluc\u00eda. El Rinc\u00f3n y Vel\u00e9z M\u00e1laga superaron los 30 grados."},"content":{"rendered":"<p><img loading=\"lazy\" class=\"aligncenter\" src=\"https:\/\/farm6.staticflickr.com\/5566\/14568830453_8e0522e3fc_q.jpg\" alt=\"\" width=\"150\" height=\"150\" \/><\/p>\n<p>&nbsp;<\/p>\n<p>&nbsp;<\/p>\n<p>&nbsp;<\/p>\n<p>&nbsp;<\/p>\n<p>&nbsp;<\/p>\n<p><strong><em>Buenos dias amigos de la meteo, son las seis y media de la ma\u00f1ana, registro 20,2 grados y los cielos malague\u00f1os est\u00e1n despejados. La provincia de Huelva si tiene algo mas de nubes tipo cirrus.\u00a0<\/em><\/strong><\/p>\n<p><em><strong>Hoy seguiremos con la misma\u00a0t\u00f3nica\u00a0que ayer domingo, las\u00a0m\u00e1ximas\u00a0sobrepasaran los 30 grados en muchos puntos de\u00a0Andaluc\u00eda, sobre todo en el Valle del Guadalquivir. El levante ira amainando por la tarde en las\u00a0Costas\u00a0Mediterr\u00e1neas\u00a0y\u00a0Atl\u00e1nticas\u00a0Andaluzas. Esto se debera a que la famosa borrasca\u00a0que\u00a0esta cerca de Canarias y Madeiras \u00a0se\u00a0desplazara\u00a0un poco al oeste. Pero esto puede traer consigo que ma\u00f1ana tengamos en M\u00e1laga\u00a0Capital rebozas de terral de oto\u00f1o. De todas formas no es seguro, ma\u00f1ana martes cuando actualice el blog veremos si se da.\u00a0<\/strong><\/em><\/p>\n<p><em><strong><span style=\"color: #ff0000;\">Ante la insistencia de correos y de wassap , os vuelvo a decir que la borrasca que ha dejado tantas lluvias en las Islas Canarias, no se situara en el Golfo de C\u00e1diz. Ma\u00f1ana os explicare que posibles consecuencias puede traer esta situaci\u00f3n que tenemos de dorsal y de masas de aire\u00a0c\u00e1lido.<\/span><\/strong><\/em><\/p>\n<p><strong><em>Os paso una imagen de hace pocos minutos de la posible Hanna, el CNH ( CENTRO NACIONAL DE HURACANES) le esta\u00a0haciendo\u00a0un seguimiento. Fuente meteogalicia eumetsat.<\/em><\/strong><\/p>\n<p><a href=\"https:\/\/blogs.diariosur.es\/tormentas-y-rayos\/2014\/10\/20\/las-lluvias-dejan-un-muerto-en-santa-cruz-de-tenerife-y-numerosos-danos-materiales-fotos-el-calor-seguira-de-protagonista-en-andalucia-el-rincon-y-velez-malaga-superaron-los-30-grados\/hanna\/\" rel=\"attachment wp-att-9972\"><img loading=\"lazy\" class=\"aligncenter size-medium wp-image-9972\" title=\"hanna\" src=\"\/tormentas-y-rayos\/wp-content\/uploads\/sites\/12\/2014\/10\/hanna.jpg\" alt=\"\" width=\"543\" height=\"400\" srcset=\"https:\/\/static-blogs.diariosur.es\/wp-content\/uploads\/sites\/12\/2014\/10\/hanna.jpg 741w, https:\/\/static-blogs.diariosur.es\/wp-content\/uploads\/sites\/12\/2014\/10\/hanna-544x400.jpg 544w\" sizes=\"(max-width: 543px) 100vw, 543px\" \/><\/a><\/p>\n<p>&nbsp;<\/p>\n<p>&nbsp;<\/p>\n<p><a href=\"https:\/\/blogs.diariosur.es\/tormentas-y-rayos\/2014\/10\/20\/las-lluvias-dejan-un-muerto-en-santa-cruz-de-tenerife-y-numerosos-danos-materiales-fotos-el-calor-seguira-de-protagonista-en-andalucia-el-rincon-y-velez-malaga-superaron-los-30-grados\/captura-479\/\" rel=\"attachment wp-att-9973\"><img loading=\"lazy\" class=\"aligncenter size-medium wp-image-9973\" title=\"Captura\" src=\"\/tormentas-y-rayos\/wp-content\/uploads\/sites\/12\/2014\/10\/Captura30.jpg\" alt=\"\" width=\"510\" height=\"400\" srcset=\"https:\/\/static-blogs.diariosur.es\/wp-content\/uploads\/sites\/12\/2014\/10\/Captura30.jpg 592w, https:\/\/static-blogs.diariosur.es\/wp-content\/uploads\/sites\/12\/2014\/10\/Captura30-510x400.jpg 510w\" sizes=\"(max-width: 510px) 100vw, 510px\" \/><\/a><\/p>\n<p>&nbsp;<\/p>\n<p>&nbsp;<\/p>\n<p><strong><em>Os hago un peque\u00f1o resumen de ayer domingo, los\u00a0principales\u00a0protagonistas: el viento y la calor. Os paso los datos facilitados por la aemet. Comentaros que el Rinc\u00f3n de la Victoria y Velez M\u00e1laga superaron los 30 grados.<\/em><\/strong><\/p>\n<p><a href=\"https:\/\/blogs.diariosur.es\/tormentas-y-rayos\/2014\/10\/20\/las-lluvias-dejan-un-muerto-en-santa-cruz-de-tenerife-y-numerosos-danos-materiales-fotos-el-calor-seguira-de-protagonista-en-andalucia-el-rincon-y-velez-malaga-superaron-los-30-grados\/captura-480\/\" rel=\"attachment wp-att-9974\"><img loading=\"lazy\" class=\"aligncenter size-large wp-image-9974\" title=\"Captura\" src=\"\/tormentas-y-rayos\/wp-content\/uploads\/sites\/12\/2014\/10\/Captura31.jpg\" alt=\"\" width=\"495\" height=\"600\" srcset=\"https:\/\/static-blogs.diariosur.es\/wp-content\/uploads\/sites\/12\/2014\/10\/Captura31.jpg 809w, https:\/\/static-blogs.diariosur.es\/wp-content\/uploads\/sites\/12\/2014\/10\/Captura31-331x400.jpg 331w, https:\/\/static-blogs.diariosur.es\/wp-content\/uploads\/sites\/12\/2014\/10\/Captura31-768x929.jpg 768w\" sizes=\"(max-width: 495px) 100vw, 495px\" \/><\/a><\/p>\n<p>&nbsp;<\/p>\n<p><em><strong>Por la ma\u00f1ana\u00a0fotografi\u00e9\u00a0el amanecer, os paso un par de \u00a0fotos que ayer no os puse.<\/strong><\/em><\/p>\n<p>&nbsp;<\/p>\n<p><img loading=\"lazy\" class=\"aligncenter\" src=\"https:\/\/farm4.staticflickr.com\/3929\/15546806136_2a4ab1283a_z.jpg\" alt=\"\" width=\"640\" height=\"428\" \/><\/p>\n<p>&nbsp;<\/p>\n<p>&nbsp;<\/p>\n<p><img loading=\"lazy\" class=\"aligncenter\" src=\"https:\/\/farm4.staticflickr.com\/3946\/15384304268_13eb1e46dd_z.jpg\" alt=\"\" width=\"640\" height=\"349\" \/><\/p>\n<p>&nbsp;<\/p>\n<p>&nbsp;<\/p>\n<p><strong><em>Cuando llegamos a Torre de Benagalb\u00f3n parecia verano total, en esa zona mi\u00a0term\u00f3metro\u00a0llego a los 29 grados, esta imagen vale mas que mil palabras jijijij.<\/em><\/strong><\/p>\n<p>&nbsp;<\/p>\n<p><a href=\"https:\/\/blogs.diariosur.es\/tormentas-y-rayos\/2014\/10\/20\/las-lluvias-dejan-un-muerto-en-santa-cruz-de-tenerife-y-numerosos-danos-materiales-fotos-el-calor-seguira-de-protagonista-en-andalucia-el-rincon-y-velez-malaga-superaron-los-30-grados\/_dsc5088\/\" rel=\"attachment wp-att-9975\"><img loading=\"lazy\" class=\"aligncenter size-full wp-image-9975\" title=\"_DSC5088\" src=\"\/tormentas-y-rayos\/wp-content\/uploads\/sites\/12\/2014\/10\/DSC5088.jpg\" alt=\"\" width=\"640\" height=\"427\" srcset=\"https:\/\/static-blogs.diariosur.es\/wp-content\/uploads\/sites\/12\/2014\/10\/DSC5088.jpg 640w, https:\/\/static-blogs.diariosur.es\/wp-content\/uploads\/sites\/12\/2014\/10\/DSC5088-600x400.jpg 600w\" sizes=\"(max-width: 640px) 100vw, 640px\" \/><\/a><\/p>\n<p>&nbsp;<\/p>\n<p><strong>Sobre las dos de la tarde, el levante tomo protagonismo, \u00a0soplo moderado y en ocasiones fuerte. Poco mas que contar amigos. <\/strong><\/p>\n<p>&nbsp;<\/p>\n<p>&nbsp;<\/p>\n<p><strong>Os dejo con unas fotos de la impresionante tromba que cayo en San Cruz de Tenerife. Os paso datos facilitados por la Aemet.<\/strong><\/p>\n<p><a href=\"https:\/\/blogs.diariosur.es\/tormentas-y-rayos\/2014\/10\/20\/las-lluvias-dejan-un-muerto-en-santa-cruz-de-tenerife-y-numerosos-danos-materiales-fotos-el-calor-seguira-de-protagonista-en-andalucia-el-rincon-y-velez-malaga-superaron-los-30-grados\/tromba\/\" rel=\"attachment wp-att-9976\"><img loading=\"lazy\" class=\"aligncenter size-full wp-image-9976\" title=\"tromba\" src=\"\/tormentas-y-rayos\/wp-content\/uploads\/sites\/12\/2014\/10\/tromba.jpg\" alt=\"\" width=\"387\" height=\"401\" srcset=\"https:\/\/static-blogs.diariosur.es\/wp-content\/uploads\/sites\/12\/2014\/10\/tromba.jpg 387w, https:\/\/static-blogs.diariosur.es\/wp-content\/uploads\/sites\/12\/2014\/10\/tromba-386x400.jpg 386w\" sizes=\"(max-width: 387px) 100vw, 387px\" \/><\/a><\/p>\n<p>&nbsp;<\/p>\n<p>&nbsp;<\/p>\n<p>&nbsp;<\/p>\n<p><strong><em>Mi amigo Jonathan Jorge me manda estas fotos desde Tenerife.<\/em><\/strong><\/p>\n<p>&nbsp;<\/p>\n<p><a href=\"https:\/\/blogs.diariosur.es\/tormentas-y-rayos\/2014\/10\/20\/las-lluvias-dejan-un-muerto-en-santa-cruz-de-tenerife-y-numerosos-danos-materiales-fotos-el-calor-seguira-de-protagonista-en-andalucia-el-rincon-y-velez-malaga-superaron-los-30-grados\/1016903_10203812642655465_2311895893393058779_n\/\" rel=\"attachment wp-att-9967\"><img loading=\"lazy\" class=\"aligncenter size-full wp-image-9967\" title=\"1016903_10203812642655465_2311895893393058779_n\" src=\"\/tormentas-y-rayos\/wp-content\/uploads\/sites\/12\/2014\/10\/1016903_10203812642655465_2311895893393058779_n.jpg\" alt=\"\" width=\"450\" height=\"600\" srcset=\"https:\/\/static-blogs.diariosur.es\/wp-content\/uploads\/sites\/12\/2014\/10\/1016903_10203812642655465_2311895893393058779_n.jpg 450w, https:\/\/static-blogs.diariosur.es\/wp-content\/uploads\/sites\/12\/2014\/10\/1016903_10203812642655465_2311895893393058779_n-300x400.jpg 300w\" sizes=\"(max-width: 450px) 100vw, 450px\" \/><\/a><\/p>\n<p>&nbsp;<\/p>\n<p><a href=\"https:\/\/blogs.diariosur.es\/tormentas-y-rayos\/2014\/10\/20\/las-lluvias-dejan-un-muerto-en-santa-cruz-de-tenerife-y-numerosos-danos-materiales-fotos-el-calor-seguira-de-protagonista-en-andalucia-el-rincon-y-velez-malaga-superaron-los-30-grados\/1932650_10203810795889297_4346074187774198859_o\/\" rel=\"attachment wp-att-9968\"><img loading=\"lazy\" class=\"aligncenter size-full wp-image-9968\" title=\"1932650_10203810795889297_4346074187774198859_o\" src=\"\/tormentas-y-rayos\/wp-content\/uploads\/sites\/12\/2014\/10\/1932650_10203810795889297_4346074187774198859_o.jpg\" alt=\"\" width=\"640\" height=\"480\" srcset=\"https:\/\/static-blogs.diariosur.es\/wp-content\/uploads\/sites\/12\/2014\/10\/1932650_10203810795889297_4346074187774198859_o.jpg 640w, https:\/\/static-blogs.diariosur.es\/wp-content\/uploads\/sites\/12\/2014\/10\/1932650_10203810795889297_4346074187774198859_o-533x400.jpg 533w\" sizes=\"(max-width: 640px) 100vw, 640px\" \/><\/a><\/p>\n<p>&nbsp;<\/p>\n<p><a href=\"https:\/\/blogs.diariosur.es\/tormentas-y-rayos\/2014\/10\/20\/las-lluvias-dejan-un-muerto-en-santa-cruz-de-tenerife-y-numerosos-danos-materiales-fotos-el-calor-seguira-de-protagonista-en-andalucia-el-rincon-y-velez-malaga-superaron-los-30-grados\/10382342_10203812375448785_8969816453448235539_o\/\" rel=\"attachment wp-att-9969\"><img loading=\"lazy\" class=\"aligncenter size-full wp-image-9969\" title=\"10382342_10203812375448785_8969816453448235539_o\" src=\"\/tormentas-y-rayos\/wp-content\/uploads\/sites\/12\/2014\/10\/10382342_10203812375448785_8969816453448235539_o.jpg\" alt=\"\" width=\"640\" height=\"480\" srcset=\"https:\/\/static-blogs.diariosur.es\/wp-content\/uploads\/sites\/12\/2014\/10\/10382342_10203812375448785_8969816453448235539_o.jpg 640w, https:\/\/static-blogs.diariosur.es\/wp-content\/uploads\/sites\/12\/2014\/10\/10382342_10203812375448785_8969816453448235539_o-533x400.jpg 533w\" sizes=\"(max-width: 640px) 100vw, 640px\" \/><\/a><\/p>\n<p>&nbsp;<\/p>\n<p><a href=\"https:\/\/blogs.diariosur.es\/tormentas-y-rayos\/2014\/10\/20\/las-lluvias-dejan-un-muerto-en-santa-cruz-de-tenerife-y-numerosos-danos-materiales-fotos-el-calor-seguira-de-protagonista-en-andalucia-el-rincon-y-velez-malaga-superaron-los-30-grados\/10624749_10203811509107127_6072763552494295602_n\/\" rel=\"attachment wp-att-9970\"><img loading=\"lazy\" class=\"aligncenter size-full wp-image-9970\" title=\"10624749_10203811509107127_6072763552494295602_n\" src=\"\/tormentas-y-rayos\/wp-content\/uploads\/sites\/12\/2014\/10\/10624749_10203811509107127_6072763552494295602_n.jpg\" alt=\"\" width=\"390\" height=\"693\" srcset=\"https:\/\/static-blogs.diariosur.es\/wp-content\/uploads\/sites\/12\/2014\/10\/10624749_10203811509107127_6072763552494295602_n.jpg 390w, https:\/\/static-blogs.diariosur.es\/wp-content\/uploads\/sites\/12\/2014\/10\/10624749_10203811509107127_6072763552494295602_n-225x400.jpg 225w\" sizes=\"(max-width: 390px) 100vw, 390px\" \/><\/a><\/p>\n<p>&nbsp;<\/p>\n<p><a href=\"https:\/\/blogs.diariosur.es\/tormentas-y-rayos\/2014\/10\/20\/las-lluvias-dejan-un-muerto-en-santa-cruz-de-tenerife-y-numerosos-danos-materiales-fotos-el-calor-seguira-de-protagonista-en-andalucia-el-rincon-y-velez-malaga-superaron-los-30-grados\/s-jonathan-jorge\/\" rel=\"attachment wp-att-9971\"><img loading=\"lazy\" class=\"aligncenter size-full wp-image-9971\" title=\"s Jonathan Jorge\" src=\"\/tormentas-y-rayos\/wp-content\/uploads\/sites\/12\/2014\/10\/s-Jonathan-Jorge.jpg\" alt=\"\" width=\"440\" height=\"587\" srcset=\"https:\/\/static-blogs.diariosur.es\/wp-content\/uploads\/sites\/12\/2014\/10\/s-Jonathan-Jorge.jpg 440w, https:\/\/static-blogs.diariosur.es\/wp-content\/uploads\/sites\/12\/2014\/10\/s-Jonathan-Jorge-300x400.jpg 300w\" sizes=\"(max-width: 440px) 100vw, 440px\" \/><\/a><\/p>\n<p>&nbsp;<\/p>\n<p><strong><em>Tambi\u00e9n\u00a0se dieron los primeros copos de nieve en el Teide, Juan Jes\u00fas Hernandez Hernandez nos manda esta preciosa foto.<\/em><\/strong><\/p>\n<p><a href=\"https:\/\/blogs.diariosur.es\/tormentas-y-rayos\/2014\/10\/20\/las-lluvias-dejan-un-muerto-en-santa-cruz-de-tenerife-y-numerosos-danos-materiales-fotos-el-calor-seguira-de-protagonista-en-andalucia-el-rincon-y-velez-malaga-superaron-los-30-grados\/juan-jesus-hernandez-hernadez\/\" rel=\"attachment wp-att-9977\"><img loading=\"lazy\" class=\"aligncenter size-medium wp-image-9977\" title=\"juan jesus hernandez hernadez\" src=\"\/tormentas-y-rayos\/wp-content\/uploads\/sites\/12\/2014\/10\/juan-jesus-hernandez-hernadez.jpg\" alt=\"\" width=\"600\" height=\"398\" srcset=\"https:\/\/static-blogs.diariosur.es\/wp-content\/uploads\/sites\/12\/2014\/10\/juan-jesus-hernandez-hernadez.jpg 800w, https:\/\/static-blogs.diariosur.es\/wp-content\/uploads\/sites\/12\/2014\/10\/juan-jesus-hernandez-hernadez-603x400.jpg 603w, https:\/\/static-blogs.diariosur.es\/wp-content\/uploads\/sites\/12\/2014\/10\/juan-jesus-hernandez-hernadez-768x510.jpg 768w\" sizes=\"(max-width: 600px) 100vw, 600px\" \/><\/a><\/p>\n","protected":false},"excerpt":{"rendered":"<p>&nbsp; &nbsp; &nbsp; &nbsp; &nbsp; Buenos dias amigos de la meteo, son las seis y media de la ma\u00f1ana, registro 20,2 grados y los cielos malague\u00f1os est\u00e1n despejados. La provincia de Huelva si tiene algo mas de nubes tipo cirrus.\u00a0 Hoy seguiremos con la misma\u00a0t\u00f3nica\u00a0que ayer domingo, las\u00a0m\u00e1ximas\u00a0sobrepasaran los 30 grados en muchos puntos de\u00a0Andaluc\u00eda, [&hellip;]<\/p>\n","protected":false},"author":16,"featured_media":9978,"comment_status":"open","ping_status":"open","sticky":false,"template":"","format":"standard","meta":[],"categories":[2],"tags":[100,212,569,889,1035],"_links":{"self":[{"href":"https:\/\/blogs.diariosur.es\/tormentas-y-rayos\/wp-json\/wp\/v2\/posts\/9966"}],"collection":[{"href":"https:\/\/blogs.diariosur.es\/tormentas-y-rayos\/wp-json\/wp\/v2\/posts"}],"about":[{"href":"https:\/\/blogs.diariosur.es\/tormentas-y-rayos\/wp-json\/wp\/v2\/types\/post"}],"author":[{"embeddable":true,"href":"https:\/\/blogs.diariosur.es\/tormentas-y-rayos\/wp-json\/wp\/v2\/users\/16"}],"replies":[{"embeddable":true,"href":"https:\/\/blogs.diariosur.es\/tormentas-y-rayos\/wp-json\/wp\/v2\/comments?post=9966"}],"version-history":[{"count":0,"href":"https:\/\/blogs.diariosur.es\/tormentas-y-rayos\/wp-json\/wp\/v2\/posts\/9966\/revisions"}],"wp:featuredmedia":[{"embeddable":true,"href":"https:\/\/blogs.diariosur.es\/tormentas-y-rayos\/wp-json\/wp\/v2\/media\/9978"}],"wp:attachment":[{"href":"https:\/\/blogs.diariosur.es\/tormentas-y-rayos\/wp-json\/wp\/v2\/media?parent=9966"}],"wp:term":[{"taxonomy":"category","embeddable":true,"href":"https:\/\/blogs.diariosur.es\/tormentas-y-rayos\/wp-json\/wp\/v2\/categories?post=9966"},{"taxonomy":"post_tag","embeddable":true,"href":"https:\/\/blogs.diariosur.es\/tormentas-y-rayos\/wp-json\/wp\/v2\/tags?post=9966"}],"curies":[{"name":"wp","href":"https:\/\/api.w.org\/{rel}","templated":true}]}}