{"id":9979,"date":"2014-10-21T07:35:18","date_gmt":"2014-10-21T05:35:18","guid":{"rendered":"http:\/\/blogs.diariosur.es\/tormentas-y-rayos\/?p=9979"},"modified":"2014-10-21T07:35:18","modified_gmt":"2014-10-21T05:35:18","slug":"prevision-del-tiempo-hoy-martes-sera-el-dia-mas-caluroso-en-andalucia-nerja-registro-a-las-440-de-la-madrugada-del-lunes-31-7-grados-el-terral-de-otono-soplara-manana","status":"publish","type":"post","link":"https:\/\/blogs.diariosur.es\/tormentas-y-rayos\/2014\/10\/21\/prevision-del-tiempo-hoy-martes-sera-el-dia-mas-caluroso-en-andalucia-nerja-registro-a-las-440-de-la-madrugada-del-lunes-31-7-grados-el-terral-de-otono-soplara-manana\/","title":{"rendered":"Previsi\u00f3n del tiempo. Hoy martes sera el d\u00eda mas caluroso en Andaluc\u00eda. Nerja registro  a las 4:40 de la madrugada del lunes 31.7 grados. El terral de oto\u00f1o soplara ma\u00f1ana ."},"content":{"rendered":"<p><img loading=\"lazy\" class=\"aligncenter\" src=\"https:\/\/farm3.staticflickr.com\/2898\/14371881571_bbae3518b1_q.jpg\" alt=\"\" width=\"150\" height=\"150\" \/><\/p>\n<p>&nbsp;<\/p>\n<p>&nbsp;<\/p>\n<p>&nbsp;<\/p>\n<p>&nbsp;<\/p>\n<p><strong>Buenos dias amigos de la meteo, cuando son las seis y media de la ma\u00f1ana, registro 20.4 grados en M\u00e1laga Capital, los cielos\u00a0est\u00e1n\u00a0despejados pero con un poco de calima. Durante el\u00a0d\u00eda\u00a0de hoy el calor\u00a0seguir\u00e1\u00a0de protagonista,\u00a0siendo el Valle del Guadalquivir donde las\u00a0m\u00e1ximas\u00a0en muchos puntos sobrepasaran \u00a0los 32 grados. El viento de levante que ha sido protagonista estos\u00a0d\u00edas, en estos momentos ya no sopla, solo la zona de Tarifa registra en estos momentos alguna racha moderada.\u00a0<\/strong><\/p>\n<p><strong>En la Costa\u00a0Mediterr\u00e1nea\u00a0Andaluza hay posibilidad de que en algunos puntos se den bancos de niebla. La\u00a0m\u00e1xima\u00a0de hoy en M\u00e1laga no la tengo muy clara, todo\u00a0depender\u00e1\u00a0si entran algunas rebozas de terral.<\/strong><\/p>\n<p><strong><span style=\"color: #ff0000;\">Ma\u00f1ana\u00a0mi\u00e9rcoles el terral de oto\u00f1o sera el protagonista en M\u00e1laga Capital y zonas expuestas a este viento, ya veremos que\u00a0m\u00e1xima\u00a0damos. Recordaros que el\u00a0r\u00e9cord<\/span><span style=\"color: #ff0000;\">\u00a0esta en 36 grados ( 11-10-1952 ). Las\u00a0m\u00e1ximas\u00a0ir\u00e1n\u00a0bajando en buena\u00a0parte de Andaluc\u00eda a partir de ma\u00f1ana.<\/span><\/strong><\/p>\n<p><img loading=\"lazy\" class=\"aligncenter\" src=\"https:\/\/farm4.staticflickr.com\/3904\/14353538456_9a3c31e11a.jpg\" alt=\"\" width=\"412\" height=\"500\" \/><\/p>\n<p><strong>Sobre la borrasca que tantos destrozos hizo hace dos dias en Santa Cruz de Tenerife, se\u00a0sit\u00faa\u00a0un poco mas al noroeste, en estos momentos sigue dejando chubascos en Tenerife, Gomera,Hierro y la Palma. En CNH sigue la evoluci\u00f3n de esta borrasca.<\/strong><\/p>\n<p><strong><a href=\"http:\/\/www.tiempo.com\/ram\/115762\/fases-de-una-borrasca-y-ciclogenesis-en-la-cercania-de-canarias\/\" rel=\"external nofollow\">. Os paso de nuevo el enlace, donde mi amigo \u00a0Francisco Mart\u00edn Le\u00f3n le hace un impresionante seguimiento \u00a0 en la REVISTA RAM<\/a><\/strong><\/p>\n<p>&nbsp;<\/p>\n<p><a href=\"https:\/\/blogs.diariosur.es\/tormentas-y-rayos\/2014\/10\/21\/prevision-del-tiempo-hoy-martes-sera-el-dia-mas-caluroso-en-andalucia-nerja-registro-a-las-440-de-la-madrugada-del-lunes-31-7-grados-el-terral-de-otono-soplara-manana\/captura-481\/\" rel=\"attachment wp-att-9986\"><img loading=\"lazy\" class=\"aligncenter size-medium wp-image-9986\" title=\"Captura\" src=\"\/tormentas-y-rayos\/wp-content\/uploads\/sites\/12\/2014\/10\/Captura32.jpg\" alt=\"\" width=\"548\" height=\"400\" srcset=\"https:\/\/static-blogs.diariosur.es\/wp-content\/uploads\/sites\/12\/2014\/10\/Captura32.jpg 752w, https:\/\/static-blogs.diariosur.es\/wp-content\/uploads\/sites\/12\/2014\/10\/Captura32-549x400.jpg 549w\" sizes=\"(max-width: 548px) 100vw, 548px\" \/><\/a><\/p>\n<p>&nbsp;<\/p>\n<p>&nbsp;<\/p>\n<p><strong>Mi amiga<span style=\"color: #000000;\">\u00a0<span style=\"color: #000000;\"><a id=\"js_6\" href=\"https:\/\/www.facebook.com\/maynaomi.jj?fref=photo\" data-hovercard=\"\/ajax\/hovercard\/user.php?id=100002425017397\" rel=\"external nofollow\">May Naomi Jj<\/a>\u00a0me manda esta foto del Teide con su primera nevada.<\/span><\/span><\/strong><\/p>\n<p>&nbsp;<\/p>\n<p><a href=\"https:\/\/blogs.diariosur.es\/tormentas-y-rayos\/2014\/10\/21\/prevision-del-tiempo-hoy-martes-sera-el-dia-mas-caluroso-en-andalucia-nerja-registro-a-las-440-de-la-madrugada-del-lunes-31-7-grados-el-terral-de-otono-soplara-manana\/10733831_722022551221905_1608649788923951577_o\/\" rel=\"attachment wp-att-9987\"><img loading=\"lazy\" class=\"aligncenter size-full wp-image-9987\" title=\"10733831_722022551221905_1608649788923951577_o\" src=\"\/tormentas-y-rayos\/wp-content\/uploads\/sites\/12\/2014\/10\/10733831_722022551221905_1608649788923951577_o.jpg\" alt=\"\" width=\"640\" height=\"370\" \/><\/a><\/p>\n<p><strong>Os hago un peque\u00f1o \u00a0de ayer lunes<\/strong><\/p>\n<p>&nbsp;<\/p>\n<p>&nbsp;<\/p>\n<p><strong>La\u00a0m\u00e1xima\u00a0en M\u00e1laga Capital fue de 28.9 grados. \u00a0Pero se dio un hecho curioso y que seguro que mi cu\u00f1ado se quedara sin palabras. <span style=\"color: #ff0000;\">Nerja registro a las 4:40 de la madrugada del lunes \u00a031.7 grados, impresionante este dato para un mes de octubre. Ni en verano se ha dado esto, pienso yo.\u00a0<\/span><\/strong><\/p>\n<p><strong><span style=\"color: #ff0000;\"> Os paso unos\u00a0gr\u00e1ficos\u00a0fuente aemet.\u00a0<\/span><\/strong><\/p>\n<p>&nbsp;<\/p>\n<p><a href=\"https:\/\/blogs.diariosur.es\/tormentas-y-rayos\/2014\/10\/21\/prevision-del-tiempo-hoy-martes-sera-el-dia-mas-caluroso-en-andalucia-nerja-registro-a-las-440-de-la-madrugada-del-lunes-31-7-grados-el-terral-de-otono-soplara-manana\/mm-12\/\" rel=\"attachment wp-att-9982\"><img loading=\"lazy\" class=\"aligncenter size-full wp-image-9982\" title=\"mm\" src=\"\/tormentas-y-rayos\/wp-content\/uploads\/sites\/12\/2014\/10\/mm1.jpg\" alt=\"\" width=\"425\" height=\"188\" \/><\/a><a href=\"https:\/\/blogs.diariosur.es\/tormentas-y-rayos\/2014\/10\/21\/prevision-del-tiempo-hoy-martes-sera-el-dia-mas-caluroso-en-andalucia-nerja-registro-a-las-440-de-la-madrugada-del-lunes-31-7-grados-el-terral-de-otono-soplara-manana\/nerja-3\/\" rel=\"attachment wp-att-9983\"><img loading=\"lazy\" class=\"aligncenter size-medium wp-image-9983\" title=\"nerja\" src=\"\/tormentas-y-rayos\/wp-content\/uploads\/sites\/12\/2014\/10\/nerja.jpg\" alt=\"\" width=\"600\" height=\"263\" srcset=\"https:\/\/static-blogs.diariosur.es\/wp-content\/uploads\/sites\/12\/2014\/10\/nerja.jpg 727w, https:\/\/static-blogs.diariosur.es\/wp-content\/uploads\/sites\/12\/2014\/10\/nerja-640x281.jpg 640w\" sizes=\"(max-width: 600px) 100vw, 600px\" \/><\/a><a href=\"https:\/\/blogs.diariosur.es\/tormentas-y-rayos\/2014\/10\/21\/prevision-del-tiempo-hoy-martes-sera-el-dia-mas-caluroso-en-andalucia-nerja-registro-a-las-440-de-la-madrugada-del-lunes-31-7-grados-el-terral-de-otono-soplara-manana\/nerjaja\/\" rel=\"attachment wp-att-9984\"><img loading=\"lazy\" class=\"aligncenter size-medium wp-image-9984\" title=\"nerjaja\" src=\"\/tormentas-y-rayos\/wp-content\/uploads\/sites\/12\/2014\/10\/nerjaja.jpg\" alt=\"\" width=\"600\" height=\"313\" srcset=\"https:\/\/static-blogs.diariosur.es\/wp-content\/uploads\/sites\/12\/2014\/10\/nerjaja.jpg 747w, https:\/\/static-blogs.diariosur.es\/wp-content\/uploads\/sites\/12\/2014\/10\/nerjaja-640x334.jpg 640w\" sizes=\"(max-width: 600px) 100vw, 600px\" \/><\/a><\/p>\n<p>&nbsp;<\/p>\n<p><strong>Antes de entrar a currar me pase por el paseo\u00a0mar\u00edtimo, la mar de fondo y el polvo en suspensi\u00f3n eran los protagonistas. En esos momentos los\u00a0term\u00f3metros marcaban los 20 grados.\u00a0<\/strong><\/p>\n<p>&nbsp;<\/p>\n<p><img loading=\"lazy\" class=\"aligncenter\" src=\"https:\/\/farm6.staticflickr.com\/5597\/15586767442_36f650852f_z.jpg\" alt=\"\" width=\"640\" height=\"427\" \/><\/p>\n<p>&nbsp;<\/p>\n<p>&nbsp;<\/p>\n<p>&nbsp;<\/p>\n<p><img loading=\"lazy\" class=\"aligncenter\" src=\"https:\/\/farm4.staticflickr.com\/3936\/15583271871_50d4617fcf_z.jpg\" alt=\"\" width=\"640\" height=\"324\" \/><\/p>\n<p>&nbsp;<\/p>\n<p><strong>Jose Luis Gil desde Marbella tambi\u00e9n cazaba el amanecer. Muy bonita amigo.<\/strong><\/p>\n<p>&nbsp;<\/p>\n<p><a href=\"https:\/\/blogs.diariosur.es\/tormentas-y-rayos\/2014\/10\/21\/prevision-del-tiempo-hoy-martes-sera-el-dia-mas-caluroso-en-andalucia-nerja-registro-a-las-440-de-la-madrugada-del-lunes-31-7-grados-el-terral-de-otono-soplara-manana\/jose-luis-gil-25\/\" rel=\"attachment wp-att-9981\"><img loading=\"lazy\" class=\"aligncenter size-full wp-image-9981\" title=\"jose luis gil\" src=\"\/tormentas-y-rayos\/wp-content\/uploads\/sites\/12\/2014\/10\/jose-luis-gil8.jpg\" alt=\"\" width=\"640\" height=\"360\" \/><\/a><\/p>\n<p>&nbsp;<\/p>\n<p>&nbsp;<\/p>\n<p><strong>Jorge Juan M\u00e1rquez Gonz\u00e1lez fotografiaba la puesta de sol, la calima\u00a0segu\u00eda\u00a0de protagonista. Preciosa foto amigo.<\/strong><\/p>\n<p>&nbsp;<\/p>\n<p><a href=\"https:\/\/blogs.diariosur.es\/tormentas-y-rayos\/2014\/10\/21\/prevision-del-tiempo-hoy-martes-sera-el-dia-mas-caluroso-en-andalucia-nerja-registro-a-las-440-de-la-madrugada-del-lunes-31-7-grados-el-terral-de-otono-soplara-manana\/jorge\/\" rel=\"attachment wp-att-9980\"><img loading=\"lazy\" class=\"aligncenter size-full wp-image-9980\" title=\"jorge\" src=\"\/tormentas-y-rayos\/wp-content\/uploads\/sites\/12\/2014\/10\/jorge.jpg\" alt=\"\" width=\"640\" height=\"480\" srcset=\"https:\/\/static-blogs.diariosur.es\/wp-content\/uploads\/sites\/12\/2014\/10\/jorge.jpg 640w, https:\/\/static-blogs.diariosur.es\/wp-content\/uploads\/sites\/12\/2014\/10\/jorge-533x400.jpg 533w\" sizes=\"(max-width: 640px) 100vw, 640px\" \/><\/a><\/p>\n<p><strong>Y no solo la calima era protagonista en M\u00e1laga, en Cadiz \u00a0tambi\u00e9n y en muchos otros puntos de\u00a0Andaluc\u00eda\u00a0se ha dado. Mi amigo Jose Manuel Curado \u00a0Observador Aeronautico de Meteorolog\u00eda en\u00a0<span style=\"color: #000000;\"><span style=\"color: #000000;\"><a id=\"js_11\" tabindex=\"0\" href=\"https:\/\/www.facebook.com\/pages\/AEMET\/666483866698191?ref=br_rs\" data-hovercard=\"\/ajax\/hovercard\/page.php?id=666483866698191\" rel=\"external nofollow\">AEMET<\/a>, me manda esta impresionante foto desde \u00a0el\u00a0Cerro de la Gloria, Villamart\u00edn (C\u00e1diz). . Muchas gracias Jose por compartirla.<\/span><\/span><\/strong><\/p>\n<p>&nbsp;<\/p>\n<p><a href=\"https:\/\/blogs.diariosur.es\/tormentas-y-rayos\/2014\/10\/21\/prevision-del-tiempo-hoy-martes-sera-el-dia-mas-caluroso-en-andalucia-nerja-registro-a-las-440-de-la-madrugada-del-lunes-31-7-grados-el-terral-de-otono-soplara-manana\/jose-manuel-curado-3\/\" rel=\"attachment wp-att-9988\"><img loading=\"lazy\" class=\"aligncenter size-full wp-image-9988\" title=\"jose manuel curado\" src=\"\/tormentas-y-rayos\/wp-content\/uploads\/sites\/12\/2014\/10\/jose-manuel-curado.jpg\" alt=\"\" width=\"640\" height=\"279\" \/><\/a><\/p>\n<p><strong>Os paso los datos mas destacados. Fuente aemet.<\/strong><\/p>\n<p><a href=\"https:\/\/blogs.diariosur.es\/tormentas-y-rayos\/2014\/10\/21\/prevision-del-tiempo-hoy-martes-sera-el-dia-mas-caluroso-en-andalucia-nerja-registro-a-las-440-de-la-madrugada-del-lunes-31-7-grados-el-terral-de-otono-soplara-manana\/datos-2\/\" rel=\"attachment wp-att-9985\"><img loading=\"lazy\" class=\"aligncenter size-large wp-image-9985\" title=\"datos\" src=\"\/tormentas-y-rayos\/wp-content\/uploads\/sites\/12\/2014\/10\/datos.jpg\" alt=\"\" width=\"489\" height=\"600\" srcset=\"https:\/\/static-blogs.diariosur.es\/wp-content\/uploads\/sites\/12\/2014\/10\/datos.jpg 802w, https:\/\/static-blogs.diariosur.es\/wp-content\/uploads\/sites\/12\/2014\/10\/datos-326x400.jpg 326w, https:\/\/static-blogs.diariosur.es\/wp-content\/uploads\/sites\/12\/2014\/10\/datos-768x941.jpg 768w\" sizes=\"(max-width: 489px) 100vw, 489px\" \/><\/a><\/p>\n","protected":false},"excerpt":{"rendered":"<p>&nbsp; &nbsp; &nbsp; &nbsp; Buenos dias amigos de la meteo, cuando son las seis y media de la ma\u00f1ana, registro 20.4 grados en M\u00e1laga Capital, los cielos\u00a0est\u00e1n\u00a0despejados pero con un poco de calima. Durante el\u00a0d\u00eda\u00a0de hoy el calor\u00a0seguir\u00e1\u00a0de protagonista,\u00a0siendo el Valle del Guadalquivir donde las\u00a0m\u00e1ximas\u00a0en muchos puntos sobrepasaran \u00a0los 32 grados. El viento de levante [&hellip;]<\/p>\n","protected":false},"author":16,"featured_media":9987,"comment_status":"open","ping_status":"open","sticky":false,"template":"","format":"standard","meta":[],"categories":[2],"tags":[100,212,809,980],"_links":{"self":[{"href":"https:\/\/blogs.diariosur.es\/tormentas-y-rayos\/wp-json\/wp\/v2\/posts\/9979"}],"collection":[{"href":"https:\/\/blogs.diariosur.es\/tormentas-y-rayos\/wp-json\/wp\/v2\/posts"}],"about":[{"href":"https:\/\/blogs.diariosur.es\/tormentas-y-rayos\/wp-json\/wp\/v2\/types\/post"}],"author":[{"embeddable":true,"href":"https:\/\/blogs.diariosur.es\/tormentas-y-rayos\/wp-json\/wp\/v2\/users\/16"}],"replies":[{"embeddable":true,"href":"https:\/\/blogs.diariosur.es\/tormentas-y-rayos\/wp-json\/wp\/v2\/comments?post=9979"}],"version-history":[{"count":0,"href":"https:\/\/blogs.diariosur.es\/tormentas-y-rayos\/wp-json\/wp\/v2\/posts\/9979\/revisions"}],"wp:featuredmedia":[{"embeddable":true,"href":"https:\/\/blogs.diariosur.es\/tormentas-y-rayos\/wp-json\/wp\/v2\/media\/9987"}],"wp:attachment":[{"href":"https:\/\/blogs.diariosur.es\/tormentas-y-rayos\/wp-json\/wp\/v2\/media?parent=9979"}],"wp:term":[{"taxonomy":"category","embeddable":true,"href":"https:\/\/blogs.diariosur.es\/tormentas-y-rayos\/wp-json\/wp\/v2\/categories?post=9979"},{"taxonomy":"post_tag","embeddable":true,"href":"https:\/\/blogs.diariosur.es\/tormentas-y-rayos\/wp-json\/wp\/v2\/tags?post=9979"}],"curies":[{"name":"wp","href":"https:\/\/api.w.org\/{rel}","templated":true}]}}