{"id":9989,"date":"2014-10-22T09:06:11","date_gmt":"2014-10-22T07:06:11","guid":{"rendered":"http:\/\/blogs.diariosur.es\/tormentas-y-rayos\/?p=9989"},"modified":"2014-10-22T09:06:11","modified_gmt":"2014-10-22T07:06:11","slug":"prevision-del-tiempo-bajan-las-maximas-en-muchos-puntos-de-andalucia-el-terral-de-otono-y-el-levante-protagonistas-hoy-miercoles-posible-sorpresa-minigalerna","status":"publish","type":"post","link":"https:\/\/blogs.diariosur.es\/tormentas-y-rayos\/2014\/10\/22\/prevision-del-tiempo-bajan-las-maximas-en-muchos-puntos-de-andalucia-el-terral-de-otono-y-el-levante-protagonistas-hoy-miercoles-posible-sorpresa-minigalerna\/","title":{"rendered":"Previsi\u00f3n del tiempo.&#8221; Bajan las m\u00e1ximas&#8221; en muchos puntos de Andaluc\u00eda. El terral de oto\u00f1o y el levante protagonistas hoy mi\u00e9rcoles. Posible sorpresa (minigalerna)."},"content":{"rendered":"<p><img loading=\"lazy\" class=\"aligncenter\" src=\"https:\/\/farm3.staticflickr.com\/2898\/14371881571_bbae3518b1_q.jpg\" alt=\"\" width=\"150\" height=\"150\" \/><\/p>\n<p>&nbsp;<\/p>\n<p>&nbsp;<\/p>\n<p>&nbsp;<\/p>\n<p>&nbsp;<\/p>\n<p><strong>Buenos dias amigos de la meteo. <\/strong><\/p>\n<p><strong>\u00a0Cuando son las seis y media de la ma\u00f1ana, registro 22.7 grados, \u00a0los cielos malague\u00f1os est\u00e1n poco nubosos y el terral de oto\u00f1o ya es el protagonista. <\/strong><\/p>\n<p><strong>Para los que\u00a0entr\u00e9is\u00a0por primera vez, solo comentaros que el terral sopla durante todo el a\u00f1o y que yo particularmente para diferenciarlo le pongo las estaciones. La gran\u00a0mayor\u00eda\u00a0asocia el terral con el aire caliente, pero en muchas\u00a0ocasiones y sobre todo en invierno es cuando mas frio hace en M\u00e1laga Capital.<\/strong><\/p>\n<p><strong> Aclarado esto, hablemos de lo que pueda pasar hoy. Intentare explicarlo de forma sencilla como siempre.<\/strong><\/p>\n<p><strong>Primero, que debido a una fuerte borrasca<span style=\"color: #ff0000;\"> ( ex Hurac\u00e1n\u00a0Gonzalo)<\/span>\u00a0que cruza rapidamente el centro del continente europeo, y en \u00a0segundo lugar \u00a0al \u00a0posicionamiento\u00a0del anticicl\u00f3n al norte de\u00a0pen\u00ednsula,\u00a0har\u00e1\u00a0que los vientos soplen \u00a0 del noroeste y\u00a0norte ( cierzo, tramontana) con rachas muy fuertes en Catalu\u00f1a, Arag\u00f3n y Baleares. Os paso un mapa de superficie. Fuente Hirlam Aemet.<\/strong><\/p>\n<p>&nbsp;<\/p>\n<p><a href=\"https:\/\/blogs.diariosur.es\/tormentas-y-rayos\/2014\/10\/22\/prevision-del-tiempo-bajan-las-maximas-en-muchos-puntos-de-andalucia-el-terral-de-otono-y-el-levante-protagonistas-hoy-miercoles-posible-sorpresa-minigalerna\/miercoles-5\/\" rel=\"attachment wp-att-9991\"><img loading=\"lazy\" class=\"aligncenter size-medium wp-image-9991\" title=\"miercoles\" src=\"\/tormentas-y-rayos\/wp-content\/uploads\/sites\/12\/2014\/10\/miercoles1.jpg\" alt=\"\" width=\"557\" height=\"400\" srcset=\"https:\/\/static-blogs.diariosur.es\/wp-content\/uploads\/sites\/12\/2014\/10\/miercoles1.jpg 733w, https:\/\/static-blogs.diariosur.es\/wp-content\/uploads\/sites\/12\/2014\/10\/miercoles1-557x400.jpg 557w\" sizes=\"(max-width: 557px) 100vw, 557px\" \/><\/a><\/p>\n<p>&nbsp;<\/p>\n<p><strong>Por este motivo, a nuestra provincia malague\u00f1a y buena parte de\u00a0Andaluc\u00eda\u00a0el viento\u00a0tendr\u00e1\u00a0componente norte noreste. Esto\u00a0har\u00e1\u00a0que\u00a0M\u00e1laga\u00a0Capital y zonas\u00a0expuesta\u00a0al terral de oto\u00f1o registren\u00a0m\u00e1ximas\u00a0que\u00a0sobrepasaran\u00a0los 30 grados o mas. Las temperaturas a 850 hpa ( 1500 m ) rondan los 20 grados ( masa de aire\u00a0c\u00e1lido) por este motivo el terral se recalentara hoy. Si a 850 hpa\u00a0tuvi\u00e9ramos\u00a05 o 9 grados el terral seria un terral fresco.\u00a0<\/strong><\/p>\n<p><strong> La borrasca ( ex Hurac\u00e1n Gonzalo ) va que se las pela de\u00a0r\u00e1pida,\u00a0\u00a0enseguida \u00a0se situara entre Grecia e Italia. En ese momento el terral dejara de soplar y el levante entrara con rachas fuertes en la Costa Malague\u00f1a durante unos minutos. Yo hace mucho tiempo que le llamo minigalerna, mis amigos pescadores lo llaman viento sucio. En algunas ocasiones ha dado mas de un susto.<\/strong><\/p>\n<p><strong> No se si\u00a0record\u00e1is\u00a0hace un dos veranos que paso esto \u00a0en la\u00a0Bah\u00eda\u00a0de M\u00e1laga, ese\u00a0d\u00eda\u00a0tambi\u00e9n soplaba terral y de pronto a los pocos minutos entro la minigalerna de levante. Bajo la temperatura en pocos minutos 9 grados y las rachas\u00a0se aproximaron a los 60\u00a0kil\u00f3metros por\u00a0hora. Otra vez que se dio esta\u00a0circunstancia\u00a0fue en el gran\u00a0incendio\u00a0del 2012 que tuvo la provincia malague\u00f1a en 30 de Agosto. Ese\u00a0d\u00eda\u00a0tambi\u00e9n soplaba terral, pero por la madrugada se registro una minigalerna que avivo el fuego.<\/strong><\/p>\n<p><strong>A todo esto amigos de la meteo, lo mismo al entrar el levante esta tarde no se da la minigalerna, ya sab\u00e9is que la meteo es muy caprichosa. Por eso pongo posible minigalerna en el titulo. Pero calor seguro que si.<\/strong><\/p>\n<p><strong>Tambi\u00e9n comentaros que el polvo en suspensi\u00f3n o calima se quitara durante el dia de hoy. Ya no veremos estos bonitos amaneceres. En\u00a0Andaluc\u00eda\u00a0occidental bajaran las\u00a0m\u00e1ximas\u00a0a partir de ma\u00f1ana.<\/strong><\/p>\n<p><a href=\"https:\/\/blogs.diariosur.es\/tormentas-y-rayos\/2014\/10\/22\/prevision-del-tiempo-bajan-las-maximas-en-muchos-puntos-de-andalucia-el-terral-de-otono-y-el-levante-protagonistas-hoy-miercoles-posible-sorpresa-minigalerna\/_dsc2267\/\" rel=\"attachment wp-att-9995\"><img loading=\"lazy\" class=\"aligncenter size-full wp-image-9995\" title=\"_DSC2267\" src=\"\/tormentas-y-rayos\/wp-content\/uploads\/sites\/12\/2014\/10\/DSC2267.jpg\" alt=\"\" width=\"640\" height=\"427\" srcset=\"https:\/\/static-blogs.diariosur.es\/wp-content\/uploads\/sites\/12\/2014\/10\/DSC2267.jpg 640w, https:\/\/static-blogs.diariosur.es\/wp-content\/uploads\/sites\/12\/2014\/10\/DSC2267-600x400.jpg 600w\" sizes=\"(max-width: 640px) 100vw, 640px\" \/><\/a><\/p>\n<p>&nbsp;<\/p>\n<p>&nbsp;<\/p>\n<p>&nbsp;<\/p>\n<p>&nbsp;<\/p>\n<p><span style=\"color: #0000ff;\"><strong>Como hoy libro, os dejo un momento \u00a0y tiro para la playa de la misericordia. El sol sale hasta el s\u00e1bado 25 sobre las ocho y media. El domingo 26 seria a las siete y media. Asi que aprovechar los que no sois madrugadores<\/strong><\/span>.<\/p>\n<p><span><span style=\"color: #0000ff;\">\u00a0<\/span><strong><span style=\"color: #0000ff;\">Una pasada el amanecer de hoy, aun tenemos un poco de calima que ha hecho de filtro para poder ver perfectamente sin molestar la salida del sol.\u00a0Tambi\u00e9n\u00a0\u00a0ten\u00edamos\u00a0alg\u00fan\u00a0lenticular, prueba de que el terral sopla.<\/span><\/strong><\/span><\/p>\n<p>&nbsp;<\/p>\n<p><a href=\"https:\/\/blogs.diariosur.es\/tormentas-y-rayos\/2014\/10\/22\/prevision-del-tiempo-bajan-las-maximas-en-muchos-puntos-de-andalucia-el-terral-de-otono-y-el-levante-protagonistas-hoy-miercoles-posible-sorpresa-minigalerna\/z-38\/\" rel=\"attachment wp-att-9996\"><img loading=\"lazy\" class=\"aligncenter size-full wp-image-9996\" title=\"z\" src=\"\/tormentas-y-rayos\/wp-content\/uploads\/sites\/12\/2014\/10\/z1.jpg\" alt=\"\" width=\"640\" height=\"427\" srcset=\"https:\/\/static-blogs.diariosur.es\/wp-content\/uploads\/sites\/12\/2014\/10\/z1.jpg 640w, https:\/\/static-blogs.diariosur.es\/wp-content\/uploads\/sites\/12\/2014\/10\/z1-600x400.jpg 600w\" sizes=\"(max-width: 640px) 100vw, 640px\" \/><\/a><\/p>\n<p>&nbsp;<\/p>\n<p><a href=\"https:\/\/blogs.diariosur.es\/tormentas-y-rayos\/2014\/10\/22\/prevision-del-tiempo-bajan-las-maximas-en-muchos-puntos-de-andalucia-el-terral-de-otono-y-el-levante-protagonistas-hoy-miercoles-posible-sorpresa-minigalerna\/z1-23\/\" rel=\"attachment wp-att-9997\"><img loading=\"lazy\" class=\"aligncenter size-full wp-image-9997\" title=\"z1\" src=\"\/tormentas-y-rayos\/wp-content\/uploads\/sites\/12\/2014\/10\/z11.jpg\" alt=\"\" width=\"640\" height=\"427\" srcset=\"https:\/\/static-blogs.diariosur.es\/wp-content\/uploads\/sites\/12\/2014\/10\/z11.jpg 640w, https:\/\/static-blogs.diariosur.es\/wp-content\/uploads\/sites\/12\/2014\/10\/z11-600x400.jpg 600w\" sizes=\"(max-width: 640px) 100vw, 640px\" \/><\/a><\/p>\n<p>&nbsp;<\/p>\n<p><strong>Os paso los datos mas destacados que se dieron ayer martes en\u00a0Andaluc\u00eda. Antequera dio una maxima de 33.1 grados. Fuente Aemet.<\/strong><\/p>\n<p>&nbsp;<\/p>\n<p><a href=\"https:\/\/blogs.diariosur.es\/tormentas-y-rayos\/2014\/10\/22\/prevision-del-tiempo-bajan-las-maximas-en-muchos-puntos-de-andalucia-el-terral-de-otono-y-el-levante-protagonistas-hoy-miercoles-posible-sorpresa-minigalerna\/captura-484\/\" rel=\"attachment wp-att-9994\"><img loading=\"lazy\" class=\"aligncenter size-large wp-image-9994\" title=\"Captura\" src=\"\/tormentas-y-rayos\/wp-content\/uploads\/sites\/12\/2014\/10\/Captura35.jpg\" alt=\"\" width=\"580\" height=\"600\" srcset=\"https:\/\/static-blogs.diariosur.es\/wp-content\/uploads\/sites\/12\/2014\/10\/Captura35.jpg 795w, https:\/\/static-blogs.diariosur.es\/wp-content\/uploads\/sites\/12\/2014\/10\/Captura35-387x400.jpg 387w, https:\/\/static-blogs.diariosur.es\/wp-content\/uploads\/sites\/12\/2014\/10\/Captura35-768x794.jpg 768w\" sizes=\"(max-width: 580px) 100vw, 580px\" \/><\/a><\/p>\n<p>&nbsp;<\/p>\n<p>&nbsp;<\/p>\n<p>&nbsp;<\/p>\n<p>&nbsp;<\/p>\n","protected":false},"excerpt":{"rendered":"<p>&nbsp; &nbsp; &nbsp; &nbsp; Buenos dias amigos de la meteo. \u00a0Cuando son las seis y media de la ma\u00f1ana, registro 22.7 grados, \u00a0los cielos malague\u00f1os est\u00e1n poco nubosos y el terral de oto\u00f1o ya es el protagonista. Para los que\u00a0entr\u00e9is\u00a0por primera vez, solo comentaros que el terral sopla durante todo el a\u00f1o y que yo [&hellip;]<\/p>\n","protected":false},"author":16,"featured_media":9997,"comment_status":"open","ping_status":"open","sticky":false,"template":"","format":"standard","meta":[],"categories":[2],"tags":[100,164,627,658,809,975,980],"_links":{"self":[{"href":"https:\/\/blogs.diariosur.es\/tormentas-y-rayos\/wp-json\/wp\/v2\/posts\/9989"}],"collection":[{"href":"https:\/\/blogs.diariosur.es\/tormentas-y-rayos\/wp-json\/wp\/v2\/posts"}],"about":[{"href":"https:\/\/blogs.diariosur.es\/tormentas-y-rayos\/wp-json\/wp\/v2\/types\/post"}],"author":[{"embeddable":true,"href":"https:\/\/blogs.diariosur.es\/tormentas-y-rayos\/wp-json\/wp\/v2\/users\/16"}],"replies":[{"embeddable":true,"href":"https:\/\/blogs.diariosur.es\/tormentas-y-rayos\/wp-json\/wp\/v2\/comments?post=9989"}],"version-history":[{"count":0,"href":"https:\/\/blogs.diariosur.es\/tormentas-y-rayos\/wp-json\/wp\/v2\/posts\/9989\/revisions"}],"wp:featuredmedia":[{"embeddable":true,"href":"https:\/\/blogs.diariosur.es\/tormentas-y-rayos\/wp-json\/wp\/v2\/media\/9997"}],"wp:attachment":[{"href":"https:\/\/blogs.diariosur.es\/tormentas-y-rayos\/wp-json\/wp\/v2\/media?parent=9989"}],"wp:term":[{"taxonomy":"category","embeddable":true,"href":"https:\/\/blogs.diariosur.es\/tormentas-y-rayos\/wp-json\/wp\/v2\/categories?post=9989"},{"taxonomy":"post_tag","embeddable":true,"href":"https:\/\/blogs.diariosur.es\/tormentas-y-rayos\/wp-json\/wp\/v2\/tags?post=9989"}],"curies":[{"name":"wp","href":"https:\/\/api.w.org\/{rel}","templated":true}]}}