{"id":9999,"date":"2014-10-23T07:29:34","date_gmt":"2014-10-23T05:29:34","guid":{"rendered":"http:\/\/blogs.diariosur.es\/tormentas-y-rayos\/?p=9999"},"modified":"2014-10-23T07:29:34","modified_gmt":"2014-10-23T05:29:34","slug":"prevision-del-tiempo-andalucia-malaga-capital-bate-el-record-historico-de-maxima-absoluta-en-octubre-desde-que-se-tienen-registros-36-1-grados","status":"publish","type":"post","link":"https:\/\/blogs.diariosur.es\/tormentas-y-rayos\/2014\/10\/23\/prevision-del-tiempo-andalucia-malaga-capital-bate-el-record-historico-de-maxima-absoluta-en-octubre-desde-que-se-tienen-registros-36-1-grados\/","title":{"rendered":"Previsi\u00f3n del tiempo Andaluc\u00eda. M\u00e1laga Capital bate el r\u00e9cord hist\u00f3rico de m\u00e1xima absoluta en Octubre desde que se tienen registros, 36.3 grados. ULTIMA HORA, SE ACTUALIZAN DATOS NUEVOS"},"content":{"rendered":"<p><img loading=\"lazy\" class=\"aligncenter\" src=\"https:\/\/farm3.staticflickr.com\/2898\/14371881571_bbae3518b1_q.jpg\" alt=\"\" width=\"150\" height=\"150\" \/><\/p>\n<p>&nbsp;<\/p>\n<p><strong>ULTIMA HORA: SE\u00a0ACTUALIZAN\u00a0LOS DATOS DE TEMPERATURAS DE AYER. \u00a0BESTIAL LO DE MARBELLA Y V\u00c9LEZ M\u00c1LAGA. \u00a0AL FINAL M\u00c1LAGA AEROPUERTO 36.3.<\/strong><\/p>\n<p><a href=\"https:\/\/blogs.diariosur.es\/tormentas-y-rayos\/2014\/10\/23\/prevision-del-tiempo-andalucia-malaga-capital-bate-el-record-historico-de-maxima-absoluta-en-octubre-desde-que-se-tienen-registros-36-1-grados\/bestial-2\/\" rel=\"attachment wp-att-10016\"><img loading=\"lazy\" class=\"aligncenter size-full wp-image-10016\" title=\"bestial\" src=\"\/tormentas-y-rayos\/wp-content\/uploads\/sites\/12\/2014\/10\/bestial.jpg\" alt=\"\" width=\"401\" height=\"242\" \/><\/a><\/p>\n<p>&nbsp;<\/p>\n<p><strong>Buenos\u00a0d\u00edas\u00a0amigos de la meteo. <\/strong><\/p>\n<p><strong>Son las seis de la ma\u00f1ana, registro 21.4 grados y los cielos Andaluces est\u00e1n poco nubosos. \u00a0Ayer M\u00e1laga Capital\u00a0bati\u00f3\u00a0el\u00a0r\u00e9cord\u00a0hist\u00f3rico\u00a0de temperatura\u00a0m\u00e1xima\u00a0absoluta desde que se tienen registros. \u00a0El anterior\u00a0r\u00e9cord\u00a0se dio un 11 de\u00a0Octubre del 1952, ayer\u00a0mi\u00e9rcoles\u00a022 de Octubre se registro 36.1 en el Aeropuerto, una\u00a0d\u00e9cima\u00a0mas. \u00a0En el Puerto fue de 35.9 y en el Centro\u00a0Meteorol\u00f3gico\u00a0en Teatinos de 35.6<\/strong><\/p>\n<p>&nbsp;<\/p>\n<p>&nbsp;<\/p>\n<p>&nbsp;<\/p>\n<p>&nbsp;<\/p>\n<p>&nbsp;<\/p>\n<p><a href=\"https:\/\/blogs.diariosur.es\/tormentas-y-rayos\/2014\/10\/23\/prevision-del-tiempo-andalucia-malaga-capital-bate-el-record-historico-de-maxima-absoluta-en-octubre-desde-que-se-tienen-registros-36-1-grados\/10511577_10203830588744106_6589752405217381025_o\/\" rel=\"attachment wp-att-10004\"><img loading=\"lazy\" class=\"aligncenter size-full wp-image-10004\" title=\"10511577_10203830588744106_6589752405217381025_o\" src=\"\/tormentas-y-rayos\/wp-content\/uploads\/sites\/12\/2014\/10\/10511577_10203830588744106_6589752405217381025_o.jpg\" alt=\"\" width=\"640\" height=\"360\" \/><\/a><\/p>\n<p>&nbsp;<\/p>\n<p><strong>Aunque tengo que confirmarlo, Marbella es su ultima\u00a0actualizaci\u00f3n\u00a0pone 37.1 , tambi\u00e9n seria\u00a0r\u00e9cord.<\/strong><\/p>\n<p><strong><a href=\"https:\/\/blogs.diariosur.es\/tormentas-y-rayos\/2014\/10\/23\/prevision-del-tiempo-andalucia-malaga-capital-bate-el-record-historico-de-maxima-absoluta-en-octubre-desde-que-se-tienen-registros-36-1-grados\/captura-485\/\" rel=\"attachment wp-att-10008\"><img loading=\"lazy\" class=\"aligncenter size-full wp-image-10008\" title=\"Captura\" src=\"\/tormentas-y-rayos\/wp-content\/uploads\/sites\/12\/2014\/10\/Captura36.jpg\" alt=\"\" width=\"379\" height=\"108\" \/><\/a>\u00a0<\/strong><\/p>\n<p>&nbsp;<\/p>\n<p><strong>En el a\u00f1o 1952 el dia 11 de Octubre, tambi\u00e9n\u00a0ten\u00edamos\u00a0una dorsal africana y una masa de aire\u00a0c\u00e1lido. Os paso unos mapas fuente wetterzentrale<\/strong><\/p>\n<p><a href=\"https:\/\/blogs.diariosur.es\/tormentas-y-rayos\/2014\/10\/23\/prevision-del-tiempo-andalucia-malaga-capital-bate-el-record-historico-de-maxima-absoluta-en-octubre-desde-que-se-tienen-registros-36-1-grados\/an\/\" rel=\"attachment wp-att-10005\"><img loading=\"lazy\" class=\"aligncenter size-medium wp-image-10005\" title=\"an\" src=\"\/tormentas-y-rayos\/wp-content\/uploads\/sites\/12\/2014\/10\/an.jpg\" alt=\"\" width=\"500\" height=\"400\" srcset=\"https:\/\/static-blogs.diariosur.es\/wp-content\/uploads\/sites\/12\/2014\/10\/an.jpg 759w, https:\/\/static-blogs.diariosur.es\/wp-content\/uploads\/sites\/12\/2014\/10\/an-501x400.jpg 501w\" sizes=\"(max-width: 500px) 100vw, 500px\" \/><\/a><\/p>\n<p><a href=\"https:\/\/blogs.diariosur.es\/tormentas-y-rayos\/2014\/10\/23\/prevision-del-tiempo-andalucia-malaga-capital-bate-el-record-historico-de-maxima-absoluta-en-octubre-desde-que-se-tienen-registros-36-1-grados\/antiguo-2\/\" rel=\"attachment wp-att-10006\"><img loading=\"lazy\" class=\"aligncenter size-medium wp-image-10006\" title=\"antiguo\" src=\"\/tormentas-y-rayos\/wp-content\/uploads\/sites\/12\/2014\/10\/antiguo.jpg\" alt=\"\" width=\"475\" height=\"400\" srcset=\"https:\/\/static-blogs.diariosur.es\/wp-content\/uploads\/sites\/12\/2014\/10\/antiguo.jpg 786w, https:\/\/static-blogs.diariosur.es\/wp-content\/uploads\/sites\/12\/2014\/10\/antiguo-476x400.jpg 476w, https:\/\/static-blogs.diariosur.es\/wp-content\/uploads\/sites\/12\/2014\/10\/antiguo-768x646.jpg 768w\" sizes=\"(max-width: 475px) 100vw, 475px\" \/><\/a><\/p>\n<p>&nbsp;<\/p>\n<p>&nbsp;<\/p>\n<p><strong>En el post que actualice ayer explicaba el motivo por el cual\u00a0entrar\u00eda\u00a0terral, <a href=\"https:\/\/blogs.diariosur.es\/tormentas-y-rayos\/2014\/10\/22\/prevision-del-tiempo-bajan-las-maximas-en-muchos-puntos-de-andalucia-el-terral-de-otono-y-el-levante-protagonistas-hoy-miercoles-posible-sorpresa-minigalerna\/\">os paso el enlace por si alguno quiere leerlo de nuevo.<\/a><\/strong><\/p>\n<p><strong>Lo que no se\u00a0cumpli\u00f3\u00a0fue lo de la minigalerna, el cambio de viento de terral a levante entro con viento normal, la temperatura bajo \u00a010 grados en poco tiempo. Os paso el\u00a0gr\u00e1fico\u00a0del puerto. Fuente Aemet.<\/strong><\/p>\n<p><a href=\"https:\/\/blogs.diariosur.es\/tormentas-y-rayos\/2014\/10\/23\/prevision-del-tiempo-andalucia-malaga-capital-bate-el-record-historico-de-maxima-absoluta-en-octubre-desde-que-se-tienen-registros-36-1-grados\/mini\/\" rel=\"attachment wp-att-10007\"><img loading=\"lazy\" class=\"aligncenter size-medium wp-image-10007\" title=\"mini\" src=\"\/tormentas-y-rayos\/wp-content\/uploads\/sites\/12\/2014\/10\/mini.jpg\" alt=\"\" width=\"600\" height=\"268\" srcset=\"https:\/\/static-blogs.diariosur.es\/wp-content\/uploads\/sites\/12\/2014\/10\/mini.jpg 702w, https:\/\/static-blogs.diariosur.es\/wp-content\/uploads\/sites\/12\/2014\/10\/mini-640x286.jpg 640w\" sizes=\"(max-width: 600px) 100vw, 600px\" \/><\/a><\/p>\n<p><strong>El motivo por el cual no entro la minigalerna como en otras ocasiones, pues ni idea amigos. Lo que si me di cuenta estando en la playa es que el terral venia \u00a0de componente norte y no noroeste, poco a poco cambio a noreste y este. Lo que si esta claro es que el calor si fue el protagonista y todos los malague\u00f1os hablaban de lo mismo ayer <\/strong><\/p>\n<p><strong>QUE CAL\u00d3 HACE DIOS MIO<\/strong><\/p>\n<p>&nbsp;<\/p>\n<p>&nbsp;<\/p>\n<p>&nbsp;<\/p>\n<p>&nbsp;<\/p>\n<p><img loading=\"lazy\" class=\"aligncenter\" src=\"https:\/\/farm4.staticflickr.com\/3837\/14396804033_86a3d305c4.jpg\" alt=\"\" width=\"371\" height=\"500\" \/><\/p>\n<p>&nbsp;<\/p>\n<p>&nbsp;<\/p>\n<p><a href=\"https:\/\/blogs.diariosur.es\/tormentas-y-rayos\/2014\/10\/23\/prevision-del-tiempo-andalucia-malaga-capital-bate-el-record-historico-de-maxima-absoluta-en-octubre-desde-que-se-tienen-registros-36-1-grados\/10734192_932549216775224_7045339844367509231_n\/\" rel=\"attachment wp-att-10014\"><img loading=\"lazy\" class=\"aligncenter size-full wp-image-10014\" title=\"10734192_932549216775224_7045339844367509231_n\" src=\"\/tormentas-y-rayos\/wp-content\/uploads\/sites\/12\/2014\/10\/10734192_932549216775224_7045339844367509231_n.jpg\" alt=\"\" width=\"320\" height=\"320\" srcset=\"https:\/\/static-blogs.diariosur.es\/wp-content\/uploads\/sites\/12\/2014\/10\/10734192_932549216775224_7045339844367509231_n.jpg 320w, https:\/\/static-blogs.diariosur.es\/wp-content\/uploads\/sites\/12\/2014\/10\/10734192_932549216775224_7045339844367509231_n-150x150.jpg 150w\" sizes=\"(max-width: 320px) 100vw, 320px\" \/><\/a><\/p>\n<p><strong>No solo M\u00e1laga registro ese\u00a0r\u00e9cord para un mes de Octubre\u00a0, tambi\u00e9n se dio en Huelva . Aqui el\u00a0r\u00e9cord\u00a0anterior estaba en 34.7 grados un 9 de Octubre del 2012, ayer registro 35.5 grados.<\/strong><\/p>\n<p>&nbsp;<\/p>\n<p><strong>Tranquilidad\u00a0amigos\u00a0de la meteo, el levante toma protagonismo a partir de hoy, y hasta el fin de semana. Aunque este polimorfo los uso en verano, no me he podido resistir en ponerlo hoy jijijij. \u00a0Lo malo que no se esperan lluvias de\u00a0aqu\u00ed\u00a0a final de mes. Y lo que es\u00a0fr\u00edo\u00a0tampoco.\u00a0<\/strong><\/p>\n<p>&nbsp;<\/p>\n<p><img loading=\"lazy\" class=\"aligncenter\" src=\"https:\/\/farm3.staticflickr.com\/2938\/14216709420_e901192f2d_o.jpg\" alt=\"\" width=\"430\" height=\"526\" \/><\/p>\n<p>&nbsp;<\/p>\n<p>&nbsp;<\/p>\n<p><strong>Ma\u00f1ana viernes incluso se pueden dar bancos de niebla en el litoral.<\/strong><\/p>\n<p><strong>Os hago un peque\u00f1o resumen del\u00a0d\u00eda\u00a0hist\u00f3rico\u00a0de ayer.\u00a0<\/strong><\/p>\n<p><strong>Por la ma\u00f1ana me fui a fotografiar el amanecer, fue precioso, ya que aun\u00a0ten\u00edamos\u00a0un poco de calima. Ayer os puse unas fotos , os pongo mas.<\/strong><\/p>\n<p>&nbsp;<\/p>\n<p><img loading=\"lazy\" class=\"aligncenter\" src=\"https:\/\/farm6.staticflickr.com\/5612\/14977917444_fa9cb3bc69_z.jpg\" alt=\"\" width=\"640\" height=\"433\" \/><\/p>\n<p>&nbsp;<\/p>\n<p>&nbsp;<\/p>\n<p><img loading=\"lazy\" class=\"aligncenter\" src=\"https:\/\/farm6.staticflickr.com\/5616\/15416849487_427f905892_z.jpg\" alt=\"\" width=\"640\" height=\"358\" \/><\/p>\n<p>&nbsp;<\/p>\n<p>&nbsp;<\/p>\n<p><img loading=\"lazy\" class=\"aligncenter\" src=\"https:\/\/farm6.staticflickr.com\/5597\/15595983801_44001b7eaf_z.jpg\" alt=\"\" width=\"640\" height=\"427\" \/><\/p>\n<p>&nbsp;<\/p>\n<p><strong>Sobre las once de la\u00a0ma\u00f1ana\u00a0me fui a la playa de la misericordia, el aire caliente ya se notaba en esa zona. No es puedo poner una foto\u00a0porque\u00a0la borre de la tarjeta sin darme cuenta, pa matarme, menos mal que no fue un tornado jijijij.<\/strong><\/p>\n<p><strong>Sobre las tres y media cog\u00ed la moto y tire\u00a0r\u00e1pido\u00a0y veloz para la playa ( en\u00a0ning\u00fan\u00a0momento rebase la velocidad\u00a0permitida\u00a0\u00a0jijij).<\/strong><\/p>\n<p><strong> En el\u00a0term\u00f3metro\u00a0cercano a Torre M\u00f3nica marcaba 40 grados al sol, en la moto ya me daba que\u00a0podr\u00edamos\u00a0batir\u00a0r\u00e9cord. Nada mas llegar plante la\u00a0c\u00e1mara\u00a0chica para grabar la minigalerna, pero un moj\u00f3n pa mi, el aire fue cambiando poco a poco, pero sin rachas fuertes.\u00a0\u00a0Mi amigo David Mancebo que me acompa\u00f1aba se fue un poco antes, pero me comento que se\u00a0hab\u00eda\u00a0ba\u00f1ado por la zona del Espig\u00f3n de la\u00a0t\u00e9rmica\u00a0y que el agua estaba buena.<\/strong><\/p>\n<p><strong>Dos horas estuve esperando a la &#8230;&#8230;&#8230;.. minigalerna, he cogido hasta mas color que en verano, lo peor el dolor de cabeza. Os paso unas fotos.<\/strong><\/p>\n<p>&nbsp;<\/p>\n<p>&nbsp;<\/p>\n<p>&nbsp;<\/p>\n<p>&nbsp;<\/p>\n<p><a href=\"https:\/\/blogs.diariosur.es\/tormentas-y-rayos\/2014\/10\/23\/prevision-del-tiempo-andalucia-malaga-capital-bate-el-record-historico-de-maxima-absoluta-en-octubre-desde-que-se-tienen-registros-36-1-grados\/10708587_10203828652215694_6667188358698196863_o\/\" rel=\"attachment wp-att-10000\"><img loading=\"lazy\" class=\"aligncenter size-full wp-image-10000\" title=\"10708587_10203828652215694_6667188358698196863_o\" src=\"\/tormentas-y-rayos\/wp-content\/uploads\/sites\/12\/2014\/10\/10708587_10203828652215694_6667188358698196863_o.jpg\" alt=\"\" width=\"640\" height=\"360\" \/><\/a><\/p>\n<p>&nbsp;<\/p>\n<p><a href=\"https:\/\/blogs.diariosur.es\/tormentas-y-rayos\/2014\/10\/23\/prevision-del-tiempo-andalucia-malaga-capital-bate-el-record-historico-de-maxima-absoluta-en-octubre-desde-que-se-tienen-registros-36-1-grados\/10636933_10203829883326471_1952740306543642363_o\/\" rel=\"attachment wp-att-10001\"><img loading=\"lazy\" class=\"aligncenter size-full wp-image-10001\" title=\"10636933_10203829883326471_1952740306543642363_o\" src=\"\/tormentas-y-rayos\/wp-content\/uploads\/sites\/12\/2014\/10\/10636933_10203829883326471_1952740306543642363_o.jpg\" alt=\"\" width=\"640\" height=\"360\" \/><\/a><\/p>\n<p>&nbsp;<\/p>\n<p>&nbsp;<\/p>\n<p><a href=\"https:\/\/blogs.diariosur.es\/tormentas-y-rayos\/2014\/10\/23\/prevision-del-tiempo-andalucia-malaga-capital-bate-el-record-historico-de-maxima-absoluta-en-octubre-desde-que-se-tienen-registros-36-1-grados\/1523918_10203828879941387_2199010129041130723_o\/\" rel=\"attachment wp-att-10002\"><img loading=\"lazy\" class=\"aligncenter size-full wp-image-10002\" title=\"1523918_10203828879941387_2199010129041130723_o\" src=\"\/tormentas-y-rayos\/wp-content\/uploads\/sites\/12\/2014\/10\/1523918_10203828879941387_2199010129041130723_o.jpg\" alt=\"\" width=\"640\" height=\"360\" \/><\/a><\/p>\n<p>&nbsp;<\/p>\n<p><a href=\"https:\/\/blogs.diariosur.es\/tormentas-y-rayos\/2014\/10\/23\/prevision-del-tiempo-andalucia-malaga-capital-bate-el-record-historico-de-maxima-absoluta-en-octubre-desde-que-se-tienen-registros-36-1-grados\/_dsc5125\/\" rel=\"attachment wp-att-10003\"><img loading=\"lazy\" class=\"aligncenter size-full wp-image-10003\" title=\"_DSC5125\" src=\"\/tormentas-y-rayos\/wp-content\/uploads\/sites\/12\/2014\/10\/DSC5125.jpg\" alt=\"\" width=\"640\" height=\"427\" srcset=\"https:\/\/static-blogs.diariosur.es\/wp-content\/uploads\/sites\/12\/2014\/10\/DSC5125.jpg 640w, https:\/\/static-blogs.diariosur.es\/wp-content\/uploads\/sites\/12\/2014\/10\/DSC5125-600x400.jpg 600w\" sizes=\"(max-width: 640px) 100vw, 640px\" \/><\/a><\/p>\n<p><strong>Os dejo con estas bonitas fotos que me\u00a0hab\u00e9is\u00a0mandado.<\/strong><\/p>\n<p>&nbsp;<\/p>\n<p><strong>Beatriz Mar\u00eda<\/strong><\/p>\n<p>&nbsp;<\/p>\n<p>&nbsp;<\/p>\n<p><a href=\"https:\/\/blogs.diariosur.es\/tormentas-y-rayos\/2014\/10\/23\/prevision-del-tiempo-andalucia-malaga-capital-bate-el-record-historico-de-maxima-absoluta-en-octubre-desde-que-se-tienen-registros-36-1-grados\/beatriz-maria-5\/\" rel=\"attachment wp-att-10009\"><img loading=\"lazy\" class=\"aligncenter size-full wp-image-10009\" title=\"beatriz maria\" src=\"\/tormentas-y-rayos\/wp-content\/uploads\/sites\/12\/2014\/10\/beatriz-maria.jpg\" alt=\"\" width=\"640\" height=\"481\" srcset=\"https:\/\/static-blogs.diariosur.es\/wp-content\/uploads\/sites\/12\/2014\/10\/beatriz-maria.jpg 640w, https:\/\/static-blogs.diariosur.es\/wp-content\/uploads\/sites\/12\/2014\/10\/beatriz-maria-532x400.jpg 532w\" sizes=\"(max-width: 640px) 100vw, 640px\" \/><\/a><\/p>\n<p>&nbsp;<\/p>\n<p><strong>Juan Repetto<\/strong><\/p>\n<p>&nbsp;<\/p>\n<p><a href=\"https:\/\/blogs.diariosur.es\/tormentas-y-rayos\/2014\/10\/23\/prevision-del-tiempo-andalucia-malaga-capital-bate-el-record-historico-de-maxima-absoluta-en-octubre-desde-que-se-tienen-registros-36-1-grados\/juan-repetto-6\/\" rel=\"attachment wp-att-10010\"><img loading=\"lazy\" class=\"aligncenter size-full wp-image-10010\" title=\"juan repetto\" src=\"\/tormentas-y-rayos\/wp-content\/uploads\/sites\/12\/2014\/10\/juan-repetto.jpg\" alt=\"\" width=\"640\" height=\"480\" srcset=\"https:\/\/static-blogs.diariosur.es\/wp-content\/uploads\/sites\/12\/2014\/10\/juan-repetto.jpg 640w, https:\/\/static-blogs.diariosur.es\/wp-content\/uploads\/sites\/12\/2014\/10\/juan-repetto-533x400.jpg 533w\" sizes=\"(max-width: 640px) 100vw, 640px\" \/><\/a><\/p>\n<p>&nbsp;<\/p>\n<p>&nbsp;<\/p>\n<p><strong>Paqui Lara.<\/strong><\/p>\n<p>&nbsp;<\/p>\n<p><a href=\"https:\/\/blogs.diariosur.es\/tormentas-y-rayos\/2014\/10\/23\/prevision-del-tiempo-andalucia-malaga-capital-bate-el-record-historico-de-maxima-absoluta-en-octubre-desde-que-se-tienen-registros-36-1-grados\/paqui-lara-2\/\" rel=\"attachment wp-att-10011\"><img loading=\"lazy\" class=\"aligncenter size-full wp-image-10011\" title=\"paqui lara\" src=\"\/tormentas-y-rayos\/wp-content\/uploads\/sites\/12\/2014\/10\/paqui-lara1.jpg\" alt=\"\" width=\"640\" height=\"360\" \/><\/a><\/p>\n<p>&nbsp;<\/p>\n<p><strong>Macu Prieto<\/strong><\/p>\n<p><a href=\"https:\/\/blogs.diariosur.es\/tormentas-y-rayos\/2014\/10\/23\/prevision-del-tiempo-andalucia-malaga-capital-bate-el-record-historico-de-maxima-absoluta-en-octubre-desde-que-se-tienen-registros-36-1-grados\/macu-prieto-8\/\" rel=\"attachment wp-att-10012\"><img loading=\"lazy\" class=\"aligncenter size-full wp-image-10012\" title=\"macu prieto\" src=\"\/tormentas-y-rayos\/wp-content\/uploads\/sites\/12\/2014\/10\/macu-prieto2.jpg\" alt=\"\" width=\"640\" height=\"426\" srcset=\"https:\/\/static-blogs.diariosur.es\/wp-content\/uploads\/sites\/12\/2014\/10\/macu-prieto2.jpg 640w, https:\/\/static-blogs.diariosur.es\/wp-content\/uploads\/sites\/12\/2014\/10\/macu-prieto2-601x400.jpg 601w\" sizes=\"(max-width: 640px) 100vw, 640px\" \/><\/a><\/p>\n<p>&nbsp;<\/p>\n<p>&nbsp;<\/p>\n<p><strong>Eva Casta\u00f1o desde Cadiz.<\/strong><\/p>\n<p>&nbsp;<\/p>\n<p><a href=\"https:\/\/blogs.diariosur.es\/tormentas-y-rayos\/2014\/10\/23\/prevision-del-tiempo-andalucia-malaga-capital-bate-el-record-historico-de-maxima-absoluta-en-octubre-desde-que-se-tienen-registros-36-1-grados\/eva-castano\/\" rel=\"attachment wp-att-10013\"><img loading=\"lazy\" class=\"aligncenter size-full wp-image-10013\" title=\"eva casta\u00f1o\" src=\"\/tormentas-y-rayos\/wp-content\/uploads\/sites\/12\/2014\/10\/eva-casta\u00f1o.jpg\" alt=\"\" width=\"640\" height=\"480\" srcset=\"https:\/\/static-blogs.diariosur.es\/wp-content\/uploads\/sites\/12\/2014\/10\/eva-casta\u00f1o.jpg 640w, https:\/\/static-blogs.diariosur.es\/wp-content\/uploads\/sites\/12\/2014\/10\/eva-casta\u00f1o-533x400.jpg 533w\" sizes=\"(max-width: 640px) 100vw, 640px\" \/><\/a><\/p>\n<p>&nbsp;<\/p>\n<p><strong>Una cosilla mas, el correo de hotmail \u00a0lo tengo averiado, no puedo entrar. Cuando entre\u00a0pondr\u00e9\u00a0fotos que me\u00a0hab\u00e9is\u00a0mandado\u00a0all\u00ed.<\/strong><\/p>\n<p>&nbsp;<\/p>\n","protected":false},"excerpt":{"rendered":"<p>&nbsp; ULTIMA HORA: SE\u00a0ACTUALIZAN\u00a0LOS DATOS DE TEMPERATURAS DE AYER. \u00a0BESTIAL LO DE MARBELLA Y V\u00c9LEZ M\u00c1LAGA. \u00a0AL FINAL M\u00c1LAGA AEROPUERTO 36.3. &nbsp; Buenos\u00a0d\u00edas\u00a0amigos de la meteo. Son las seis de la ma\u00f1ana, registro 21.4 grados y los cielos Andaluces est\u00e1n poco nubosos. \u00a0Ayer M\u00e1laga Capital\u00a0bati\u00f3\u00a0el\u00a0r\u00e9cord\u00a0hist\u00f3rico\u00a0de temperatura\u00a0m\u00e1xima\u00a0absoluta desde que se tienen registros. \u00a0El anterior\u00a0r\u00e9cord\u00a0se dio un [&hellip;]<\/p>\n","protected":false},"author":16,"featured_media":10014,"comment_status":"open","ping_status":"open","sticky":false,"template":"","format":"standard","meta":[],"categories":[2],"tags":[37,172,482,485,587,624,728,809,849,980,1028],"_links":{"self":[{"href":"https:\/\/blogs.diariosur.es\/tormentas-y-rayos\/wp-json\/wp\/v2\/posts\/9999"}],"collection":[{"href":"https:\/\/blogs.diariosur.es\/tormentas-y-rayos\/wp-json\/wp\/v2\/posts"}],"about":[{"href":"https:\/\/blogs.diariosur.es\/tormentas-y-rayos\/wp-json\/wp\/v2\/types\/post"}],"author":[{"embeddable":true,"href":"https:\/\/blogs.diariosur.es\/tormentas-y-rayos\/wp-json\/wp\/v2\/users\/16"}],"replies":[{"embeddable":true,"href":"https:\/\/blogs.diariosur.es\/tormentas-y-rayos\/wp-json\/wp\/v2\/comments?post=9999"}],"version-history":[{"count":0,"href":"https:\/\/blogs.diariosur.es\/tormentas-y-rayos\/wp-json\/wp\/v2\/posts\/9999\/revisions"}],"wp:featuredmedia":[{"embeddable":true,"href":"https:\/\/blogs.diariosur.es\/tormentas-y-rayos\/wp-json\/wp\/v2\/media\/10014"}],"wp:attachment":[{"href":"https:\/\/blogs.diariosur.es\/tormentas-y-rayos\/wp-json\/wp\/v2\/media?parent=9999"}],"wp:term":[{"taxonomy":"category","embeddable":true,"href":"https:\/\/blogs.diariosur.es\/tormentas-y-rayos\/wp-json\/wp\/v2\/categories?post=9999"},{"taxonomy":"post_tag","embeddable":true,"href":"https:\/\/blogs.diariosur.es\/tormentas-y-rayos\/wp-json\/wp\/v2\/tags?post=9999"}],"curies":[{"name":"wp","href":"https:\/\/api.w.org\/{rel}","templated":true}]}}