{"id":1003,"date":"2012-03-13T21:29:00","date_gmt":"2012-03-13T21:29:00","guid":{"rendered":"http:\/\/blogs.diariosur.es\/vistetecomopuedas\/2012\/03\/13\/bershka-y-todos-los-dias-de-mi-vida\/"},"modified":"2012-03-13T21:29:00","modified_gmt":"2012-03-13T21:29:00","slug":"bershka-y-todos-los-dias-de-mi-vida","status":"publish","type":"post","link":"https:\/\/blogs.diariosur.es\/vistetecomopuedas\/2012\/03\/13\/bershka-y-todos-los-dias-de-mi-vida\/","title":{"rendered":"Bershka y &#039;Todos los d\u00edas de mi vida&#039;"},"content":{"rendered":"<p>><\/p>\n<div style=\"text-align: justify\">No suele ser frecuente encontrar colaboraciones entre tiendas como Bershka y pel\u00edculas de cine. Sin embargo, el otro d\u00eda me llam\u00f3 la atenci\u00f3n ver en el escaparate de esta tienda el cartel de la pel\u00edcula &#8216;Todos los d\u00edas de mi vida&#8217; y leer: &#8220;Te invitamos al preestreno&#8221;. As\u00ed que ya que me ha apetecido mencionar esta campa\u00f1a y, sobre todo, darla a conocer para las que no lo supi\u00e9rais y est\u00e9is interesadas en ver este film en el que la protagonista es toda una &#8216;it girl&#8217; como Rachel McAdams.<\/div>\n<div style=\"text-align: justify\"><\/div>\n<div style=\"text-align: justify\">Pod\u00e9is consultar las bases en la web de <a href=\"http:\/\/www.bershka.com\/webapp\/wcs\/stores\/servlet\/home\/bershkaes\/es\/bershka\" rel=\"external nofollow\">Bershka<\/a>, y lo \u00fanico que hay que hacer para participar en el sorteo de las entradas es enviar un mail a <a href=\"mailto:todoslosdiasdemivida@bershka.com\">todoslosdiasdemivida@bershka.com<\/a>&nbsp;explicando qu\u00e9 canci\u00f3n ha marcado vuestra vida y por qu\u00e9. Os aconsejo que consult\u00e9is los lugares de proyecci\u00f3n, pues las entradas no son v\u00e1lidas para todas las ciudades.&nbsp;<\/div>\n<p><\/p>\n<div class=\"separator\" style=\"clear: both;text-align: center\"><a href=\"http:\/\/imagenes-de-peliculas.labutaca.net\/wp-content\/main\/2012_02\/todos-los-dias-de-mi-vida-cartel-1.jpg\" rel=\"external nofollow\"><img loading=\"lazy\" border=\"0\" height=\"400\" src=\"\/\/imagenes-de-peliculas.labutaca.net\/wp-content\/main\/2012_02\/todos-los-dias-de-mi-vida-cartel-1.jpg\" width=\"275\" \/><\/a><\/div>\n<p>Os dejo el trailer de la pel\u00edcula por si quer\u00e9is echarle un vistazo. \u00a1Besitos!<\/p>\n<div style=\"text-align: center\"><\/div>\n","protected":false},"excerpt":{"rendered":"<p>> No suele ser frecuente encontrar colaboraciones entre tiendas como Bershka y pel\u00edculas de cine. Sin embargo, el otro d\u00eda me llam\u00f3 la atenci\u00f3n ver en el escaparate de esta tienda el cartel de la pel\u00edcula &#8216;Todos los d\u00edas de mi vida&#8217; y leer: &#8220;Te invitamos al preestreno&#8221;. As\u00ed que ya que me ha apetecido [&hellip;]<\/p>\n","protected":false},"author":52,"featured_media":0,"comment_status":"open","ping_status":"closed","sticky":false,"template":"","format":"standard","meta":[],"categories":[61,159,469,712],"tags":[],"_links":{"self":[{"href":"https:\/\/blogs.diariosur.es\/vistetecomopuedas\/wp-json\/wp\/v2\/posts\/1003"}],"collection":[{"href":"https:\/\/blogs.diariosur.es\/vistetecomopuedas\/wp-json\/wp\/v2\/posts"}],"about":[{"href":"https:\/\/blogs.diariosur.es\/vistetecomopuedas\/wp-json\/wp\/v2\/types\/post"}],"author":[{"embeddable":true,"href":"https:\/\/blogs.diariosur.es\/vistetecomopuedas\/wp-json\/wp\/v2\/users\/52"}],"replies":[{"embeddable":true,"href":"https:\/\/blogs.diariosur.es\/vistetecomopuedas\/wp-json\/wp\/v2\/comments?post=1003"}],"version-history":[{"count":0,"href":"https:\/\/blogs.diariosur.es\/vistetecomopuedas\/wp-json\/wp\/v2\/posts\/1003\/revisions"}],"wp:attachment":[{"href":"https:\/\/blogs.diariosur.es\/vistetecomopuedas\/wp-json\/wp\/v2\/media?parent=1003"}],"wp:term":[{"taxonomy":"category","embeddable":true,"href":"https:\/\/blogs.diariosur.es\/vistetecomopuedas\/wp-json\/wp\/v2\/categories?post=1003"},{"taxonomy":"post_tag","embeddable":true,"href":"https:\/\/blogs.diariosur.es\/vistetecomopuedas\/wp-json\/wp\/v2\/tags?post=1003"}],"curies":[{"name":"wp","href":"https:\/\/api.w.org\/{rel}","templated":true}]}}