{"id":1018,"date":"2012-04-02T19:58:39","date_gmt":"2012-04-02T19:58:39","guid":{"rendered":"http:\/\/blogs.diariosur.es\/vistetecomopuedas\/?p=1018"},"modified":"2012-04-02T19:58:39","modified_gmt":"2012-04-02T19:58:39","slug":"vero-moda-la-ropa-con-aire-danes","status":"publish","type":"post","link":"https:\/\/blogs.diariosur.es\/vistetecomopuedas\/2012\/04\/02\/vero-moda-la-ropa-con-aire-danes\/","title":{"rendered":"Vero moda, la ropa con aire dan\u00e9s"},"content":{"rendered":"<p>Muchas veces damos por hecho cosas sin indagar m\u00e1s. Me explico. Hace ya casi 10 a\u00f1os que descubr\u00ed la marca\u00a0<strong>Vero Moda<\/strong>, fue en Suecia, y me encant\u00f3 la\u00a0<strong>ropa<\/strong>\u00a0que vend\u00edan as\u00ed como el precio al que lo hac\u00edan. Despu\u00e9s supe que en<strong>\u00a0M\u00e1laga<\/strong>, concretamente en\u00a0<strong>Fuengirola<\/strong>\u00a0hab\u00eda una tienda de\u00a0<strong>Vero Moda<\/strong>, \u00a1Alegr\u00eda!. M\u00e1s tarde con la apertura del\u00a0<strong>Centro Comercial Miramar<\/strong>\u00a0(tambi\u00e9n en Fuengirola) lleg\u00f3 otra tienda m\u00e1s, \u00a1M\u00e1s alegr\u00eda a\u00fan!. Sin embargo, supongo que por culpa de la crisis, hace ya alg\u00fan tiempo que no existen ninguna de estas tiendas, y desde entonces he dado por hecho que por ahora no pod\u00eda comprar ropa de esta marca\u00a0-a pesar de que s\u00e9 de algunas tiendas de<strong>M\u00e1laga<\/strong>\u00a0que venden algunas prendas de\u00a0<strong>Vero Moda<\/strong>-. As\u00ed que hoy he vuelto a sentir esa alegr\u00eda al llegar casi de casualidad a la su web y comprobar que cuentan con\u00a0<strong>tienda online<\/strong>, adem\u00e1s de con interesantes contenidos como su magazine en versi\u00f3n\u00a0<strong>online<\/strong>.<\/p>\n<p>Para quienes no la conozc\u00e1is os cuento que Vero Moda pertenece al grupo<strong>\u00a0Brande<\/strong>, un grupo de\u00a0<strong>moda<\/strong>\u00a0y\u00a0<strong>accesorios<\/strong>\u00a0que surgi\u00f3 en<strong>Dinamarca<\/strong>\u00a0en 1975. Desde entonces ha ido creciendo y, hoy en d\u00eda, cuenta adem\u00e1s de con<strong>\u00a0Vero Moda<\/strong>\u00a0con marcas como:\u00a0<strong>Jack and Jones, Only, Pieces, Selected o Outfitters Nation<\/strong>, entre otras. En concreto,\u00a0<strong>Vero Moda\u00a0<\/strong>abri\u00f3 por primera vez sus puertas en Noruega en el a\u00f1o 1989 y cuenta con tres l\u00edneas de\u00a0<strong>ropa<\/strong>: \u00a0urbana, vaquera y deportiva.\u00a0Os dejo con algunas prendas de la marca para que la conozc\u00e1is un poco m\u00e1s, y si quer\u00e9is visitar su web pod\u00e9is pinchar\u00a0<a href=\"http:\/\/www.veromoda.com\/\" target=\"_blank\" rel=\"external nofollow\">aqu\u00ed<\/a>.<\/p>\n<p><a href=\"\/vistetecomopuedas\/wp-content\/uploads\/sites\/47\/2012\/04\/veromoda.jpg\"><img loading=\"lazy\" class=\"aligncenter size-full wp-image-1019\" title=\"Vero Moda\" src=\"\/vistetecomopuedas\/wp-content\/uploads\/sites\/47\/2012\/04\/veromoda.jpg\" alt=\"\" width=\"660\" height=\"768\" srcset=\"https:\/\/static-blogs.diariosur.es\/wp-content\/uploads\/sites\/47\/2012\/04\/veromoda.jpg 660w, https:\/\/static-blogs.diariosur.es\/wp-content\/uploads\/sites\/47\/2012\/04\/veromoda-258x300.jpg 258w\" sizes=\"(max-width: 660px) 100vw, 660px\" \/><\/a><\/p>\n<p>Y aqu\u00ed os dejo con una imagen del magazine de Vero Moda que si quer\u00e9is pod\u00e9is ver completo pinchando<a href=\"http:\/\/ipaper.bestseller.com\/VeroModa\/VMMarketing\/POSTSpring2012\/\" target=\"_blank\" rel=\"external nofollow\"> aqu\u00ed<\/a>.<\/p>\n<p><a href=\"\/vistetecomopuedas\/wp-content\/uploads\/sites\/47\/2012\/04\/veromodamagazine.jpg\"><img loading=\"lazy\" class=\"aligncenter size-full wp-image-1020\" title=\"Magazine Vero Moda\" src=\"\/vistetecomopuedas\/wp-content\/uploads\/sites\/47\/2012\/04\/veromodamagazine.jpg\" alt=\"\" width=\"639\" height=\"510\" srcset=\"https:\/\/static-blogs.diariosur.es\/wp-content\/uploads\/sites\/47\/2012\/04\/veromodamagazine.jpg 639w, https:\/\/static-blogs.diariosur.es\/wp-content\/uploads\/sites\/47\/2012\/04\/veromodamagazine-300x239.jpg 300w\" sizes=\"(max-width: 639px) 100vw, 639px\" \/><\/a>\u00a1Besos!<\/p>\n","protected":false},"excerpt":{"rendered":"<p>Muchas veces damos por hecho cosas sin indagar m\u00e1s. Me explico. Hace ya casi 10 a\u00f1os que descubr\u00ed la marca\u00a0Vero Moda, fue en Suecia, y me encant\u00f3 la\u00a0ropa\u00a0que vend\u00edan as\u00ed como el precio al que lo hac\u00edan. Despu\u00e9s supe que en\u00a0M\u00e1laga, concretamente en\u00a0Fuengirola\u00a0hab\u00eda una tienda de\u00a0Vero Moda, \u00a1Alegr\u00eda!. M\u00e1s tarde con la apertura del\u00a0Centro Comercial [&hellip;]<\/p>\n","protected":false},"author":52,"featured_media":0,"comment_status":"open","ping_status":"closed","sticky":false,"template":"","format":"standard","meta":[],"categories":[667],"tags":[815,929,1017,1023,1036,1064,1093,1106],"_links":{"self":[{"href":"https:\/\/blogs.diariosur.es\/vistetecomopuedas\/wp-json\/wp\/v2\/posts\/1018"}],"collection":[{"href":"https:\/\/blogs.diariosur.es\/vistetecomopuedas\/wp-json\/wp\/v2\/posts"}],"about":[{"href":"https:\/\/blogs.diariosur.es\/vistetecomopuedas\/wp-json\/wp\/v2\/types\/post"}],"author":[{"embeddable":true,"href":"https:\/\/blogs.diariosur.es\/vistetecomopuedas\/wp-json\/wp\/v2\/users\/52"}],"replies":[{"embeddable":true,"href":"https:\/\/blogs.diariosur.es\/vistetecomopuedas\/wp-json\/wp\/v2\/comments?post=1018"}],"version-history":[{"count":0,"href":"https:\/\/blogs.diariosur.es\/vistetecomopuedas\/wp-json\/wp\/v2\/posts\/1018\/revisions"}],"wp:attachment":[{"href":"https:\/\/blogs.diariosur.es\/vistetecomopuedas\/wp-json\/wp\/v2\/media?parent=1018"}],"wp:term":[{"taxonomy":"category","embeddable":true,"href":"https:\/\/blogs.diariosur.es\/vistetecomopuedas\/wp-json\/wp\/v2\/categories?post=1018"},{"taxonomy":"post_tag","embeddable":true,"href":"https:\/\/blogs.diariosur.es\/vistetecomopuedas\/wp-json\/wp\/v2\/tags?post=1018"}],"curies":[{"name":"wp","href":"https:\/\/api.w.org\/{rel}","templated":true}]}}