{"id":1026,"date":"2012-04-10T19:13:02","date_gmt":"2012-04-10T19:13:02","guid":{"rendered":"http:\/\/blogs.diariosur.es\/vistetecomopuedas\/?p=1026"},"modified":"2012-04-10T19:13:02","modified_gmt":"2012-04-10T19:13:02","slug":"vaqueros-rotos-y-zapatos-rojos","status":"publish","type":"post","link":"https:\/\/blogs.diariosur.es\/vistetecomopuedas\/2012\/04\/10\/vaqueros-rotos-y-zapatos-rojos\/","title":{"rendered":"Vaqueros rotos y zapatos rojos"},"content":{"rendered":"<p style=\"text-align: justify;\">Esta Semana Santa aprovech\u00e9 para quedar con mi amiga C del <strong>blog<\/strong> &#8216;<a href=\"http:\/\/lachicadelamascara.blogspot.com\" rel=\"external nofollow\">La chica de la m\u00e1scara<\/a>&#8216;\u00a0-que para quienes no la conozc\u00e1is a\u00fan, desde aqu\u00ed os la presento-, a la que hac\u00eda mucho que no ve\u00eda y ya echaba de menos. Tambi\u00e9n aprovech\u00e9 para estrenar mis nuevos <strong>vaqueros<\/strong> rotos, que aunque en la <strong>foto<\/strong> no se aprecia s\u00ed que tienen varios<strong> rotos<\/strong>. De paso, ya que hoy estoy aprovechando, aprovecho para comentar con vosotras una tonta reflexi\u00f3n. Creo que nunca nos llevar\u00edamos a casa ni pagar\u00edamos por algo que est\u00e1 roto, nunca o casi nunca excepto cuando se refiere al tema de los<strong> vaqueros<\/strong>. Lo cierto es que, a veces, parece que cuanto m\u00e1s desgastados est\u00e1n, o m\u00e1s rotos, m\u00e1s nos gustan. Paradojas de la <strong>moda<\/strong>.\u00a0Dicho esto, y volviendo a lo que iba, me apeteci\u00f3 estrenarlos pero con una <strong>camisa<\/strong> con toque <strong>lady<\/strong> que contrastaba con el aire &#8220;algo <strong>rockero<\/strong> o <strong>grunge<\/strong>&#8221; de los <strong>vaqueros<\/strong>, pero que manten\u00eda el mismo color que \u00e9stos. As\u00ed que para seguir contrastando apost\u00e9 por romper de tono en los pies con mis tan deseados<strong> zapatos rojos<\/strong> que por fin encontr\u00e9 hace un par de meses.<\/p>\n<p style=\"text-align: justify;\">En definitiva, un<strong> look<\/strong> c\u00f3modo y <strong>casual<\/strong> que me vino muy bien cuando intentamos hacernos las fotos cerca del mar, d\u00f3nde hac\u00eda bastante viento y fr\u00edo, creo que por eso las<strong> fotos<\/strong> en las que salimos juntas quedaron algo borrosas \ud83d\ude09 \u00a1Besitos y feliz semana!<\/p>\n<p style=\"text-align: justify;\">\n<div id=\"attachment_1027\" style=\"width: 670px\" class=\"wp-caption aligncenter\"><a href=\"\/vistetecomopuedas\/wp-content\/uploads\/sites\/47\/2012\/04\/cristinayyo.jpg\"><img aria-describedby=\"caption-attachment-1027\" loading=\"lazy\" class=\"size-full wp-image-1027 \" title=\"Lachicadelamascara y vistetecomopuedas\" src=\"\/vistetecomopuedas\/wp-content\/uploads\/sites\/47\/2012\/04\/cristinayyo.jpg\" alt=\"\" width=\"660\" height=\"544\" srcset=\"https:\/\/static-blogs.diariosur.es\/wp-content\/uploads\/sites\/47\/2012\/04\/cristinayyo.jpg 660w, https:\/\/static-blogs.diariosur.es\/wp-content\/uploads\/sites\/47\/2012\/04\/cristinayyo-300x247.jpg 300w\" sizes=\"(max-width: 660px) 100vw, 660px\" \/><\/a><p id=\"caption-attachment-1027\" class=\"wp-caption-text\">Como veis, las dos elegimos tonos homog\u00e9neos en la ropa y contrastamos con los zapatos. Que conste que no nos hab\u00edamos puesto de acuerdo, jeje<\/p><\/div>\n<div id=\"attachment_1029\" style=\"width: 670px\" class=\"wp-caption aligncenter\"><a href=\"\/vistetecomopuedas\/wp-content\/uploads\/sites\/47\/2012\/04\/lachicadelamascarayvistetecomopuedas21.jpg\"><img aria-describedby=\"caption-attachment-1029\" loading=\"lazy\" class=\"size-full wp-image-1029 \" title=\"lachicadelamascara y vistetecomopuedas 2\" src=\"\/vistetecomopuedas\/wp-content\/uploads\/sites\/47\/2012\/04\/lachicadelamascarayvistetecomopuedas21.jpg\" alt=\"\" width=\"660\" height=\"800\" srcset=\"https:\/\/static-blogs.diariosur.es\/wp-content\/uploads\/sites\/47\/2012\/04\/lachicadelamascarayvistetecomopuedas21.jpg 660w, https:\/\/static-blogs.diariosur.es\/wp-content\/uploads\/sites\/47\/2012\/04\/lachicadelamascarayvistetecomopuedas21-248x300.jpg 248w\" sizes=\"(max-width: 660px) 100vw, 660px\" \/><\/a><p id=\"caption-attachment-1029\" class=\"wp-caption-text\">Vaqueros: Blanco (ss 2012), Blusa: Bershka (ss 2012), Zapatos: Dunnes Stores (aw 2011-2012), Pulseras: Blanco, Anillo: H&M<\/p><\/div>\n<p style=\"text-align: center;\">\n","protected":false},"excerpt":{"rendered":"<p>Esta Semana Santa aprovech\u00e9 para quedar con mi amiga C del blog &#8216;La chica de la m\u00e1scara&#8216;\u00a0-que para quienes no la conozc\u00e1is a\u00fan, desde aqu\u00ed os la presento-, a la que hac\u00eda mucho que no ve\u00eda y ya echaba de menos. Tambi\u00e9n aprovech\u00e9 para estrenar mis nuevos vaqueros rotos, que aunque en la foto no [&hellip;]<\/p>\n","protected":false},"author":52,"featured_media":0,"comment_status":"open","ping_status":"closed","sticky":false,"template":"","format":"standard","meta":[],"categories":[667],"tags":[803,807,826,1129,1130,943,993,1104,1118],"_links":{"self":[{"href":"https:\/\/blogs.diariosur.es\/vistetecomopuedas\/wp-json\/wp\/v2\/posts\/1026"}],"collection":[{"href":"https:\/\/blogs.diariosur.es\/vistetecomopuedas\/wp-json\/wp\/v2\/posts"}],"about":[{"href":"https:\/\/blogs.diariosur.es\/vistetecomopuedas\/wp-json\/wp\/v2\/types\/post"}],"author":[{"embeddable":true,"href":"https:\/\/blogs.diariosur.es\/vistetecomopuedas\/wp-json\/wp\/v2\/users\/52"}],"replies":[{"embeddable":true,"href":"https:\/\/blogs.diariosur.es\/vistetecomopuedas\/wp-json\/wp\/v2\/comments?post=1026"}],"version-history":[{"count":0,"href":"https:\/\/blogs.diariosur.es\/vistetecomopuedas\/wp-json\/wp\/v2\/posts\/1026\/revisions"}],"wp:attachment":[{"href":"https:\/\/blogs.diariosur.es\/vistetecomopuedas\/wp-json\/wp\/v2\/media?parent=1026"}],"wp:term":[{"taxonomy":"category","embeddable":true,"href":"https:\/\/blogs.diariosur.es\/vistetecomopuedas\/wp-json\/wp\/v2\/categories?post=1026"},{"taxonomy":"post_tag","embeddable":true,"href":"https:\/\/blogs.diariosur.es\/vistetecomopuedas\/wp-json\/wp\/v2\/tags?post=1026"}],"curies":[{"name":"wp","href":"https:\/\/api.w.org\/{rel}","templated":true}]}}