{"id":1030,"date":"2012-04-15T16:30:29","date_gmt":"2012-04-15T16:30:29","guid":{"rendered":"http:\/\/blogs.diariosur.es\/vistetecomopuedas\/?p=1030"},"modified":"2012-04-15T16:30:29","modified_gmt":"2012-04-15T16:30:29","slug":"tendencias-del-cabello-para-esta-primavera-verano","status":"publish","type":"post","link":"https:\/\/blogs.diariosur.es\/vistetecomopuedas\/2012\/04\/15\/tendencias-del-cabello-para-esta-primavera-verano\/","title":{"rendered":"Cabello: Tendencias para esta primavera-verano"},"content":{"rendered":"<p>El otro d\u00eda le\u00eda que para este <strong>verano<\/strong> estaba totalmente fuera de <strong>moda<\/strong> el <strong>pelo<\/strong> <strong>rizado<\/strong>. \u00bfC\u00f3mo? No me termina de convencer cuando dicen, por ejemplo, que el <strong>pelo<\/strong> rubio o moreno no se llevar\u00e1 la pr\u00f3xima <strong>temporada<\/strong>, los cortos tampoco, o que la <strong>tendencia<\/strong> es tener el pelo extra liso&#8230; Personalmente, prefiero las <strong>modas<\/strong> m\u00e1s flexibles, tales como se llevar\u00e1n las coletas, los recogidos o los tonos claros u oscuros, pero eso de &#8220;<strong>Out<\/strong>&#8221; o &#8220;<strong>In<\/strong>&#8221; que tanto les gusta a algunas revistas no me parece del todo correcto. Supongo que ser\u00e1 porque tengo el pelo rizado y casi siempre lo &#8220;in&#8221; es llevarlo liso o con ondas, y una no siempre tiene tiempo o ganas para quemarse el <strong>pelo<\/strong> con la plancha :). As\u00ed que por eso he decidido investigar un poquito acerca de las tendencias en <strong>peinado<\/strong> en las \u00faltimas pasarelas. <strong>Peinados<\/strong> que podremos adoptar a nuestros <strong>cabellos<\/strong>, sean <strong>lisos<\/strong>, <strong>rizados<\/strong>, <strong>ondulados<\/strong>, <strong>rubios<\/strong>, <strong>morenos<\/strong> o <strong>pelirrojos<\/strong>.<\/p>\n<p><a href=\"\/vistetecomopuedas\/wp-content\/uploads\/sites\/47\/2012\/04\/peinados.jpg\"><img loading=\"lazy\" class=\"aligncenter size-full wp-image-1031\" title=\"Tendencias cabello primavera verano 2012\" src=\"\/vistetecomopuedas\/wp-content\/uploads\/sites\/47\/2012\/04\/peinados.jpg\" alt=\"\" width=\"660\" height=\"691\" srcset=\"https:\/\/static-blogs.diariosur.es\/wp-content\/uploads\/sites\/47\/2012\/04\/peinados.jpg 660w, https:\/\/static-blogs.diariosur.es\/wp-content\/uploads\/sites\/47\/2012\/04\/peinados-287x300.jpg 287w\" sizes=\"(max-width: 660px) 100vw, 660px\" \/><\/a><\/p>\n","protected":false},"excerpt":{"rendered":"<p>El otro d\u00eda le\u00eda que para este verano estaba totalmente fuera de moda el pelo rizado. \u00bfC\u00f3mo? No me termina de convencer cuando dicen, por ejemplo, que el pelo rubio o moreno no se llevar\u00e1 la pr\u00f3xima temporada, los cortos tampoco, o que la tendencia es tener el pelo extra liso&#8230; Personalmente, prefiero las modas [&hellip;]<\/p>\n","protected":false},"author":52,"featured_media":0,"comment_status":"open","ping_status":"closed","sticky":false,"template":"","format":"standard","meta":[],"categories":[667,759],"tags":[821,1030,1043,1089,1105],"_links":{"self":[{"href":"https:\/\/blogs.diariosur.es\/vistetecomopuedas\/wp-json\/wp\/v2\/posts\/1030"}],"collection":[{"href":"https:\/\/blogs.diariosur.es\/vistetecomopuedas\/wp-json\/wp\/v2\/posts"}],"about":[{"href":"https:\/\/blogs.diariosur.es\/vistetecomopuedas\/wp-json\/wp\/v2\/types\/post"}],"author":[{"embeddable":true,"href":"https:\/\/blogs.diariosur.es\/vistetecomopuedas\/wp-json\/wp\/v2\/users\/52"}],"replies":[{"embeddable":true,"href":"https:\/\/blogs.diariosur.es\/vistetecomopuedas\/wp-json\/wp\/v2\/comments?post=1030"}],"version-history":[{"count":0,"href":"https:\/\/blogs.diariosur.es\/vistetecomopuedas\/wp-json\/wp\/v2\/posts\/1030\/revisions"}],"wp:attachment":[{"href":"https:\/\/blogs.diariosur.es\/vistetecomopuedas\/wp-json\/wp\/v2\/media?parent=1030"}],"wp:term":[{"taxonomy":"category","embeddable":true,"href":"https:\/\/blogs.diariosur.es\/vistetecomopuedas\/wp-json\/wp\/v2\/categories?post=1030"},{"taxonomy":"post_tag","embeddable":true,"href":"https:\/\/blogs.diariosur.es\/vistetecomopuedas\/wp-json\/wp\/v2\/tags?post=1030"}],"curies":[{"name":"wp","href":"https:\/\/api.w.org\/{rel}","templated":true}]}}