{"id":1038,"date":"2012-04-22T20:39:31","date_gmt":"2012-04-22T20:39:31","guid":{"rendered":"http:\/\/blogs.diariosur.es\/vistetecomopuedas\/?p=1038"},"modified":"2012-04-22T20:39:31","modified_gmt":"2012-04-22T20:39:31","slug":"la-luz-de-un-vestido-blanco","status":"publish","type":"post","link":"https:\/\/blogs.diariosur.es\/vistetecomopuedas\/2012\/04\/22\/la-luz-de-un-vestido-blanco\/","title":{"rendered":"La luz de un vestido blanco"},"content":{"rendered":"<p>Ten\u00eda muchas ganas de tener un <strong>vestido blanco<\/strong> con<strong> calados<\/strong> y <strong>bordados<\/strong>, tipo <strong>encaje<\/strong>. Como sab\u00e9is este tipo de <strong>vestidos<\/strong> se llevaron mucho el <strong>verano<\/strong> pasado y esta <strong>temporada<\/strong> vuelven de nuevo con fuerza. Y qu\u00e9 decir del color<strong> blanco<\/strong>, \u00e9ste siempre es protagonista en <strong>verano<\/strong> por esa luz que desprende y por su frescura. \u00c9ste que llevo es de la nueva colecci\u00f3n de <strong><a href=\"www.mango.com\" target=\"_blank\">Mango<\/a><\/strong>, aunque creo que s\u00f3lo lo venden en tiendas, pues no he podido encontrarlo en su web. Tambi\u00e9n aprovech\u00e9 para lucir <strong>zapatos<\/strong> nuevos y tambi\u00e9n muy deseados, pues ten\u00eda ganas de encontrar unos con el <strong>tac\u00f3n<\/strong> plateado y en color llamativo, as\u00ed que estos de<strong> <a href=\"http:\/\/www.blanco.com\" target=\"_blank\" rel=\"external nofollow\">Blanco<\/a><\/strong> son perfectos.<\/p>\n<p><a href=\"\/vistetecomopuedas\/wp-content\/uploads\/sites\/47\/2012\/04\/1azul.jpg\"><img loading=\"lazy\" class=\"aligncenter size-full wp-image-1039\" title=\"vestido blanco 1\" src=\"\/vistetecomopuedas\/wp-content\/uploads\/sites\/47\/2012\/04\/1azul.jpg\" alt=\"\" width=\"660\" height=\"880\" srcset=\"https:\/\/static-blogs.diariosur.es\/wp-content\/uploads\/sites\/47\/2012\/04\/1azul.jpg 660w, https:\/\/static-blogs.diariosur.es\/wp-content\/uploads\/sites\/47\/2012\/04\/1azul-225x300.jpg 225w\" sizes=\"(max-width: 660px) 100vw, 660px\" \/><\/a><\/p>\n<p><a href=\"\/vistetecomopuedas\/wp-content\/uploads\/sites\/47\/2012\/04\/3azul.jpg\"><img loading=\"lazy\" class=\"aligncenter size-full wp-image-1040\" title=\"vestido blanco 2\" src=\"\/vistetecomopuedas\/wp-content\/uploads\/sites\/47\/2012\/04\/3azul.jpg\" alt=\"\" width=\"660\" height=\"495\" srcset=\"https:\/\/static-blogs.diariosur.es\/wp-content\/uploads\/sites\/47\/2012\/04\/3azul.jpg 660w, https:\/\/static-blogs.diariosur.es\/wp-content\/uploads\/sites\/47\/2012\/04\/3azul-300x225.jpg 300w\" sizes=\"(max-width: 660px) 100vw, 660px\" \/><\/a><\/p>\n<p>&nbsp;<\/p>\n<p><a href=\"\/vistetecomopuedas\/wp-content\/uploads\/sites\/47\/2012\/04\/0azul.jpg\"><img loading=\"lazy\" class=\"aligncenter size-full wp-image-1041\" title=\"vestido blanco 3\" src=\"\/vistetecomopuedas\/wp-content\/uploads\/sites\/47\/2012\/04\/0azul.jpg\" alt=\"\" width=\"660\" height=\"622\" srcset=\"https:\/\/static-blogs.diariosur.es\/wp-content\/uploads\/sites\/47\/2012\/04\/0azul.jpg 660w, https:\/\/static-blogs.diariosur.es\/wp-content\/uploads\/sites\/47\/2012\/04\/0azul-300x283.jpg 300w\" sizes=\"(max-width: 660px) 100vw, 660px\" \/><\/a><\/p>\n<p><a href=\"\/vistetecomopuedas\/wp-content\/uploads\/sites\/47\/2012\/04\/5azul.jpg\"><img loading=\"lazy\" class=\"aligncenter size-full wp-image-1042\" title=\"vestido blanco 4\" src=\"\/vistetecomopuedas\/wp-content\/uploads\/sites\/47\/2012\/04\/5azul.jpg\" alt=\"\" width=\"660\" height=\"615\" srcset=\"https:\/\/static-blogs.diariosur.es\/wp-content\/uploads\/sites\/47\/2012\/04\/5azul.jpg 660w, https:\/\/static-blogs.diariosur.es\/wp-content\/uploads\/sites\/47\/2012\/04\/5azul-300x280.jpg 300w\" sizes=\"(max-width: 660px) 100vw, 660px\" \/><\/a><\/p>\n<p>&nbsp;<\/p>\n<p><a href=\"\/vistetecomopuedas\/wp-content\/uploads\/sites\/47\/2012\/04\/2azul.jpg\"><img loading=\"lazy\" class=\"aligncenter size-full wp-image-1043\" title=\"vestido blanco 5\" src=\"\/vistetecomopuedas\/wp-content\/uploads\/sites\/47\/2012\/04\/2azul.jpg\" alt=\"\" width=\"528\" height=\"442\" srcset=\"https:\/\/static-blogs.diariosur.es\/wp-content\/uploads\/sites\/47\/2012\/04\/2azul.jpg 528w, https:\/\/static-blogs.diariosur.es\/wp-content\/uploads\/sites\/47\/2012\/04\/2azul-300x251.jpg 300w\" sizes=\"(max-width: 528px) 100vw, 528px\" \/><\/a><\/p>\n<p><a href=\"\/vistetecomopuedas\/wp-content\/uploads\/sites\/47\/2012\/04\/6azul.jpg\"><img loading=\"lazy\" class=\"aligncenter size-full wp-image-1044\" title=\"anillo Blanco\" src=\"\/vistetecomopuedas\/wp-content\/uploads\/sites\/47\/2012\/04\/6azul.jpg\" alt=\"\" width=\"660\" height=\"495\" srcset=\"https:\/\/static-blogs.diariosur.es\/wp-content\/uploads\/sites\/47\/2012\/04\/6azul.jpg 660w, https:\/\/static-blogs.diariosur.es\/wp-content\/uploads\/sites\/47\/2012\/04\/6azul-300x225.jpg 300w\" sizes=\"(max-width: 660px) 100vw, 660px\" \/><\/a><\/p>\n<p style=\"text-align: center;\"><a href=\"\/vistetecomopuedas\/wp-content\/uploads\/sites\/47\/2012\/04\/4azul.jpg\"><img loading=\"lazy\" class=\"aligncenter size-full wp-image-1045\" title=\"vestido blanco 6\" src=\"\/vistetecomopuedas\/wp-content\/uploads\/sites\/47\/2012\/04\/4azul.jpg\" alt=\"\" width=\"660\" height=\"880\" srcset=\"https:\/\/static-blogs.diariosur.es\/wp-content\/uploads\/sites\/47\/2012\/04\/4azul.jpg 660w, https:\/\/static-blogs.diariosur.es\/wp-content\/uploads\/sites\/47\/2012\/04\/4azul-225x300.jpg 225w\" sizes=\"(max-width: 660px) 100vw, 660px\" \/><\/a><span style=\"color: #808080;\">Vestido: <strong><a href=\"www.mango.com\">Mango<\/a><\/strong> (ss 2012), Zapatos: <strong><a href=\"www.blanco.com\">Blanco<\/a><\/strong> (ss 2012), Anillo: <strong>Blanco<\/strong> (aw\/ss 2012),<\/span><\/p>\n<p style=\"text-align: center;\"><span style=\"color: #808080;\"> Chaqueta vaquera: <strong><a href=\"www.stradivarius.com\">Stradivarius<\/a><\/strong> (old), Pendientes: <strong>Six<\/strong> (old)<\/span><\/p>\n<p>&nbsp;<\/p>\n<p>&nbsp;<\/p>\n<p>&nbsp;<\/p>\n<p>&nbsp;<\/p>\n<p>&nbsp;<\/p>\n<p>&nbsp;<\/p>\n<p>&nbsp;<\/p>\n<p>&nbsp;<\/p>\n<p>&nbsp;<\/p>\n<p>&nbsp;<\/p>\n","protected":false},"excerpt":{"rendered":"<p>Ten\u00eda muchas ganas de tener un vestido blanco con calados y bordados, tipo encaje. Como sab\u00e9is este tipo de vestidos se llevaron mucho el verano pasado y esta temporada vuelven de nuevo con fuerza. Y qu\u00e9 decir del color blanco, \u00e9ste siempre es protagonista en verano por esa luz que desprende y por su frescura. [&hellip;]<\/p>\n","protected":false},"author":52,"featured_media":0,"comment_status":"open","ping_status":"closed","sticky":false,"template":"","format":"standard","meta":[],"categories":[759],"tags":[807,973,1107,1118],"_links":{"self":[{"href":"https:\/\/blogs.diariosur.es\/vistetecomopuedas\/wp-json\/wp\/v2\/posts\/1038"}],"collection":[{"href":"https:\/\/blogs.diariosur.es\/vistetecomopuedas\/wp-json\/wp\/v2\/posts"}],"about":[{"href":"https:\/\/blogs.diariosur.es\/vistetecomopuedas\/wp-json\/wp\/v2\/types\/post"}],"author":[{"embeddable":true,"href":"https:\/\/blogs.diariosur.es\/vistetecomopuedas\/wp-json\/wp\/v2\/users\/52"}],"replies":[{"embeddable":true,"href":"https:\/\/blogs.diariosur.es\/vistetecomopuedas\/wp-json\/wp\/v2\/comments?post=1038"}],"version-history":[{"count":0,"href":"https:\/\/blogs.diariosur.es\/vistetecomopuedas\/wp-json\/wp\/v2\/posts\/1038\/revisions"}],"wp:attachment":[{"href":"https:\/\/blogs.diariosur.es\/vistetecomopuedas\/wp-json\/wp\/v2\/media?parent=1038"}],"wp:term":[{"taxonomy":"category","embeddable":true,"href":"https:\/\/blogs.diariosur.es\/vistetecomopuedas\/wp-json\/wp\/v2\/categories?post=1038"},{"taxonomy":"post_tag","embeddable":true,"href":"https:\/\/blogs.diariosur.es\/vistetecomopuedas\/wp-json\/wp\/v2\/tags?post=1038"}],"curies":[{"name":"wp","href":"https:\/\/api.w.org\/{rel}","templated":true}]}}