{"id":1046,"date":"2012-04-29T18:12:54","date_gmt":"2012-04-29T18:12:54","guid":{"rendered":"http:\/\/blogs.diariosur.es\/vistetecomopuedas\/?p=1046"},"modified":"2012-04-29T18:12:54","modified_gmt":"2012-04-29T18:12:54","slug":"un-rayo-de-sol-y-verde-aguamarina","status":"publish","type":"post","link":"https:\/\/blogs.diariosur.es\/vistetecomopuedas\/2012\/04\/29\/un-rayo-de-sol-y-verde-aguamarina\/","title":{"rendered":"Un rayo de sol y verde aguamarina"},"content":{"rendered":"<p>Aunque a muchos les encantan los d\u00edas grises que estamos teniendo durante este fin de semana, yo soy de las que sue\u00f1a con un rayo de sol para salir a la calle. Adoro el buen tiempo, los d\u00edas largos, la luz, y la alegr\u00eda de las tardes en <strong>primavera<\/strong> y <strong>verano<\/strong>. Adem\u00e1s, ya tengo ganas de ir a la calle con ropa m\u00e1s fresca y poder dejar el abrigo y los paraguas en casa. Igualmente, tambi\u00e9n apetece cambiar el <strong>armario<\/strong> y estrenar <strong>ropa<\/strong> nueva como este<strong> top<\/strong> de la<strong> nueva<\/strong> <strong>temporada<\/strong> de <strong><a href=\"www.mango.com\" target=\"_blank\">Mango<\/a><\/strong> o estos <strong>mocasines<\/strong> <strong>aguamarina<\/strong> de <strong><a href=\"www.primark.com\" target=\"_blank\">Primark<\/a><\/strong>.<\/p>\n<p>\u00bfY vosotros, prefer\u00eds el buen tiempo u opt\u00e1is por la melancol\u00eda de las tardes lluviosas?<\/p>\n<p>&nbsp;<\/p>\n<p><a href=\"\/vistetecomopuedas\/wp-content\/uploads\/sites\/47\/2012\/04\/verde1.jpg\"><img loading=\"lazy\" class=\"aligncenter size-full wp-image-1047\" title=\"verdeaguamarina\" src=\"\/vistetecomopuedas\/wp-content\/uploads\/sites\/47\/2012\/04\/verde1.jpg\" alt=\"\" width=\"660\" height=\"782\" srcset=\"https:\/\/static-blogs.diariosur.es\/wp-content\/uploads\/sites\/47\/2012\/04\/verde1.jpg 660w, https:\/\/static-blogs.diariosur.es\/wp-content\/uploads\/sites\/47\/2012\/04\/verde1-253x300.jpg 253w\" sizes=\"(max-width: 660px) 100vw, 660px\" \/><\/a><a href=\"\/vistetecomopuedas\/wp-content\/uploads\/sites\/47\/2012\/04\/verde3.jpg\"><img loading=\"lazy\" class=\"aligncenter size-full wp-image-1048\" title=\"bolso y zapatos\" src=\"\/vistetecomopuedas\/wp-content\/uploads\/sites\/47\/2012\/04\/verde3.jpg\" alt=\"\" width=\"660\" height=\"495\" srcset=\"https:\/\/static-blogs.diariosur.es\/wp-content\/uploads\/sites\/47\/2012\/04\/verde3.jpg 660w, https:\/\/static-blogs.diariosur.es\/wp-content\/uploads\/sites\/47\/2012\/04\/verde3-300x225.jpg 300w\" sizes=\"(max-width: 660px) 100vw, 660px\" \/><\/a><\/p>\n<p><a href=\"\/vistetecomopuedas\/wp-content\/uploads\/sites\/47\/2012\/04\/verde2.jpg\"><img loading=\"lazy\" class=\"aligncenter size-full wp-image-1050\" title=\"reloj y anillo\" src=\"\/vistetecomopuedas\/wp-content\/uploads\/sites\/47\/2012\/04\/verde2.jpg\" alt=\"\" width=\"660\" height=\"880\" srcset=\"https:\/\/static-blogs.diariosur.es\/wp-content\/uploads\/sites\/47\/2012\/04\/verde2.jpg 660w, https:\/\/static-blogs.diariosur.es\/wp-content\/uploads\/sites\/47\/2012\/04\/verde2-225x300.jpg 225w\" sizes=\"(max-width: 660px) 100vw, 660px\" \/><\/a><\/p>\n<p><a href=\"\/vistetecomopuedas\/wp-content\/uploads\/sites\/47\/2012\/04\/verde4.jpg\"><img loading=\"lazy\" class=\"aligncenter size-full wp-image-1051\" title=\"verde4\" src=\"\/vistetecomopuedas\/wp-content\/uploads\/sites\/47\/2012\/04\/verde4.jpg\" alt=\"\" width=\"660\" height=\"880\" srcset=\"https:\/\/static-blogs.diariosur.es\/wp-content\/uploads\/sites\/47\/2012\/04\/verde4.jpg 660w, https:\/\/static-blogs.diariosur.es\/wp-content\/uploads\/sites\/47\/2012\/04\/verde4-225x300.jpg 225w\" sizes=\"(max-width: 660px) 100vw, 660px\" \/><\/a><\/p>\n<p><span style=\"background-color: #ffffff; color: #333333;\">Top: <strong><a href=\"www.mango.com\" target=\"_blank\">Mango<\/a><\/strong> (ss 2012); Pantalones: <strong><a href=\"www.zara.com\" target=\"_blank\">Zara<\/a><\/strong> (old); Reloj: <strong><a href=\"www.primark.com\" target=\"_blank\">Primark<\/a><\/strong> (ss 2012, secci\u00f3n caballero); Gafas: <strong><a href=\"www.amichi.com\" target=\"_blank\">Amichi<\/a><\/strong> (nueva temporada); Anillo: <strong><a href=\"www.bimbaylola.com\" target=\"_blank\">Bimba &#038; Lola<\/a><\/strong> (aw 2011-2012); Bolso: <strong><a href=\"www.blanco.com\" target=\"_blank\">Blanco<\/a><\/strong> (otra temporada); Mocasines:<strong> Primark<\/strong> (ss 2012), y esmalte de u\u00f1as: <strong><a href=\"www.essence.com\" target=\"_blank\">Essence<\/a><\/strong> (You belong to me).<\/span><\/p>\n","protected":false},"excerpt":{"rendered":"<p>Aunque a muchos les encantan los d\u00edas grises que estamos teniendo durante este fin de semana, yo soy de las que sue\u00f1a con un rayo de sol para salir a la calle. Adoro el buen tiempo, los d\u00edas largos, la luz, y la alegr\u00eda de las tardes en primavera y verano. Adem\u00e1s, ya tengo ganas [&hellip;]<\/p>\n","protected":false},"author":52,"featured_media":0,"comment_status":"open","ping_status":"closed","sticky":false,"template":"","format":"standard","meta":[],"categories":[759],"tags":[793,805,807,883,973,992,1042,1087,1096,1122],"_links":{"self":[{"href":"https:\/\/blogs.diariosur.es\/vistetecomopuedas\/wp-json\/wp\/v2\/posts\/1046"}],"collection":[{"href":"https:\/\/blogs.diariosur.es\/vistetecomopuedas\/wp-json\/wp\/v2\/posts"}],"about":[{"href":"https:\/\/blogs.diariosur.es\/vistetecomopuedas\/wp-json\/wp\/v2\/types\/post"}],"author":[{"embeddable":true,"href":"https:\/\/blogs.diariosur.es\/vistetecomopuedas\/wp-json\/wp\/v2\/users\/52"}],"replies":[{"embeddable":true,"href":"https:\/\/blogs.diariosur.es\/vistetecomopuedas\/wp-json\/wp\/v2\/comments?post=1046"}],"version-history":[{"count":0,"href":"https:\/\/blogs.diariosur.es\/vistetecomopuedas\/wp-json\/wp\/v2\/posts\/1046\/revisions"}],"wp:attachment":[{"href":"https:\/\/blogs.diariosur.es\/vistetecomopuedas\/wp-json\/wp\/v2\/media?parent=1046"}],"wp:term":[{"taxonomy":"category","embeddable":true,"href":"https:\/\/blogs.diariosur.es\/vistetecomopuedas\/wp-json\/wp\/v2\/categories?post=1046"},{"taxonomy":"post_tag","embeddable":true,"href":"https:\/\/blogs.diariosur.es\/vistetecomopuedas\/wp-json\/wp\/v2\/tags?post=1046"}],"curies":[{"name":"wp","href":"https:\/\/api.w.org\/{rel}","templated":true}]}}