{"id":1056,"date":"2012-05-02T13:00:03","date_gmt":"2012-05-02T13:00:03","guid":{"rendered":"http:\/\/blogs.diariosur.es\/vistetecomopuedas\/?p=1056"},"modified":"2012-05-02T13:00:03","modified_gmt":"2012-05-02T13:00:03","slug":"malaga-fashion-week","status":"publish","type":"post","link":"https:\/\/blogs.diariosur.es\/vistetecomopuedas\/2012\/05\/02\/malaga-fashion-week\/","title":{"rendered":"M\u00e1laga Fashion Week"},"content":{"rendered":"<p>Las que viv\u00eds en M\u00e1laga seguro que hab\u00e9is visto un cartel de un <strong>zapato<\/strong> de <strong>tac\u00f3n<\/strong> rojo en alguna parada de autob\u00fas junto a las palabras <strong>M\u00e1laga Fashion<\/strong>. Seguro que os hab\u00e9is preguntado, \u00bfY esto qu\u00e9 es? Pues bien, para quienes os hay\u00e1is hecho esa pregunta y a\u00fan no teng\u00e1is la respuesta se trata de la <strong>M\u00e1laga Fashion Week<\/strong> que organiza <strong>Plaza Mayor<\/strong> desde el 4 al 15 de mayo.<\/p>\n<p>Adem\u00e1s, en Facebook est\u00e1n organizando un concurso en el que podr\u00e9is ganar 200 euros subiendo una foto. Pod\u00e9is pinchar en <a href=\"http:\/\/www.facebook.com\/malagafashion\" rel=\"external nofollow\">este enlace<\/a> para leer m\u00e1s y participar. S\u00f3lo os aconsejo que no lo dej\u00e9is mucho porque la oportunidad para concursar s\u00f3lo la tendr\u00e9is entre hoy y ma\u00f1ana y tendr\u00e9is que daros un pase\u00edto por la ciudad.<\/p>\n<p>&nbsp;<\/p>\n<p><a href=\"\/vistetecomopuedas\/wp-content\/uploads\/sites\/47\/2012\/05\/m%C3%A1laga-fashion1.jpg\"><img loading=\"lazy\" class=\"aligncenter size-full wp-image-1058\" title=\"m\u00e1laga fashion\" src=\"\/vistetecomopuedas\/wp-content\/uploads\/sites\/47\/2012\/05\/m%C3%A1laga-fashion1.jpg\" alt=\"\" width=\"660\" height=\"437\" \/><\/a><\/p>\n<p>&nbsp;<\/p>\n","protected":false},"excerpt":{"rendered":"<p>Las que viv\u00eds en M\u00e1laga seguro que hab\u00e9is visto un cartel de un zapato de tac\u00f3n rojo en alguna parada de autob\u00fas junto a las palabras M\u00e1laga Fashion. Seguro que os hab\u00e9is preguntado, \u00bfY esto qu\u00e9 es? Pues bien, para quienes os hay\u00e1is hecho esa pregunta y a\u00fan no teng\u00e1is la respuesta se trata de [&hellip;]<\/p>\n","protected":false},"author":52,"featured_media":0,"comment_status":"open","ping_status":"closed","sticky":false,"template":"","format":"standard","meta":[],"categories":[759],"tags":[893,970,1038],"_links":{"self":[{"href":"https:\/\/blogs.diariosur.es\/vistetecomopuedas\/wp-json\/wp\/v2\/posts\/1056"}],"collection":[{"href":"https:\/\/blogs.diariosur.es\/vistetecomopuedas\/wp-json\/wp\/v2\/posts"}],"about":[{"href":"https:\/\/blogs.diariosur.es\/vistetecomopuedas\/wp-json\/wp\/v2\/types\/post"}],"author":[{"embeddable":true,"href":"https:\/\/blogs.diariosur.es\/vistetecomopuedas\/wp-json\/wp\/v2\/users\/52"}],"replies":[{"embeddable":true,"href":"https:\/\/blogs.diariosur.es\/vistetecomopuedas\/wp-json\/wp\/v2\/comments?post=1056"}],"version-history":[{"count":0,"href":"https:\/\/blogs.diariosur.es\/vistetecomopuedas\/wp-json\/wp\/v2\/posts\/1056\/revisions"}],"wp:attachment":[{"href":"https:\/\/blogs.diariosur.es\/vistetecomopuedas\/wp-json\/wp\/v2\/media?parent=1056"}],"wp:term":[{"taxonomy":"category","embeddable":true,"href":"https:\/\/blogs.diariosur.es\/vistetecomopuedas\/wp-json\/wp\/v2\/categories?post=1056"},{"taxonomy":"post_tag","embeddable":true,"href":"https:\/\/blogs.diariosur.es\/vistetecomopuedas\/wp-json\/wp\/v2\/tags?post=1056"}],"curies":[{"name":"wp","href":"https:\/\/api.w.org\/{rel}","templated":true}]}}