{"id":1068,"date":"2012-05-11T16:23:52","date_gmt":"2012-05-11T16:23:52","guid":{"rendered":"http:\/\/blogs.diariosur.es\/vistetecomopuedas\/?p=1068"},"modified":"2012-05-11T16:23:52","modified_gmt":"2012-05-11T16:23:52","slug":"brad-pitt-huele-a-chanel-n%c2%ba-5","status":"publish","type":"post","link":"https:\/\/blogs.diariosur.es\/vistetecomopuedas\/2012\/05\/11\/brad-pitt-huele-a-chanel-n%c2%ba-5\/","title":{"rendered":"Brad Pitt huele a Chanel n\u00ba 5"},"content":{"rendered":"<p>Hasta ahora hab\u00edamos visto a Marilyn Monroe, Nicole Kidman, Catherine Deneuve, Audrey Tautou o Keira Knightley como im\u00e1genes del m\u00edtico\u00a0<strong>perfume<\/strong>\u00a0<strong>Chanel n\u00ba 5<\/strong>, el m\u00e1s conocido y vendido del mundo.\u00a0<strong>Chanel n\u00ba 5<\/strong>\u00a0se cre\u00f3 en 1921 y, desde entonces, \u00a0siempre ha estado representado en la publicidad por mujeres carism\u00e1ticas y con estilo. Sin embargo, a partir de ahora deberemos cambiar este prototipo pues\u00a0<strong>Brad Pitt<\/strong>\u00a0ser\u00e1 la pr\u00f3xima imagen del perfume. Una noticia que ha llamado mucho la atenci\u00f3n, quiz\u00e1s en gran parte por ser\u00a0<strong>Chanel<\/strong>\u00a0una casa cl\u00e1sica que no nos tiene acostumbrados a tales innovaciones.<\/p>\n<p>A\u00fan no se sabe mucho m\u00e1s acerca de la pr\u00f3xima campa\u00f1a de publicidad de la marca, pero s\u00ed que el\u00a0<strong>perfume<\/strong>\u00a0se asociar\u00e1 a\u00a0<strong>Brad Pitt<\/strong>\u00a0\u00a0y, por tanto, a un hombre, algo que no suele ser habitual cuando se habla de un producto de belleza<strong>\u00a0femenino<\/strong>.<\/p>\n<p><a href=\"\/vistetecomopuedas\/wp-content\/uploads\/sites\/47\/2012\/05\/chanel.jpg\"><img loading=\"lazy\" class=\"aligncenter size-full wp-image-1069\" title=\"chanel\" src=\"\/vistetecomopuedas\/wp-content\/uploads\/sites\/47\/2012\/05\/chanel.jpg\" alt=\"\" width=\"660\" height=\"559\" srcset=\"https:\/\/static-blogs.diariosur.es\/wp-content\/uploads\/sites\/47\/2012\/05\/chanel.jpg 660w, https:\/\/static-blogs.diariosur.es\/wp-content\/uploads\/sites\/47\/2012\/05\/chanel-300x254.jpg 300w\" sizes=\"(max-width: 660px) 100vw, 660px\" \/><\/a><\/p>\n<p><strong>&#8211; El &#8220;moreno carb\u00f3n&#8221; de H&#038;M<\/strong><\/p>\n<p><strong><\/strong>Tambi\u00e9n ha despertado un gran n\u00famero de comentarios la\u00a0<strong>campa\u00f1a<\/strong>\u00a0de\u00a0<strong>verano<\/strong>\u00a0de\u00a0<strong>H&#038;M<\/strong>\u00a0en la que la modelo brasile\u00f1a\u00a0<strong>Isabeli Fontana<\/strong>\u00a0aparece con un tono de piel &#8220;<strong>moreno<\/strong>carb\u00f3n&#8221;, seg\u00fan la Asociaci\u00f3n Sueca contra el C\u00e1ncer. Dicha asociaci\u00f3n advierte de que las fotograf\u00edas de la nueva colecci\u00f3n pueden fomentar el deseo de las mujeres de conseguir ese tono de piel, algo que resultar\u00eda perjudicial para la salud de la piel.<\/p>\n<p>Ante las cr\u00edticas de la Asociaci\u00f3n Sueca contra el C\u00e1ncer,\u00a0<strong>H&#038;M\u00a0<\/strong>ha lanzado un comunicado en el que se disculpa por si han podido ofender a alguien con su \u00faltima campa\u00f1a y a\u00f1aden que su intenci\u00f3n era lucir su nueva colecci\u00f3n de ba\u00f1o. No obstante,\u00a0<strong>Isabeli Fontana<\/strong>\u00a0seguir\u00e1 luciendo los biquinis y ba\u00f1adores que marcar\u00e1n el verano para la cadena sueca, tanto en su web como en otras v\u00edas publicitarias.<\/p>\n<p><a href=\"\/vistetecomopuedas\/wp-content\/uploads\/sites\/47\/2012\/05\/hm.jpg\"><img loading=\"lazy\" class=\"aligncenter size-full wp-image-1070\" title=\"H&#038;M campa\u00f1a verano\" src=\"\/vistetecomopuedas\/wp-content\/uploads\/sites\/47\/2012\/05\/hm.jpg\" alt=\"\" width=\"660\" height=\"768\" srcset=\"https:\/\/static-blogs.diariosur.es\/wp-content\/uploads\/sites\/47\/2012\/05\/hm.jpg 660w, https:\/\/static-blogs.diariosur.es\/wp-content\/uploads\/sites\/47\/2012\/05\/hm-258x300.jpg 258w\" sizes=\"(max-width: 660px) 100vw, 660px\" \/><\/a><\/p>\n","protected":false},"excerpt":{"rendered":"<p>Hasta ahora hab\u00edamos visto a Marilyn Monroe, Nicole Kidman, Catherine Deneuve, Audrey Tautou o Keira Knightley como im\u00e1genes del m\u00edtico\u00a0perfume\u00a0Chanel n\u00ba 5, el m\u00e1s conocido y vendido del mundo.\u00a0Chanel n\u00ba 5\u00a0se cre\u00f3 en 1921 y, desde entonces, \u00a0siempre ha estado representado en la publicidad por mujeres carism\u00e1ticas y con estilo. Sin embargo, a partir de [&hellip;]<\/p>\n","protected":false},"author":52,"featured_media":0,"comment_status":"open","ping_status":"closed","sticky":false,"template":"","format":"standard","meta":[],"categories":[667],"tags":[834,1131,928],"_links":{"self":[{"href":"https:\/\/blogs.diariosur.es\/vistetecomopuedas\/wp-json\/wp\/v2\/posts\/1068"}],"collection":[{"href":"https:\/\/blogs.diariosur.es\/vistetecomopuedas\/wp-json\/wp\/v2\/posts"}],"about":[{"href":"https:\/\/blogs.diariosur.es\/vistetecomopuedas\/wp-json\/wp\/v2\/types\/post"}],"author":[{"embeddable":true,"href":"https:\/\/blogs.diariosur.es\/vistetecomopuedas\/wp-json\/wp\/v2\/users\/52"}],"replies":[{"embeddable":true,"href":"https:\/\/blogs.diariosur.es\/vistetecomopuedas\/wp-json\/wp\/v2\/comments?post=1068"}],"version-history":[{"count":0,"href":"https:\/\/blogs.diariosur.es\/vistetecomopuedas\/wp-json\/wp\/v2\/posts\/1068\/revisions"}],"wp:attachment":[{"href":"https:\/\/blogs.diariosur.es\/vistetecomopuedas\/wp-json\/wp\/v2\/media?parent=1068"}],"wp:term":[{"taxonomy":"category","embeddable":true,"href":"https:\/\/blogs.diariosur.es\/vistetecomopuedas\/wp-json\/wp\/v2\/categories?post=1068"},{"taxonomy":"post_tag","embeddable":true,"href":"https:\/\/blogs.diariosur.es\/vistetecomopuedas\/wp-json\/wp\/v2\/tags?post=1068"}],"curies":[{"name":"wp","href":"https:\/\/api.w.org\/{rel}","templated":true}]}}