{"id":1071,"date":"2012-05-15T20:32:21","date_gmt":"2012-05-15T20:32:21","guid":{"rendered":"http:\/\/blogs.diariosur.es\/vistetecomopuedas\/?p=1071"},"modified":"2012-05-15T20:32:21","modified_gmt":"2012-05-15T20:32:21","slug":"mayo-mes-de-comuniones-bautizos-y-otros-eventos","status":"publish","type":"post","link":"https:\/\/blogs.diariosur.es\/vistetecomopuedas\/2012\/05\/15\/mayo-mes-de-comuniones-bautizos-y-otros-eventos\/","title":{"rendered":"Mayo: Mes de comuniones, bautizos, y otros eventos"},"content":{"rendered":"<p>Se nota que con las altas temperaturas todos tenemos m\u00e1s ganas de salir y festejar. Casi todos tenemos \u00faltimamente las agendas repletas de planes, y algunos de estos implican <strong>vestir<\/strong> de manera adecuada, como las <strong>comuniones<\/strong>, cita obligada en este mes de mayo. Adem\u00e1s, en primavera y verano surgen m\u00e1s<strong> bodas<\/strong> o <strong>bautizos<\/strong>. Lo de las bodas lo dejaremos para otro cap\u00edtulo y nos centraremos en las <strong>comuniones<\/strong> o en los<strong> bautizos<\/strong>. \u00bfQu\u00e9 me pongo?, esta suele ser la frase m\u00e1s repetida cuando nos invitan a cualquiera de estos eventos. Y lo cierto es que para cualquiera de ambas citas la respuesta es bastante f\u00e1cil.<\/p>\n<p>Desde mi punto de vista el acierto estar\u00e1 siempre en la sencillez y en la elegancia. Olvid\u00e9monos de <strong>pamelas<\/strong> (que aunque a algunos os suene extra\u00f1o, hace no mucho pude ver a invitadas de una <strong>comuni\u00f3n<\/strong> con <strong>pamelas<\/strong> o grandes <strong>tocados<\/strong> m\u00e1s propios de una <strong>boda<\/strong>), y olvid\u00e9monos de <strong>vestidos largos<\/strong>. Lo ideal es apostar por <strong>vestidos tipo c\u00f3ctel, faldas<\/strong> y <strong>blusas<\/strong>, o incluso por <strong>pantalones<\/strong> de <strong>vestir<\/strong> con alg\u00fan bonito <strong>top<\/strong>. Hoy os muestro dos ejemplos y pr\u00f3ximamente os ense\u00f1ar\u00e9 m\u00e1s propuestas. \u00a1Feliz semana!<\/p>\n<p><a href=\"\/vistetecomopuedas\/wp-content\/uploads\/sites\/47\/2012\/05\/comuniones.jpg\"><img loading=\"lazy\" class=\"aligncenter size-full wp-image-1072\" title=\"ideas para vestir en comuniones\" src=\"\/vistetecomopuedas\/wp-content\/uploads\/sites\/47\/2012\/05\/comuniones.jpg\" alt=\"\" width=\"476\" height=\"473\" srcset=\"https:\/\/static-blogs.diariosur.es\/wp-content\/uploads\/sites\/47\/2012\/05\/comuniones.jpg 476w, https:\/\/static-blogs.diariosur.es\/wp-content\/uploads\/sites\/47\/2012\/05\/comuniones-150x150.jpg 150w, https:\/\/static-blogs.diariosur.es\/wp-content\/uploads\/sites\/47\/2012\/05\/comuniones-300x298.jpg 300w\" sizes=\"(max-width: 476px) 100vw, 476px\" \/><\/a><\/p>\n","protected":false},"excerpt":{"rendered":"<p>Se nota que con las altas temperaturas todos tenemos m\u00e1s ganas de salir y festejar. Casi todos tenemos \u00faltimamente las agendas repletas de planes, y algunos de estos implican vestir de manera adecuada, como las comuniones, cita obligada en este mes de mayo. Adem\u00e1s, en primavera y verano surgen m\u00e1s bodas o bautizos. Lo de [&hellip;]<\/p>\n","protected":false},"author":52,"featured_media":0,"comment_status":"open","ping_status":"closed","sticky":false,"template":"","format":"standard","meta":[],"categories":[759],"tags":[807,845,851,973],"_links":{"self":[{"href":"https:\/\/blogs.diariosur.es\/vistetecomopuedas\/wp-json\/wp\/v2\/posts\/1071"}],"collection":[{"href":"https:\/\/blogs.diariosur.es\/vistetecomopuedas\/wp-json\/wp\/v2\/posts"}],"about":[{"href":"https:\/\/blogs.diariosur.es\/vistetecomopuedas\/wp-json\/wp\/v2\/types\/post"}],"author":[{"embeddable":true,"href":"https:\/\/blogs.diariosur.es\/vistetecomopuedas\/wp-json\/wp\/v2\/users\/52"}],"replies":[{"embeddable":true,"href":"https:\/\/blogs.diariosur.es\/vistetecomopuedas\/wp-json\/wp\/v2\/comments?post=1071"}],"version-history":[{"count":0,"href":"https:\/\/blogs.diariosur.es\/vistetecomopuedas\/wp-json\/wp\/v2\/posts\/1071\/revisions"}],"wp:attachment":[{"href":"https:\/\/blogs.diariosur.es\/vistetecomopuedas\/wp-json\/wp\/v2\/media?parent=1071"}],"wp:term":[{"taxonomy":"category","embeddable":true,"href":"https:\/\/blogs.diariosur.es\/vistetecomopuedas\/wp-json\/wp\/v2\/categories?post=1071"},{"taxonomy":"post_tag","embeddable":true,"href":"https:\/\/blogs.diariosur.es\/vistetecomopuedas\/wp-json\/wp\/v2\/tags?post=1071"}],"curies":[{"name":"wp","href":"https:\/\/api.w.org\/{rel}","templated":true}]}}