{"id":1073,"date":"2012-05-19T10:30:25","date_gmt":"2012-05-19T10:30:25","guid":{"rendered":"http:\/\/blogs.diariosur.es\/vistetecomopuedas\/?p=1073"},"modified":"2012-05-19T10:30:25","modified_gmt":"2012-05-19T10:30:25","slug":"nos-vamos-de-comunion-o-de-bautizo","status":"publish","type":"post","link":"https:\/\/blogs.diariosur.es\/vistetecomopuedas\/2012\/05\/19\/nos-vamos-de-comunion-o-de-bautizo\/","title":{"rendered":"Nos vamos de comuni\u00f3n (o de bautizo)"},"content":{"rendered":"<p>El otro d\u00eda en esta <a href=\"https:\/\/blogs.diariosur.es\/vistetecomopuedas\/2012\/05\/15\/mayo-mes-de-comuniones-bautizos-y-otros-eventos\/\" target=\"_blank\">entrada<\/a> os hablaba de <strong>c\u00f3mo vestir<\/strong> para ir a una <strong>comuni\u00f3n<\/strong> o <strong>bautizo<\/strong>. A esta hora me encuentro disfrutando de un <strong>bautizo<\/strong> -este post lo program\u00e9 hace unas horas-, y he querido compartir con vosotros c\u00f3mo he decidido vestirme yo para tal ocasi\u00f3n.<\/p>\n<p>C\u00f3mo os comentaba creo que, para asistir a este tipo de eventos, el acierto est\u00e1 en ir <strong>arreglada<\/strong> pero con sencillez. Ese ha sido mi principio a la hora de elegir este <strong>look<\/strong>. Vestido de <strong>colores primaverales<\/strong>, en este caso el tono coral con un ligero toque de verde, y complementos sobrios: unos <strong>zapatos<\/strong> de peque\u00f1o tac\u00f3n, un <strong>clutch<\/strong> negro y unos discretos <strong>pendientes<\/strong>. Espero que os guste. \u00a1Besos y disfrutad al cien por cien del fin de semana!<\/p>\n<div id=\"attachment_1074\" style=\"width: 670px\" class=\"wp-caption aligncenter\"><a href=\"\/vistetecomopuedas\/wp-content\/uploads\/sites\/47\/2012\/05\/vestidocomuni\u00f3n.jpg\"><img aria-describedby=\"caption-attachment-1074\" loading=\"lazy\" class=\"size-full wp-image-1074\" title=\"Vestido de Mango\" src=\"\/vistetecomopuedas\/wp-content\/uploads\/sites\/47\/2012\/05\/vestidocomuni\u00f3n.jpg\" alt=\"\" width=\"660\" height=\"800\" srcset=\"https:\/\/static-blogs.diariosur.es\/wp-content\/uploads\/sites\/47\/2012\/05\/vestidocomuni\u00f3n.jpg 660w, https:\/\/static-blogs.diariosur.es\/wp-content\/uploads\/sites\/47\/2012\/05\/vestidocomuni\u00f3n-248x300.jpg 248w\" sizes=\"(max-width: 660px) 100vw, 660px\" \/><\/a><p id=\"caption-attachment-1074\" class=\"wp-caption-text\">Vestido: Mango (nueva temporada), Clutch: Blanco (otra temporada) y Zapatos: Stradivarius (otra temporada)<\/p><\/div>\n<p style=\"text-align: center;\">\n","protected":false},"excerpt":{"rendered":"<p>El otro d\u00eda en esta entrada os hablaba de c\u00f3mo vestir para ir a una comuni\u00f3n o bautizo. A esta hora me encuentro disfrutando de un bautizo -este post lo program\u00e9 hace unas horas-, y he querido compartir con vosotros c\u00f3mo he decidido vestirme yo para tal ocasi\u00f3n. C\u00f3mo os comentaba creo que, para asistir [&hellip;]<\/p>\n","protected":false},"author":52,"featured_media":0,"comment_status":"open","ping_status":"closed","sticky":false,"template":"","format":"standard","meta":[],"categories":[759],"tags":[807,845,973,1079],"_links":{"self":[{"href":"https:\/\/blogs.diariosur.es\/vistetecomopuedas\/wp-json\/wp\/v2\/posts\/1073"}],"collection":[{"href":"https:\/\/blogs.diariosur.es\/vistetecomopuedas\/wp-json\/wp\/v2\/posts"}],"about":[{"href":"https:\/\/blogs.diariosur.es\/vistetecomopuedas\/wp-json\/wp\/v2\/types\/post"}],"author":[{"embeddable":true,"href":"https:\/\/blogs.diariosur.es\/vistetecomopuedas\/wp-json\/wp\/v2\/users\/52"}],"replies":[{"embeddable":true,"href":"https:\/\/blogs.diariosur.es\/vistetecomopuedas\/wp-json\/wp\/v2\/comments?post=1073"}],"version-history":[{"count":0,"href":"https:\/\/blogs.diariosur.es\/vistetecomopuedas\/wp-json\/wp\/v2\/posts\/1073\/revisions"}],"wp:attachment":[{"href":"https:\/\/blogs.diariosur.es\/vistetecomopuedas\/wp-json\/wp\/v2\/media?parent=1073"}],"wp:term":[{"taxonomy":"category","embeddable":true,"href":"https:\/\/blogs.diariosur.es\/vistetecomopuedas\/wp-json\/wp\/v2\/categories?post=1073"},{"taxonomy":"post_tag","embeddable":true,"href":"https:\/\/blogs.diariosur.es\/vistetecomopuedas\/wp-json\/wp\/v2\/tags?post=1073"}],"curies":[{"name":"wp","href":"https:\/\/api.w.org\/{rel}","templated":true}]}}