{"id":1079,"date":"2012-05-25T20:24:57","date_gmt":"2012-05-25T20:24:57","guid":{"rendered":"http:\/\/blogs.diariosur.es\/vistetecomopuedas\/?p=1079"},"modified":"2012-05-25T20:24:57","modified_gmt":"2012-05-25T20:24:57","slug":"hm-busca-cool-hunters-llega-la-cosmopolitan-fashion-week","status":"publish","type":"post","link":"https:\/\/blogs.diariosur.es\/vistetecomopuedas\/2012\/05\/25\/hm-busca-cool-hunters-llega-la-cosmopolitan-fashion-week\/","title":{"rendered":"HM busca cool-hunters. Llega la Cosmopolitan Shopping Week"},"content":{"rendered":"<p>La firma sueca <strong>low cost<\/strong> <strong>H&#038;M <\/strong>acaba de lanzar un <strong>concurso<\/strong> internacional para buscar <strong>caza tendencias<\/strong> (<strong>cool-hunters<\/strong>). Esta selecci\u00f3n se realizar\u00e1 con motivo de la \u00faltima <strong>colecci\u00f3n<\/strong> &#8216;<strong>Fashion against Aids<\/strong>&#8216; (moda contra el SIDA) y que estar\u00e1 presente en el festival de <strong>Roskilde<\/strong> (Dinamarca).<\/p>\n<p>El c<strong>oncurso<\/strong> se har\u00e1 a trav\u00e9s de <strong>Facebook<\/strong>\u00a0 (<a href=\"http:\/\/www.facebook.com\/hm\/app_227059087405582\" target=\"_blank\" rel=\"external nofollow\">pinchando en este enlace<\/a>) y el premio consistir\u00e1 en un pase doble para el campamento que<strong> H&#038;M<\/strong> instalar\u00e1 en el <strong>festival de Roskilde<\/strong>. All\u00ed el ganador podr\u00e1 convertirse en un <strong>cool hunter<\/strong>. Para demostrar que se es todo un caza tendencias habr\u00e1 que demostrarlo previamente en <strong>Facebook<\/strong>.<\/p>\n<p>H&#038;M viene creando la colecci\u00f3n &#8216;<strong>Fashion against Aids<\/strong>&#8216; desde el a\u00f1o 2008. Desde entonces, el 25% de las ventas de dicha colecci\u00f3n se destinan para proyectos de prevenci\u00f3n contra el virus del SIDA. Si dese\u00e1is conocer las prendas de esta edici\u00f3n especial pod\u00e9is <a href=\"http:\/\/about.hm.com\/content\/hm\/AboutSection\/en\/About\/Sustainability\/Commitments\/Communities\/Community-Projects\/Fashion-Against-Aids.html\" target=\"_blank\" rel=\"external nofollow\">pinchar aqu\u00ed<\/a>.<\/p>\n<p><a href=\"\/vistetecomopuedas\/wp-content\/uploads\/sites\/47\/2012\/05\/fashion-against-SIDA.jpg\"><img loading=\"lazy\" class=\"aligncenter size-full wp-image-1080\" title=\"fashion against SIDA\" src=\"\/vistetecomopuedas\/wp-content\/uploads\/sites\/47\/2012\/05\/fashion-against-SIDA.jpg\" alt=\"\" width=\"660\" height=\"440\" srcset=\"https:\/\/static-blogs.diariosur.es\/wp-content\/uploads\/sites\/47\/2012\/05\/fashion-against-SIDA.jpg 660w, https:\/\/static-blogs.diariosur.es\/wp-content\/uploads\/sites\/47\/2012\/05\/fashion-against-SIDA-300x200.jpg 300w\" sizes=\"(max-width: 660px) 100vw, 660px\" \/><\/a><\/p>\n<p>Por otra parte quer\u00eda informaros de que, las que est\u00e9is en <strong>Madrid<\/strong> o <strong>Barcelona<\/strong> durante la primera quincena del pr\u00f3ximo mes de junio, podr\u00e9is disfrutar de la <strong>Cosmopolitan Shopping Week. <\/strong>Esta ser\u00e1 el segundo a\u00f1o que se organice esta semana de la <strong>moda<\/strong> en la que se podr\u00e1 disfrutar de descuentos, promociones y otras sorpresas como sesiones de <strong>maquillaje<\/strong>, <strong>tratamientos faciales<\/strong>, <strong>peluquer\u00eda<\/strong> o conciertos.<\/p>\n<p>La cita de la <strong>Cosmopolitan Shopping Week<\/strong> en <strong>Madrid<\/strong> tendr\u00e1 lugar del 4 al 10 de junio, mientras que en <strong>Barcelona<\/strong> ser\u00e1 del 11 al 17. Los circuitos de <strong>tiendas<\/strong> pueden consultarse <a href=\"http:\/\/cosmofan.cosmohispano.com\/2012\/05\/cosmopolitan-shopping-week-2012\/\" target=\"_blank\" rel=\"external nofollow\">aqu\u00ed<\/a>. Adem\u00e1s, en <strong>Twitter<\/strong> podr\u00e9is tener m\u00e1s informaci\u00f3n con el <strong>hashtag<\/strong> <strong>#CSW<\/strong><\/p>\n<div id=\"attachment_1081\" style=\"width: 628px\" class=\"wp-caption aligncenter\"><a href=\"\/vistetecomopuedas\/wp-content\/uploads\/sites\/47\/2012\/05\/mapamad.jpg\"><img aria-describedby=\"caption-attachment-1081\" loading=\"lazy\" class=\"size-full wp-image-1081\" title=\"Mapa madrid\" src=\"\/vistetecomopuedas\/wp-content\/uploads\/sites\/47\/2012\/05\/mapamad.jpg\" alt=\"\" width=\"618\" height=\"627\" srcset=\"https:\/\/static-blogs.diariosur.es\/wp-content\/uploads\/sites\/47\/2012\/05\/mapamad.jpg 618w, https:\/\/static-blogs.diariosur.es\/wp-content\/uploads\/sites\/47\/2012\/05\/mapamad-296x300.jpg 296w\" sizes=\"(max-width: 618px) 100vw, 618px\" \/><\/a><p id=\"caption-attachment-1081\" class=\"wp-caption-text\">Plano de la zona de tiendas de la Cosmopolitan Fashion Week de Madrid<\/p><\/div>\n<p><strong><br \/>\n<\/strong><\/p>\n<p>&nbsp;<\/p>\n<p>&nbsp;<\/p>\n","protected":false},"excerpt":{"rendered":"<p>La firma sueca low cost H&#038;M acaba de lanzar un concurso internacional para buscar caza tendencias (cool-hunters). Esta selecci\u00f3n se realizar\u00e1 con motivo de la \u00faltima colecci\u00f3n &#8216;Fashion against Aids&#8216; (moda contra el SIDA) y que estar\u00e1 presente en el festival de Roskilde (Dinamarca). El concurso se har\u00e1 a trav\u00e9s de Facebook\u00a0 (pinchando en este [&hellip;]<\/p>\n","protected":false},"author":52,"featured_media":0,"comment_status":"open","ping_status":"closed","sticky":false,"template":"","format":"standard","meta":[],"categories":[667,759],"tags":[853,855,1132],"_links":{"self":[{"href":"https:\/\/blogs.diariosur.es\/vistetecomopuedas\/wp-json\/wp\/v2\/posts\/1079"}],"collection":[{"href":"https:\/\/blogs.diariosur.es\/vistetecomopuedas\/wp-json\/wp\/v2\/posts"}],"about":[{"href":"https:\/\/blogs.diariosur.es\/vistetecomopuedas\/wp-json\/wp\/v2\/types\/post"}],"author":[{"embeddable":true,"href":"https:\/\/blogs.diariosur.es\/vistetecomopuedas\/wp-json\/wp\/v2\/users\/52"}],"replies":[{"embeddable":true,"href":"https:\/\/blogs.diariosur.es\/vistetecomopuedas\/wp-json\/wp\/v2\/comments?post=1079"}],"version-history":[{"count":0,"href":"https:\/\/blogs.diariosur.es\/vistetecomopuedas\/wp-json\/wp\/v2\/posts\/1079\/revisions"}],"wp:attachment":[{"href":"https:\/\/blogs.diariosur.es\/vistetecomopuedas\/wp-json\/wp\/v2\/media?parent=1079"}],"wp:term":[{"taxonomy":"category","embeddable":true,"href":"https:\/\/blogs.diariosur.es\/vistetecomopuedas\/wp-json\/wp\/v2\/categories?post=1079"},{"taxonomy":"post_tag","embeddable":true,"href":"https:\/\/blogs.diariosur.es\/vistetecomopuedas\/wp-json\/wp\/v2\/tags?post=1079"}],"curies":[{"name":"wp","href":"https:\/\/api.w.org\/{rel}","templated":true}]}}