{"id":1085,"date":"2012-05-28T19:43:39","date_gmt":"2012-05-28T19:43:39","guid":{"rendered":"http:\/\/blogs.diariosur.es\/vistetecomopuedas\/?p=1085"},"modified":"2012-05-28T19:43:39","modified_gmt":"2012-05-28T19:43:39","slug":"coral-desigual","status":"publish","type":"post","link":"https:\/\/blogs.diariosur.es\/vistetecomopuedas\/2012\/05\/28\/coral-desigual\/","title":{"rendered":"Coral desigual"},"content":{"rendered":"<p>Est\u00e1 claro que el <strong>coral<\/strong> sigue siendo un color de moda esta<strong> temporada<\/strong> <strong>primavera verano <\/strong>y tambi\u00e9n se lleva bastante lo desigual, tanto en faldas como os contaba <a href=\"https:\/\/blogs.diariosur.es\/vistetecomopuedas\/2012\/03\/11\/corto-por-delante-largo-por-detras\/\" target=\"_blank\">aqu\u00ed<\/a>, como en otras piezas tales como los <strong>tops<\/strong> o<strong> blusas<\/strong>. Es el caso de esta camiseta de <strong>Mango<\/strong>, cuyo detalle de mezcla de<strong> tejidos<\/strong> con abertura <strong>desigual<\/strong> en la parte de atr\u00e1s hizo que tuviera que comprarla.<\/p>\n<p>El otro d\u00eda decid\u00ed que estrenarla y, para ello, opt\u00e9 por unos <strong>vaqueros<\/strong> para combinarla. El problema es que me pill\u00f3 fuera y los \u00fanicos <strong>zapatos<\/strong> que llevaba conmigo eran tambi\u00e9n de tela <strong>vaquera<\/strong>, una combinaci\u00f3n que en este caso no me gusta tanto que es la mezcla de tonos tejanos, pero decid\u00ed no echarle cuentas al asunto y salir a pasear.<\/p>\n<div id=\"attachment_1086\" style=\"width: 670px\" class=\"wp-caption aligncenter\"><a href=\"\/vistetecomopuedas\/wp-content\/uploads\/sites\/47\/2012\/05\/coral.jpg\"><img aria-describedby=\"caption-attachment-1086\" loading=\"lazy\" class=\"size-full wp-image-1086 \" title=\"Camiseta coral\" src=\"\/vistetecomopuedas\/wp-content\/uploads\/sites\/47\/2012\/05\/coral.jpg\" alt=\"\" width=\"660\" height=\"768\" srcset=\"https:\/\/static-blogs.diariosur.es\/wp-content\/uploads\/sites\/47\/2012\/05\/coral.jpg 660w, https:\/\/static-blogs.diariosur.es\/wp-content\/uploads\/sites\/47\/2012\/05\/coral-258x300.jpg 258w\" sizes=\"(max-width: 660px) 100vw, 660px\" \/><\/a><p id=\"caption-attachment-1086\" class=\"wp-caption-text\">Camiseta: Mango (nueva temporada); Cintur\u00f3n: Mango (nueva temporada) Vaqueros: Blanco (nueva temporada); Pulsera: Stradivarius (anterior temporada); Clutch: Blanco (otra temporada); Gafas: Amichi (colecci\u00f3n actual); Zapatos: Stradivarius (otra temporada)<\/p><\/div>\n<p><a href=\"\/vistetecomopuedas\/wp-content\/uploads\/sites\/47\/2012\/05\/coraldos.jpg\"><img loading=\"lazy\" class=\"aligncenter size-full wp-image-1087\" title=\"camiseta coral 2\" src=\"\/vistetecomopuedas\/wp-content\/uploads\/sites\/47\/2012\/05\/coraldos.jpg\" alt=\"\" width=\"660\" height=\"768\" srcset=\"https:\/\/static-blogs.diariosur.es\/wp-content\/uploads\/sites\/47\/2012\/05\/coraldos.jpg 660w, https:\/\/static-blogs.diariosur.es\/wp-content\/uploads\/sites\/47\/2012\/05\/coraldos-258x300.jpg 258w\" sizes=\"(max-width: 660px) 100vw, 660px\" \/><\/a><\/p>\n","protected":false},"excerpt":{"rendered":"<p>Est\u00e1 claro que el coral sigue siendo un color de moda esta temporada primavera verano y tambi\u00e9n se lleva bastante lo desigual, tanto en faldas como os contaba aqu\u00ed, como en otras piezas tales como los tops o blusas. Es el caso de esta camiseta de Mango, cuyo detalle de mezcla de tejidos con abertura [&hellip;]<\/p>\n","protected":false},"author":52,"featured_media":0,"comment_status":"open","ping_status":"closed","sticky":false,"template":"","format":"standard","meta":[],"categories":[667],"tags":[793,807,973,1079],"_links":{"self":[{"href":"https:\/\/blogs.diariosur.es\/vistetecomopuedas\/wp-json\/wp\/v2\/posts\/1085"}],"collection":[{"href":"https:\/\/blogs.diariosur.es\/vistetecomopuedas\/wp-json\/wp\/v2\/posts"}],"about":[{"href":"https:\/\/blogs.diariosur.es\/vistetecomopuedas\/wp-json\/wp\/v2\/types\/post"}],"author":[{"embeddable":true,"href":"https:\/\/blogs.diariosur.es\/vistetecomopuedas\/wp-json\/wp\/v2\/users\/52"}],"replies":[{"embeddable":true,"href":"https:\/\/blogs.diariosur.es\/vistetecomopuedas\/wp-json\/wp\/v2\/comments?post=1085"}],"version-history":[{"count":0,"href":"https:\/\/blogs.diariosur.es\/vistetecomopuedas\/wp-json\/wp\/v2\/posts\/1085\/revisions"}],"wp:attachment":[{"href":"https:\/\/blogs.diariosur.es\/vistetecomopuedas\/wp-json\/wp\/v2\/media?parent=1085"}],"wp:term":[{"taxonomy":"category","embeddable":true,"href":"https:\/\/blogs.diariosur.es\/vistetecomopuedas\/wp-json\/wp\/v2\/categories?post=1085"},{"taxonomy":"post_tag","embeddable":true,"href":"https:\/\/blogs.diariosur.es\/vistetecomopuedas\/wp-json\/wp\/v2\/tags?post=1085"}],"curies":[{"name":"wp","href":"https:\/\/api.w.org\/{rel}","templated":true}]}}