{"id":1088,"date":"2012-06-02T11:48:01","date_gmt":"2012-06-02T11:48:01","guid":{"rendered":"http:\/\/blogs.diariosur.es\/vistetecomopuedas\/?p=1088"},"modified":"2012-06-02T11:48:01","modified_gmt":"2012-06-02T11:48:01","slug":"desfile-primavera-verano-de-pop-out","status":"publish","type":"post","link":"https:\/\/blogs.diariosur.es\/vistetecomopuedas\/2012\/06\/02\/desfile-primavera-verano-de-pop-out\/","title":{"rendered":"Desfile primavera-verano de Pop Out!"},"content":{"rendered":"<p>El pasado jueves la tienda mutimarca\u00a0<strong><a href=\"http:\/\/popout.es\/\" target=\"_blank\" rel=\"external nofollow\">Pop Out!<\/a><\/strong> celebr\u00f3 en el <strong><a href=\"http:\/\/www.hotelmolinalario.com\/\" target=\"_blank\" rel=\"external nofollow\">Hotel Molina Lario<\/a><\/strong> el desfile de su nueva <strong>colecci\u00f3n primavera verano<\/strong> 2012, con las prendas de firmas como <strong><a href=\"http:\/\/www.pepaloves.es\/\" target=\"_blank\" rel=\"external nofollow\">Pepa Loves<\/a><\/strong>, <strong><a href=\"http:\/\/www.diksi.es\" target=\"_blank\" rel=\"external nofollow\">Diksi<\/a><\/strong> o <strong><a href=\"http:\/\/www.compa\u00f1iafantastica.com\" target=\"_blank\" rel=\"external nofollow\">Compa\u00f1iafant\u00e1stica<\/a><\/strong>.<\/p>\n<p>El lugar de presentaci\u00f3n fue en un ambiente id\u00edlico, en la terraza del hotel junto a la piscina y con las inmejorables vistas de la catedral iluminada y el muelle uno. La m\u00fasica la puso<a href=\"http:\/\/www.ilovemoustache.net\/web\/index.php?page=home\" target=\"_blank\" rel=\"external nofollow\"> &#8216;<strong>I love Moustache<\/strong>&#8216;<\/a> y el maquillaje y la peluquer\u00eda fue obra de <strong><a href=\"http:\/\/www.fotoplatino.com\/fp18580\" target=\"_blank\" rel=\"external nofollow\">D.C. Asesores<\/a><\/strong> y <strong><a href=\"http:\/\/peluqueriahandicap.es\/index.php?page=home\" target=\"_blank\" rel=\"external nofollow\">Peluquer\u00eda Handicap<\/a><\/strong>. Adem\u00e1s, all\u00ed tuve la oportunidad de coincidir con algunos <strong>bloggers<\/strong> que ya conoc\u00eda y conocer a otros nuevos, algo que siempre es muy agradable.<\/p>\n<p>Tras el desfile, se organiz\u00f3 un showroom donde pod\u00edan adquirirse las prendas que, previamente, hab\u00edan lucido las modelos y que pod\u00e9is ver en la sesi\u00f3n previa que el fot\u00f3grafo <strong><a href=\"http:\/\/www.facebook.com\/media\/set\/?set=a.4191158060881.2172088.1342522253&#038;type=1\" target=\"_blank\" rel=\"external nofollow\">Frank Ramos<\/a><\/strong> realiz\u00f3 (Tambi\u00e9n pod\u00e9is ver m\u00e1s fotograf\u00edas en el facebook de <a href=\"https:\/\/www.facebook.com\/media\/set\/?set=a.10150962219676252.461047.755196251&#038;type=3\" target=\"_blank\" rel=\"external nofollow\">Sergio Boj<\/a>). Os dejo con algunas im\u00e1genes de la otra noche y con algunas prendas que pod\u00e9is encontrar en la tienda <strong><a href=\"http:\/\/popout.es\/\" target=\"_blank\" rel=\"external nofollow\">Pop Out!<\/a><\/strong> ubicada en el centro de M\u00e1laga, en calle Casapalma, 4.<\/p>\n<div id=\"attachment_1089\" style=\"width: 670px\" class=\"wp-caption aligncenter\"><a href=\"\/vistetecomopuedas\/wp-content\/uploads\/sites\/47\/2012\/06\/desfilepopout.jpg\"><img aria-describedby=\"caption-attachment-1089\" loading=\"lazy\" class=\"size-full wp-image-1089\" title=\"desfilepopout\" src=\"\/vistetecomopuedas\/wp-content\/uploads\/sites\/47\/2012\/06\/desfilepopout.jpg\" alt=\"\" width=\"660\" height=\"800\" srcset=\"https:\/\/static-blogs.diariosur.es\/wp-content\/uploads\/sites\/47\/2012\/06\/desfilepopout.jpg 660w, https:\/\/static-blogs.diariosur.es\/wp-content\/uploads\/sites\/47\/2012\/06\/desfilepopout-248x300.jpg 248w\" sizes=\"(max-width: 660px) 100vw, 660px\" \/><\/a><p id=\"caption-attachment-1089\" class=\"wp-caption-text\">Algunas im\u00e1genes del desfile. Pod\u00e9is ver fotos mejores en la p\u00e1gina de Facebook de Frank Ramos o en la de Sergio Boj<\/p><\/div>\n<div id=\"attachment_1090\" style=\"width: 670px\" class=\"wp-caption aligncenter\"><a href=\"\/vistetecomopuedas\/wp-content\/uploads\/sites\/47\/2012\/06\/popout2.jpg\"><img aria-describedby=\"caption-attachment-1090\" loading=\"lazy\" class=\"size-full wp-image-1090\" title=\"popout2\" src=\"\/vistetecomopuedas\/wp-content\/uploads\/sites\/47\/2012\/06\/popout2.jpg\" alt=\"\" width=\"660\" height=\"800\" srcset=\"https:\/\/static-blogs.diariosur.es\/wp-content\/uploads\/sites\/47\/2012\/06\/popout2.jpg 660w, https:\/\/static-blogs.diariosur.es\/wp-content\/uploads\/sites\/47\/2012\/06\/popout2-248x300.jpg 248w\" sizes=\"(max-width: 660px) 100vw, 660px\" \/><\/a><p id=\"caption-attachment-1090\" class=\"wp-caption-text\">Con mi amiga y blogger &#39;La Chica de la M\u00e1scara&#39; y su peque y &#39;miniblogger&#39; Noem\u00ed \ud83d\ude42<\/p><\/div>\n<div class=\"mceTemp mceIEcenter\">\n<dl id=\"attachment_1091\" class=\"wp-caption aligncenter\" style=\"width: 670px;\">\n<dt class=\"wp-caption-dt\"><a href=\"\/vistetecomopuedas\/wp-content\/uploads\/sites\/47\/2012\/06\/bloggersdemodamalaga.jpg\"><img loading=\"lazy\" class=\"size-full wp-image-1091\" title=\"bloggersdemodamalaga\" src=\"\/vistetecomopuedas\/wp-content\/uploads\/sites\/47\/2012\/06\/bloggersdemodamalaga.jpg\" alt=\"\" width=\"660\" height=\"421\" srcset=\"https:\/\/static-blogs.diariosur.es\/wp-content\/uploads\/sites\/47\/2012\/06\/bloggersdemodamalaga.jpg 660w, https:\/\/static-blogs.diariosur.es\/wp-content\/uploads\/sites\/47\/2012\/06\/bloggersdemodamalaga-300x191.jpg 300w\" sizes=\"(max-width: 660px) 100vw, 660px\" \/><\/a><\/dt>\n<dd class=\"wp-caption-dd\"><\/dd>\n<\/dl>\n<\/div>\n<p>Con algunos bloggers de M\u00e1laga. De izquierda a derecha: <a href=\"http:\/\/tevisto.es\/\" target=\"_blank\" rel=\"external nofollow\">Tevisto<\/a>,<a href=\"http:\/\/fashionhadas.blogspot.com.es\/\" target=\"_blank\" rel=\"external nofollow\"> Fashionhadas<\/a>, <a href=\"http:\/\/ideabook.es\/\" target=\"_blank\" rel=\"external nofollow\">Ideabook<\/a>, <a href=\"http:\/\/bisuteriabelenzotano.com\/\" target=\"_blank\" rel=\"external nofollow\">Bel\u00e9n<\/a>,<a href=\"http:\/\/lachicadelamascara.blogspot.com.es\/\" target=\"_blank\" rel=\"external nofollow\"> La Chica de la M\u00e1scara<\/a> y su peque, yo y <a href=\"http:\/\/modaeresyenmodateconvertiras.blogspot.com.es\/\" target=\"_blank\" rel=\"external nofollow\">Modaeres<\/a>.<\/p>\n","protected":false},"excerpt":{"rendered":"<p>El pasado jueves la tienda mutimarca\u00a0Pop Out! celebr\u00f3 en el Hotel Molina Lario el desfile de su nueva colecci\u00f3n primavera verano 2012, con las prendas de firmas como Pepa Loves, Diksi o Compa\u00f1iafant\u00e1stica. El lugar de presentaci\u00f3n fue en un ambiente id\u00edlico, en la terraza del hotel junto a la piscina y con las inmejorables [&hellip;]<\/p>\n","protected":false},"author":52,"featured_media":0,"comment_status":"open","ping_status":"closed","sticky":false,"template":"","format":"standard","meta":[],"categories":[759],"tags":[864,1039],"_links":{"self":[{"href":"https:\/\/blogs.diariosur.es\/vistetecomopuedas\/wp-json\/wp\/v2\/posts\/1088"}],"collection":[{"href":"https:\/\/blogs.diariosur.es\/vistetecomopuedas\/wp-json\/wp\/v2\/posts"}],"about":[{"href":"https:\/\/blogs.diariosur.es\/vistetecomopuedas\/wp-json\/wp\/v2\/types\/post"}],"author":[{"embeddable":true,"href":"https:\/\/blogs.diariosur.es\/vistetecomopuedas\/wp-json\/wp\/v2\/users\/52"}],"replies":[{"embeddable":true,"href":"https:\/\/blogs.diariosur.es\/vistetecomopuedas\/wp-json\/wp\/v2\/comments?post=1088"}],"version-history":[{"count":0,"href":"https:\/\/blogs.diariosur.es\/vistetecomopuedas\/wp-json\/wp\/v2\/posts\/1088\/revisions"}],"wp:attachment":[{"href":"https:\/\/blogs.diariosur.es\/vistetecomopuedas\/wp-json\/wp\/v2\/media?parent=1088"}],"wp:term":[{"taxonomy":"category","embeddable":true,"href":"https:\/\/blogs.diariosur.es\/vistetecomopuedas\/wp-json\/wp\/v2\/categories?post=1088"},{"taxonomy":"post_tag","embeddable":true,"href":"https:\/\/blogs.diariosur.es\/vistetecomopuedas\/wp-json\/wp\/v2\/tags?post=1088"}],"curies":[{"name":"wp","href":"https:\/\/api.w.org\/{rel}","templated":true}]}}