{"id":1096,"date":"2012-06-08T18:19:48","date_gmt":"2012-06-08T18:19:48","guid":{"rendered":"http:\/\/blogs.diariosur.es\/vistetecomopuedas\/?p=1096"},"modified":"2012-06-08T18:19:48","modified_gmt":"2012-06-08T18:19:48","slug":"el-poder-de-un-cinturon","status":"publish","type":"post","link":"https:\/\/blogs.diariosur.es\/vistetecomopuedas\/2012\/06\/08\/el-poder-de-un-cinturon\/","title":{"rendered":"El poder de un cintur\u00f3n"},"content":{"rendered":"<p>Como ya <a href=\"https:\/\/blogs.diariosur.es\/vistetecomopuedas\/2012\/06\/06\/laura-calvente-inaugura-su-tienda-en-el-centro-de-malaga\/\" target=\"_blank\">os coment\u00e9<\/a>, ayer asist\u00ed a la inauguraci\u00f3n de la nueva <strong>tienda<\/strong> de<strong> Laura Calvente<\/strong>, a la que le deseo mucha suerte en su nueva andadura. Con el calor que hac\u00eda decid\u00ed ponerme un <strong>vestido<\/strong> que quiz\u00e1s es demasiado suelto y por s\u00ed solo puede no ser de lo m\u00e1s favorecedor, ya que se asemeja m\u00e1s a una bata de andar por casa. Sin embargo, s\u00f3lo con un peque\u00f1o <strong>cintur\u00f3n<\/strong> el <strong>vestido<\/strong> tiene otra ca\u00edda que viste bastante m\u00e1s.<\/p>\n<p>Los <strong>cinturones<\/strong> a parte de llevar varias <strong>temporadas<\/strong> como uno de los complementos de moda resultan a veces <strong>prendas<\/strong> b\u00e1sicas para ce\u00f1ir <strong>camisetas<\/strong> o vestidos. Dan forma y aportan <strong>estilo<\/strong>.<\/p>\n<p>Respecto a la inauguraci\u00f3n de la tienda s\u00f3lo puedo decir que fue todo un \u00e9xito. Asistieron gran multitud de invitados, tanto del mundo de la moda -fot\u00f3grafos, dise\u00f1adores, bloggers, modelos- como amigos y familiares de <strong>Laura Calvente<\/strong>. En ella encontramos muchos de los dise\u00f1os que pudimos ver en el <a href=\"https:\/\/blogs.diariosur.es\/vistetecomopuedas\/2012\/05\/05\/malaga-fashion-preview-malaga-fashion-week\/\" target=\"_blank\">desfile de la <strong>M\u00e1laga Fashion Preview<\/strong><\/a>\u00a0y otros. La tienda, aunque peque\u00f1a, est\u00e1 muy bien decorada con fotograf\u00edas y espejos. Y en la parte alta podemos ver -y comprar- algunos de los <strong>tocados<\/strong> y <strong>turbantes<\/strong> que dise\u00f1a Laura y que, personalmente, me gustan much\u00edsimo, a pesar de no ser de ponerme tocados ni nada por el estilo.<\/p>\n<p style=\"text-align: center;\"><a href=\"\/vistetecomopuedas\/wp-content\/uploads\/sites\/47\/2012\/06\/vestidoamarillo.jpg\"><img loading=\"lazy\" class=\"aligncenter size-full wp-image-1098\" title=\"vestidoamarillo\" src=\"\/vistetecomopuedas\/wp-content\/uploads\/sites\/47\/2012\/06\/vestidoamarillo.jpg\" alt=\"\" width=\"660\" height=\"564\" srcset=\"https:\/\/static-blogs.diariosur.es\/wp-content\/uploads\/sites\/47\/2012\/06\/vestidoamarillo.jpg 660w, https:\/\/static-blogs.diariosur.es\/wp-content\/uploads\/sites\/47\/2012\/06\/vestidoamarillo-300x256.jpg 300w\" sizes=\"(max-width: 660px) 100vw, 660px\" \/><\/a><a href=\"\/vistetecomopuedas\/wp-content\/uploads\/sites\/47\/2012\/06\/vestidoamarillo2.jpg\"><img loading=\"lazy\" class=\"aligncenter size-full wp-image-1099\" title=\"vestidoamarillo2\" src=\"\/vistetecomopuedas\/wp-content\/uploads\/sites\/47\/2012\/06\/vestidoamarillo2.jpg\" alt=\"\" width=\"660\" height=\"564\" srcset=\"https:\/\/static-blogs.diariosur.es\/wp-content\/uploads\/sites\/47\/2012\/06\/vestidoamarillo2.jpg 660w, https:\/\/static-blogs.diariosur.es\/wp-content\/uploads\/sites\/47\/2012\/06\/vestidoamarillo2-300x256.jpg 300w\" sizes=\"(max-width: 660px) 100vw, 660px\" \/><\/a>Vestido: <a href=\"http:\/\/shop.mango.com\/ES\/p0\/mango\/prendas\/vestidos\/vestido-halter\/?id=63439554_10&#038;n=1&#038;s=prendas.vestidosprendas&#038;ie=0&#038;m=&#038;ts=1339175554624\" target=\"_blank\" rel=\"external nofollow\">Mango<\/a> (nueva temporada)<\/p>\n<div id=\"attachment_1100\" style=\"width: 670px\" class=\"wp-caption aligncenter\"><a href=\"\/vistetecomopuedas\/wp-content\/uploads\/sites\/47\/2012\/06\/tienda-laura-calvente.jpg\"><img aria-describedby=\"caption-attachment-1100\" loading=\"lazy\" class=\"size-full wp-image-1100\" title=\"tienda laura calvente\" src=\"\/vistetecomopuedas\/wp-content\/uploads\/sites\/47\/2012\/06\/tienda-laura-calvente.jpg\" alt=\"\" width=\"660\" height=\"569\" srcset=\"https:\/\/static-blogs.diariosur.es\/wp-content\/uploads\/sites\/47\/2012\/06\/tienda-laura-calvente.jpg 660w, https:\/\/static-blogs.diariosur.es\/wp-content\/uploads\/sites\/47\/2012\/06\/tienda-laura-calvente-300x259.jpg 300w\" sizes=\"(max-width: 660px) 100vw, 660px\" \/><\/a><p id=\"caption-attachment-1100\" class=\"wp-caption-text\">Im\u00e1genes de la tienda de Laura Calvente<\/p><\/div>\n","protected":false},"excerpt":{"rendered":"<p>Como ya os coment\u00e9, ayer asist\u00ed a la inauguraci\u00f3n de la nueva tienda de Laura Calvente, a la que le deseo mucha suerte en su nueva andadura. Con el calor que hac\u00eda decid\u00ed ponerme un vestido que quiz\u00e1s es demasiado suelto y por s\u00ed solo puede no ser de lo m\u00e1s favorecedor, ya que se [&hellip;]<\/p>\n","protected":false},"author":52,"featured_media":0,"comment_status":"open","ping_status":"closed","sticky":false,"template":"","format":"standard","meta":[],"categories":[759],"tags":[838,1134,973],"_links":{"self":[{"href":"https:\/\/blogs.diariosur.es\/vistetecomopuedas\/wp-json\/wp\/v2\/posts\/1096"}],"collection":[{"href":"https:\/\/blogs.diariosur.es\/vistetecomopuedas\/wp-json\/wp\/v2\/posts"}],"about":[{"href":"https:\/\/blogs.diariosur.es\/vistetecomopuedas\/wp-json\/wp\/v2\/types\/post"}],"author":[{"embeddable":true,"href":"https:\/\/blogs.diariosur.es\/vistetecomopuedas\/wp-json\/wp\/v2\/users\/52"}],"replies":[{"embeddable":true,"href":"https:\/\/blogs.diariosur.es\/vistetecomopuedas\/wp-json\/wp\/v2\/comments?post=1096"}],"version-history":[{"count":0,"href":"https:\/\/blogs.diariosur.es\/vistetecomopuedas\/wp-json\/wp\/v2\/posts\/1096\/revisions"}],"wp:attachment":[{"href":"https:\/\/blogs.diariosur.es\/vistetecomopuedas\/wp-json\/wp\/v2\/media?parent=1096"}],"wp:term":[{"taxonomy":"category","embeddable":true,"href":"https:\/\/blogs.diariosur.es\/vistetecomopuedas\/wp-json\/wp\/v2\/categories?post=1096"},{"taxonomy":"post_tag","embeddable":true,"href":"https:\/\/blogs.diariosur.es\/vistetecomopuedas\/wp-json\/wp\/v2\/tags?post=1096"}],"curies":[{"name":"wp","href":"https:\/\/api.w.org\/{rel}","templated":true}]}}