{"id":1104,"date":"2012-06-17T20:16:26","date_gmt":"2012-06-17T20:16:26","guid":{"rendered":"http:\/\/blogs.diariosur.es\/vistetecomopuedas\/?p=1104"},"modified":"2012-06-17T20:16:26","modified_gmt":"2012-06-17T20:16:26","slug":"los-tocados-de-laura-olea-queso-vino-personal-shoppers-y-buena-compania","status":"publish","type":"post","link":"https:\/\/blogs.diariosur.es\/vistetecomopuedas\/2012\/06\/17\/los-tocados-de-laura-olea-queso-vino-personal-shoppers-y-buena-compania\/","title":{"rendered":"Los tocados de Laura Olea, queso, vino, personal shoppers y buena compa\u00f1\u00eda"},"content":{"rendered":"<p>Ten\u00eda muchas ganas de hablaros de <strong><a href=\"http:\/\/www.lauraolea.com\/\" target=\"_blank\" rel=\"external nofollow\">Laura Olea<\/a><\/strong>, sobre todo despu\u00e9s de que el pasado viernes varios bloggers pudi\u00e9ramos disfrutar en su tienda y taller de un evento denominado &#8216;Cheese &#038; Wine&#8217;. La excusa para citarnos -que no es menos buena por llamarla as\u00ed- fue la presentaci\u00f3n de un curso de &#8216;<strong>Personal Shopper<\/strong> y Asesor\u00eda de Imagen&#8217; del que ahora os hablar\u00e9. Hace tiempo que conozco el nombre de <strong>Laura Olea<\/strong> como <strong>dise\u00f1adora<\/strong> de <strong>tocados<\/strong> y sombreros pero, debido a que no soy muy partidaria de usarlos, nunca hab\u00eda conocido de cerca sus creaciones.<\/p>\n<p>Para quien no la conozca os dir\u00e9 que <strong>Laura Olea<\/strong> es malague\u00f1a y lleva ya a\u00f1os confeccionando<strong> tocados<\/strong> y sombreros, as\u00ed como bolsos y clutchs. Sus dise\u00f1os han desfilado en <strong>Cibeles <\/strong>junto a la colecci\u00f3n de la cordobesa <strong>Juana Mart\u00edn <\/strong>y pronto lo har\u00e1n con la de Alma Aguilar. Asimismo, llama la atenci\u00f3n saber que sus tocados han lucido tambi\u00e9n en las carreras de caballos de Ascot, entre otros importantes eventos.<\/p>\n<p><strong>Laura Olea<\/strong> cuenta con tiendas en M\u00e1laga (calle Stratchan n\u00ba4, 2\u00ba-2), C\u00f3rdoba (Plaza Chirinos, 3), Granada (Escudo del Carmen, 18) y dos showroom en Madrid y Barcelona. Para m\u00e1s informaci\u00f3n pod\u00e9is visitar su <a href=\"http:\/\/www.lauraolea.com\/\" target=\"_blank\" rel=\"external nofollow\">web<\/a>.<\/p>\n<p>Fue todo un lujo poder escuchar el proceso de creaci\u00f3n de los <strong>tocados<\/strong> y ver algunos de los materiales con los que trabaja <strong>Laura Olea<\/strong>. Tintes, plumas, tejidos&#8230; Lo cierto es que nos agrad\u00f3 mucho el trato de<strong> Laura<\/strong> y su hermana <strong>Esperanza Olea<\/strong>, quienes estuvieron muy pendientes de todos sus invitados. Sin duda fue un plus poder visitar el <strong>taller<\/strong> y conocer algunos datos que nos explic\u00f3 Laura. Y para finalizar todos pudimos probarnos sus <strong>tocados<\/strong>, algo con lo que lo pasamos en grande. Tanto que yo, que como os dec\u00eda al principio no soy muy de <strong>tocados<\/strong>, tal vez me anime a lucir uno en la pr\u00f3xima boda que tenga.<\/p>\n<p>&#8211; <span style=\"text-decoration: underline;\"><strong>Curso especializado en &#8216;Personal Shopper y Asesor\u00eda de Imagen&#8217;<\/strong><\/span><\/p>\n<p>A la llegada a la tienda-taller de <strong>Laura Olea<\/strong> fuimos recibidos con vino, el cual pod\u00eda acompa\u00f1arse de queso, uvas o frutos secos. Y pudimos charlar tambi\u00e9n con <strong>Almudena Mart\u00edn<\/strong>, <strong>personal shopper<\/strong> y responsable de explicarnos el curso especializado en <strong>Personal Shopper y Asesor\u00eda de Imagen<\/strong> que impartir\u00e1 el <strong>Instituto de Dise\u00f1o y Artes Creativas de Marketing<\/strong> (<strong>IDACEM<\/strong>) en <strong>M\u00e1laga<\/strong> a partir del pr\u00f3ximo viernes 21 de junio.<\/p>\n<p>Se trata de un curso de 60 horas, repartidas durante viernes por la tarde y s\u00e1bados por la ma\u00f1ana. El curso finalizar\u00e1 el pr\u00f3ximo 28 de julio. El objetivo es que quien est\u00e9 interesado en la <strong>moda<\/strong> pueda formarse profesionalmente para trabajar como<strong> personal shopper<\/strong>. Durante estas jornadas se ofrecer\u00e1 un amplio temario que permita conocer las tendencias m\u00e1s actuales, historia de la moda, protocolo, c\u00f3mo ofrecer un buen asesoramiento de imagen y todo lo que es necesario para convertirse en un buen <strong>personal shopper<\/strong>.<\/p>\n<p>Los profesores ser\u00e1n: Bel\u00e9n Pardo, Mat\u00edas Urrea, Almudena Mart\u00edn y Roberto Siguero. Para m\u00e1s informaci\u00f3n se puede contactar en el tel\u00e9fono 915501652 o en el 629776665. Tambi\u00e9n os dejo con la\u00a0<a href=\"http:\/\/idacem.com\/?curso=summer-course-personal-shopper\" target=\"_blank\" rel=\"external nofollow\">web<\/a>\u00a0de<strong> IDACEM<\/strong>.<\/p>\n<div id=\"attachment_1105\" style=\"width: 670px\" class=\"wp-caption aligncenter\"><a href=\"\/vistetecomopuedas\/wp-content\/uploads\/sites\/47\/2012\/06\/LauraOlea3.jpg\"><img aria-describedby=\"caption-attachment-1105\" loading=\"lazy\" class=\"size-full wp-image-1105\" title=\"LauraOlea3\" src=\"\/vistetecomopuedas\/wp-content\/uploads\/sites\/47\/2012\/06\/LauraOlea3.jpg\" alt=\"\" width=\"660\" height=\"636\" srcset=\"https:\/\/static-blogs.diariosur.es\/wp-content\/uploads\/sites\/47\/2012\/06\/LauraOlea3.jpg 660w, https:\/\/static-blogs.diariosur.es\/wp-content\/uploads\/sites\/47\/2012\/06\/LauraOlea3-300x289.jpg 300w\" sizes=\"(max-width: 660px) 100vw, 660px\" \/><\/a><p id=\"caption-attachment-1105\" class=\"wp-caption-text\">Sombrereras de Laura Olea. Abajo, la dise\u00f1adora nos muestra su taller<\/p><\/div>\n<p>&nbsp;<\/p>\n<div id=\"attachment_1106\" style=\"width: 670px\" class=\"wp-caption aligncenter\"><a href=\"\/vistetecomopuedas\/wp-content\/uploads\/sites\/47\/2012\/06\/LauraOlea2.jpg\"><img aria-describedby=\"caption-attachment-1106\" loading=\"lazy\" class=\"size-full wp-image-1106\" title=\"LauraOlea2\" src=\"\/vistetecomopuedas\/wp-content\/uploads\/sites\/47\/2012\/06\/LauraOlea2.jpg\" alt=\"\" width=\"660\" height=\"747\" srcset=\"https:\/\/static-blogs.diariosur.es\/wp-content\/uploads\/sites\/47\/2012\/06\/LauraOlea2.jpg 660w, https:\/\/static-blogs.diariosur.es\/wp-content\/uploads\/sites\/47\/2012\/06\/LauraOlea2-265x300.jpg 265w\" sizes=\"(max-width: 660px) 100vw, 660px\" \/><\/a><p id=\"caption-attachment-1106\" class=\"wp-caption-text\">Laura nos explica el proceso de tintado de tejidos para lo que utilizan la gama Pantone<\/p><\/div>\n<p>&nbsp;<\/p>\n<div id=\"attachment_1107\" style=\"width: 670px\" class=\"wp-caption aligncenter\"><a href=\"\/vistetecomopuedas\/wp-content\/uploads\/sites\/47\/2012\/06\/LauraOlea5.jpg\"><img aria-describedby=\"caption-attachment-1107\" loading=\"lazy\" class=\"size-full wp-image-1107\" title=\"LauraOlea5\" src=\"\/vistetecomopuedas\/wp-content\/uploads\/sites\/47\/2012\/06\/LauraOlea5.jpg\" alt=\"\" width=\"660\" height=\"800\" srcset=\"https:\/\/static-blogs.diariosur.es\/wp-content\/uploads\/sites\/47\/2012\/06\/LauraOlea5.jpg 660w, https:\/\/static-blogs.diariosur.es\/wp-content\/uploads\/sites\/47\/2012\/06\/LauraOlea5-248x300.jpg 248w\" sizes=\"(max-width: 660px) 100vw, 660px\" \/><\/a><p id=\"caption-attachment-1107\" class=\"wp-caption-text\">Escuchando la explicaci\u00f3n de Almudena Mart\u00edn entre tocados<\/p><\/div>\n<div id=\"attachment_1108\" style=\"width: 670px\" class=\"wp-caption aligncenter\"><a href=\"\/vistetecomopuedas\/wp-content\/uploads\/sites\/47\/2012\/06\/LauraOlea4.jpg\"><img aria-describedby=\"caption-attachment-1108\" loading=\"lazy\" class=\"size-full wp-image-1108\" title=\"LauraOlea4\" src=\"\/vistetecomopuedas\/wp-content\/uploads\/sites\/47\/2012\/06\/LauraOlea4.jpg\" alt=\"\" width=\"660\" height=\"569\" srcset=\"https:\/\/static-blogs.diariosur.es\/wp-content\/uploads\/sites\/47\/2012\/06\/LauraOlea4.jpg 660w, https:\/\/static-blogs.diariosur.es\/wp-content\/uploads\/sites\/47\/2012\/06\/LauraOlea4-300x259.jpg 300w\" sizes=\"(max-width: 660px) 100vw, 660px\" \/><\/a><p id=\"caption-attachment-1108\" class=\"wp-caption-text\">Tocados y algunos de los bloggers que coincidimos all\u00ed (perdonad porque la foto se ve algo borrosa)<\/p><\/div>\n<div id=\"attachment_1111\" style=\"width: 670px\" class=\"wp-caption aligncenter\"><a href=\"\/vistetecomopuedas\/wp-content\/uploads\/sites\/47\/2012\/06\/LauraOlea6.jpg\"><img aria-describedby=\"caption-attachment-1111\" loading=\"lazy\" class=\"size-full wp-image-1111\" title=\"LauraOlea6\" src=\"\/vistetecomopuedas\/wp-content\/uploads\/sites\/47\/2012\/06\/LauraOlea6.jpg\" alt=\"\" width=\"660\" height=\"667\" srcset=\"https:\/\/static-blogs.diariosur.es\/wp-content\/uploads\/sites\/47\/2012\/06\/LauraOlea6.jpg 660w, https:\/\/static-blogs.diariosur.es\/wp-content\/uploads\/sites\/47\/2012\/06\/LauraOlea6-297x300.jpg 297w\" sizes=\"(max-width: 660px) 100vw, 660px\" \/><\/a><p id=\"caption-attachment-1111\" class=\"wp-caption-text\">En la tienda-taller de Laura Olea, como v\u00e9is apost\u00e9 por un look muy veraniego en tonos fucsia y azul<\/p><\/div>\n<div id=\"attachment_1110\" style=\"width: 670px\" class=\"wp-caption aligncenter\"><a href=\"\/vistetecomopuedas\/wp-content\/uploads\/sites\/47\/2012\/06\/LauraOlea1.jpg\"><img aria-describedby=\"caption-attachment-1110\" loading=\"lazy\" class=\"size-full wp-image-1110\" title=\"LauraOlea1\" src=\"\/vistetecomopuedas\/wp-content\/uploads\/sites\/47\/2012\/06\/LauraOlea1.jpg\" alt=\"\" width=\"660\" height=\"800\" srcset=\"https:\/\/static-blogs.diariosur.es\/wp-content\/uploads\/sites\/47\/2012\/06\/LauraOlea1.jpg 660w, https:\/\/static-blogs.diariosur.es\/wp-content\/uploads\/sites\/47\/2012\/06\/LauraOlea1-248x300.jpg 248w\" sizes=\"(max-width: 660px) 100vw, 660px\" \/><\/a><p id=\"caption-attachment-1110\" class=\"wp-caption-text\">Y para concluir el evento, sucumb\u00ed y me prob\u00e9 algunos tocados \ud83d\ude42<\/p><\/div>\n<div id=\"attachment_1112\" style=\"width: 622px\" class=\"wp-caption aligncenter\"><a href=\"\/vistetecomopuedas\/wp-content\/uploads\/sites\/47\/2012\/06\/Curso-Personal-Shopper.jpg\"><img aria-describedby=\"caption-attachment-1112\" loading=\"lazy\" class=\"size-full wp-image-1112\" title=\"Curso Personal Shopper\" src=\"\/vistetecomopuedas\/wp-content\/uploads\/sites\/47\/2012\/06\/Curso-Personal-Shopper.jpg\" alt=\"\" width=\"612\" height=\"387\" srcset=\"https:\/\/static-blogs.diariosur.es\/wp-content\/uploads\/sites\/47\/2012\/06\/Curso-Personal-Shopper.jpg 612w, https:\/\/static-blogs.diariosur.es\/wp-content\/uploads\/sites\/47\/2012\/06\/Curso-Personal-Shopper-300x190.jpg 300w\" sizes=\"(max-width: 612px) 100vw, 612px\" \/><\/a><p id=\"caption-attachment-1112\" class=\"wp-caption-text\">Curso especializado en Personal Shopper y Asesor\u00eda de Imagen de IDACEM<\/p><\/div>\n<p>&nbsp;<\/p>\n","protected":false},"excerpt":{"rendered":"<p>Ten\u00eda muchas ganas de hablaros de Laura Olea, sobre todo despu\u00e9s de que el pasado viernes varios bloggers pudi\u00e9ramos disfrutar en su tienda y taller de un evento denominado &#8216;Cheese &#038; Wine&#8217;. La excusa para citarnos -que no es menos buena por llamarla as\u00ed- fue la presentaci\u00f3n de un curso de &#8216;Personal Shopper y Asesor\u00eda [&hellip;]<\/p>\n","protected":false},"author":52,"featured_media":0,"comment_status":"open","ping_status":"closed","sticky":false,"template":"","format":"standard","meta":[],"categories":[667,759],"tags":[948,1034,1095],"_links":{"self":[{"href":"https:\/\/blogs.diariosur.es\/vistetecomopuedas\/wp-json\/wp\/v2\/posts\/1104"}],"collection":[{"href":"https:\/\/blogs.diariosur.es\/vistetecomopuedas\/wp-json\/wp\/v2\/posts"}],"about":[{"href":"https:\/\/blogs.diariosur.es\/vistetecomopuedas\/wp-json\/wp\/v2\/types\/post"}],"author":[{"embeddable":true,"href":"https:\/\/blogs.diariosur.es\/vistetecomopuedas\/wp-json\/wp\/v2\/users\/52"}],"replies":[{"embeddable":true,"href":"https:\/\/blogs.diariosur.es\/vistetecomopuedas\/wp-json\/wp\/v2\/comments?post=1104"}],"version-history":[{"count":0,"href":"https:\/\/blogs.diariosur.es\/vistetecomopuedas\/wp-json\/wp\/v2\/posts\/1104\/revisions"}],"wp:attachment":[{"href":"https:\/\/blogs.diariosur.es\/vistetecomopuedas\/wp-json\/wp\/v2\/media?parent=1104"}],"wp:term":[{"taxonomy":"category","embeddable":true,"href":"https:\/\/blogs.diariosur.es\/vistetecomopuedas\/wp-json\/wp\/v2\/categories?post=1104"},{"taxonomy":"post_tag","embeddable":true,"href":"https:\/\/blogs.diariosur.es\/vistetecomopuedas\/wp-json\/wp\/v2\/tags?post=1104"}],"curies":[{"name":"wp","href":"https:\/\/api.w.org\/{rel}","templated":true}]}}