{"id":1114,"date":"2012-06-21T19:13:29","date_gmt":"2012-06-21T19:13:29","guid":{"rendered":"http:\/\/blogs.diariosur.es\/vistetecomopuedas\/?p=1114"},"modified":"2012-06-21T19:13:29","modified_gmt":"2012-06-21T19:13:29","slug":"misma-camiseta-otro-look","status":"publish","type":"post","link":"https:\/\/blogs.diariosur.es\/vistetecomopuedas\/2012\/06\/21\/misma-camiseta-otro-look\/","title":{"rendered":"Misma camiseta, otro look"},"content":{"rendered":"<p>Seguro que a todos nos encantar\u00eda tener un <strong>armario<\/strong> gigantesco y poder estrenar ropa cada d\u00eda, pero la realidad no es esa y menos a\u00fan en \u00e9poca de <strong>crisis<\/strong>. As\u00ed que la gran mayor\u00eda tenemos que ponernos las <strong>prendas<\/strong> en m\u00e1s de una ocasi\u00f3n y repetirlas. Quiz\u00e1s, esto que a priori suena como algo negativo, yo lo considero una ventaja, pues en parte, si lo pens\u00e1is, es bastante divertido. Esa es una de las gracias de la <strong>moda<\/strong>, combinar. Llevar varias veces una prenda y darle otro aire, otro <strong>look<\/strong>, s\u00f3lo por c\u00f3mo la combinas cada vez que la usas.<\/p>\n<p>Precisamente, ayer mismo ten\u00eda esta conversaci\u00f3n junto a otros bloggers y todos coincidimos en este asunto. Creo que ah\u00ed est\u00e1 la gracia, en darle la vuelta a una <strong>camiseta<\/strong> y llevarla con una<strong> falda<\/strong> o con un <strong>pantal\u00f3n<\/strong>, y poder ir a de compras o a cenar. Dicho todo esto, me centro en las fotos que os muestro a continuaci\u00f3n. La base es una <strong>camiseta<\/strong> de<strong> Pull &#038; Bear<\/strong> que me encant\u00f3 al verla y que pienso ponerme cada vez que tenga ocasi\u00f3n, as\u00ed que habr\u00e1 que ir combin\u00e1ndola de distintas formas. <a href=\"https:\/\/blogs.diariosur.es\/vistetecomopuedas\/2012\/06\/02\/desfile-primavera-verano-de-pop-out\/\" target=\"_blank\">Aqu\u00ed<\/a> os la mostr\u00e9 con unos <strong>vaqueros <\/strong>y el otro d\u00eda decid\u00ed llevarla con una<strong> falda<\/strong> y unas <strong>sandalias planas<\/strong>. Un<strong> look<\/strong> bastante c\u00f3modo pero apto para cualquier momento del d\u00eda -y recalco la palabra d\u00eda, pues para la noche le cambiar\u00eda los complementos-.<\/p>\n<p><a href=\"\/vistetecomopuedas\/wp-content\/uploads\/sites\/47\/2012\/06\/vistetecomopuedas.jpg\"><img loading=\"lazy\" class=\"aligncenter size-full wp-image-1115\" title=\"Una camiseta dos looks\" src=\"\/vistetecomopuedas\/wp-content\/uploads\/sites\/47\/2012\/06\/vistetecomopuedas.jpg\" alt=\"\" width=\"660\" height=\"768\" srcset=\"https:\/\/static-blogs.diariosur.es\/wp-content\/uploads\/sites\/47\/2012\/06\/vistetecomopuedas.jpg 660w, https:\/\/static-blogs.diariosur.es\/wp-content\/uploads\/sites\/47\/2012\/06\/vistetecomopuedas-258x300.jpg 258w\" sizes=\"(max-width: 660px) 100vw, 660px\" \/><\/a><a href=\"\/vistetecomopuedas\/wp-content\/uploads\/sites\/47\/2012\/06\/vistetecomopuedas2.jpg\"><img loading=\"lazy\" class=\"aligncenter size-full wp-image-1116\" title=\"Complementos\" src=\"\/vistetecomopuedas\/wp-content\/uploads\/sites\/47\/2012\/06\/vistetecomopuedas2.jpg\" alt=\"\" width=\"660\" height=\"768\" srcset=\"https:\/\/static-blogs.diariosur.es\/wp-content\/uploads\/sites\/47\/2012\/06\/vistetecomopuedas2.jpg 660w, https:\/\/static-blogs.diariosur.es\/wp-content\/uploads\/sites\/47\/2012\/06\/vistetecomopuedas2-258x300.jpg 258w\" sizes=\"(max-width: 660px) 100vw, 660px\" \/><\/a><\/p>\n<div id=\"attachment_1117\" style=\"width: 670px\" class=\"wp-caption aligncenter\"><a href=\"\/vistetecomopuedas\/wp-content\/uploads\/sites\/47\/2012\/06\/vistetecomopuedas3.jpg\"><img aria-describedby=\"caption-attachment-1117\" loading=\"lazy\" class=\"size-full wp-image-1117\" title=\"Una camiseta dos looks\" src=\"\/vistetecomopuedas\/wp-content\/uploads\/sites\/47\/2012\/06\/vistetecomopuedas3.jpg\" alt=\"\" width=\"660\" height=\"768\" srcset=\"https:\/\/static-blogs.diariosur.es\/wp-content\/uploads\/sites\/47\/2012\/06\/vistetecomopuedas3.jpg 660w, https:\/\/static-blogs.diariosur.es\/wp-content\/uploads\/sites\/47\/2012\/06\/vistetecomopuedas3-258x300.jpg 258w\" sizes=\"(max-width: 660px) 100vw, 660px\" \/><\/a><p id=\"caption-attachment-1117\" class=\"wp-caption-text\">Ya sab\u00e9is que me encanta el movimiento &#39;Moustache&#39;, as\u00ed que este collar que llevo a modo de pulsera ten\u00eda que venirse conmigo \ud83d\ude42<\/p><\/div>\n<p>Camiseta: <strong><a href=\"http:\/\/www.pullandbear.com\" target=\"_blank\" rel=\"external nofollow\">Pull &#038; Bear<\/a><\/strong> (nueva temporada), Falda: <strong><a href=\"http:\/\/www.hm.com\" target=\"_blank\" rel=\"external nofollow\">H&#038;M<\/a><\/strong> (oto\u00f1o-invierno 2012), Collar Moustache: <strong><a href=\"http:\/\/www.bershka.com\" target=\"_blank\" rel=\"external nofollow\">Bershka<\/a><\/strong> (nueva temporada), Collar: <strong><a href=\"http:\/\/www.elcorteingles.com\" target=\"_blank\" rel=\"external nofollow\">El Corte Ingl\u00e9s<\/a><\/strong>, Reloj: <strong><a href=\"http:\/\/www.stradivarius.com\" target=\"_blank\" rel=\"external nofollow\">Stradivarius<\/a><\/strong> (otra temporada), Gafas: <strong><a href=\"http:\/\/www.pepejeans.com\" target=\"_blank\" rel=\"external nofollow\">Pepe Jeans<\/a><\/strong> (actual colecci\u00f3n), Bolso: <strong>Natacha<\/strong> (antiguo), Sandalias: <strong><a href=\"www.primark.com\" target=\"_blank\">Primark<\/a><\/strong> (verano 2011).<\/p>\n","protected":false},"excerpt":{"rendered":"<p>Seguro que a todos nos encantar\u00eda tener un armario gigantesco y poder estrenar ropa cada d\u00eda, pero la realidad no es esa y menos a\u00fan en \u00e9poca de crisis. As\u00ed que la gran mayor\u00eda tenemos que ponernos las prendas en m\u00e1s de una ocasi\u00f3n y repetirlas. Quiz\u00e1s, esto que a priori suena como algo negativo, [&hellip;]<\/p>\n","protected":false},"author":52,"featured_media":0,"comment_status":"open","ping_status":"closed","sticky":false,"template":"","format":"standard","meta":[],"categories":[667],"tags":[803,844,1135,1136,1000,1006,1137,1042,1047,1079],"_links":{"self":[{"href":"https:\/\/blogs.diariosur.es\/vistetecomopuedas\/wp-json\/wp\/v2\/posts\/1114"}],"collection":[{"href":"https:\/\/blogs.diariosur.es\/vistetecomopuedas\/wp-json\/wp\/v2\/posts"}],"about":[{"href":"https:\/\/blogs.diariosur.es\/vistetecomopuedas\/wp-json\/wp\/v2\/types\/post"}],"author":[{"embeddable":true,"href":"https:\/\/blogs.diariosur.es\/vistetecomopuedas\/wp-json\/wp\/v2\/users\/52"}],"replies":[{"embeddable":true,"href":"https:\/\/blogs.diariosur.es\/vistetecomopuedas\/wp-json\/wp\/v2\/comments?post=1114"}],"version-history":[{"count":0,"href":"https:\/\/blogs.diariosur.es\/vistetecomopuedas\/wp-json\/wp\/v2\/posts\/1114\/revisions"}],"wp:attachment":[{"href":"https:\/\/blogs.diariosur.es\/vistetecomopuedas\/wp-json\/wp\/v2\/media?parent=1114"}],"wp:term":[{"taxonomy":"category","embeddable":true,"href":"https:\/\/blogs.diariosur.es\/vistetecomopuedas\/wp-json\/wp\/v2\/categories?post=1114"},{"taxonomy":"post_tag","embeddable":true,"href":"https:\/\/blogs.diariosur.es\/vistetecomopuedas\/wp-json\/wp\/v2\/tags?post=1114"}],"curies":[{"name":"wp","href":"https:\/\/api.w.org\/{rel}","templated":true}]}}