{"id":1134,"date":"2012-07-16T13:36:39","date_gmt":"2012-07-16T13:36:39","guid":{"rendered":"http:\/\/blogs.diariosur.es\/vistetecomopuedas\/?p=1134"},"modified":"2012-07-16T13:36:39","modified_gmt":"2012-07-16T13:36:39","slug":"la-moda-no-se-vera-afectada-por-la-subida-del-iva","status":"publish","type":"post","link":"https:\/\/blogs.diariosur.es\/vistetecomopuedas\/2012\/07\/16\/la-moda-no-se-vera-afectada-por-la-subida-del-iva\/","title":{"rendered":"La moda no se ver\u00e1 afectada por la subida del IVA"},"content":{"rendered":"<p>A pesar de que el panorama se nos est\u00e1 presentando bastante oscuro, las amantes de la moda tendremos la suerte de que algunas cadenas de moda ya han anunciado que ser\u00e1n ellas quienes asuman directamente la subida del <strong>IVA<\/strong> para no afectar a los precios ni al consumidor. Cadenas como el grupo <strong>Inditex<\/strong> o el grupo <strong>Cortefiel<\/strong>.<\/p>\n<p>Gracias a esta noticia, las compradoras de las marcas <strong>Zara<\/strong>, <strong>Pull &#038; Bear<\/strong>, <strong>Massimo Duttti<\/strong>, <strong>Bershka, Stradivarius, Oysho y Uterq\u00fce<\/strong>, del grupo <strong>Inditex<\/strong>, o de <strong>Cortefiel, Pedro del Hierro, Springfield, Women&#8217;secret<\/strong>, as\u00ed como de las tiendas <strong>C&#038;A<\/strong> o <strong>Calzedonia<\/strong>, no ver\u00e1n incrementarse los precios tras la pr\u00f3xima subida del IVA. Habr\u00e1 que esperar a ver que anuncian el resto de marcas.<\/p>\n<p><a href=\"\/vistetecomopuedas\/wp-content\/uploads\/sites\/47\/2012\/07\/moda-iva.jpg\"><img loading=\"lazy\" class=\"aligncenter size-full wp-image-1135\" title=\"moda iva\" src=\"\/vistetecomopuedas\/wp-content\/uploads\/sites\/47\/2012\/07\/moda-iva.jpg\" alt=\"\" width=\"660\" height=\"412\" srcset=\"https:\/\/static-blogs.diariosur.es\/wp-content\/uploads\/sites\/47\/2012\/07\/moda-iva.jpg 660w, https:\/\/static-blogs.diariosur.es\/wp-content\/uploads\/sites\/47\/2012\/07\/moda-iva-300x187.jpg 300w\" sizes=\"(max-width: 660px) 100vw, 660px\" \/><\/a><\/p>\n","protected":false},"excerpt":{"rendered":"<p>A pesar de que el panorama se nos est\u00e1 presentando bastante oscuro, las amantes de la moda tendremos la suerte de que algunas cadenas de moda ya han anunciado que ser\u00e1n ellas quienes asuman directamente la subida del IVA para no afectar a los precios ni al consumidor. Cadenas como el grupo Inditex o el [&hellip;]<\/p>\n","protected":false},"author":52,"featured_media":0,"comment_status":"open","ping_status":"closed","sticky":false,"template":"","format":"standard","meta":[],"categories":[667],"tags":[854,924],"_links":{"self":[{"href":"https:\/\/blogs.diariosur.es\/vistetecomopuedas\/wp-json\/wp\/v2\/posts\/1134"}],"collection":[{"href":"https:\/\/blogs.diariosur.es\/vistetecomopuedas\/wp-json\/wp\/v2\/posts"}],"about":[{"href":"https:\/\/blogs.diariosur.es\/vistetecomopuedas\/wp-json\/wp\/v2\/types\/post"}],"author":[{"embeddable":true,"href":"https:\/\/blogs.diariosur.es\/vistetecomopuedas\/wp-json\/wp\/v2\/users\/52"}],"replies":[{"embeddable":true,"href":"https:\/\/blogs.diariosur.es\/vistetecomopuedas\/wp-json\/wp\/v2\/comments?post=1134"}],"version-history":[{"count":0,"href":"https:\/\/blogs.diariosur.es\/vistetecomopuedas\/wp-json\/wp\/v2\/posts\/1134\/revisions"}],"wp:attachment":[{"href":"https:\/\/blogs.diariosur.es\/vistetecomopuedas\/wp-json\/wp\/v2\/media?parent=1134"}],"wp:term":[{"taxonomy":"category","embeddable":true,"href":"https:\/\/blogs.diariosur.es\/vistetecomopuedas\/wp-json\/wp\/v2\/categories?post=1134"},{"taxonomy":"post_tag","embeddable":true,"href":"https:\/\/blogs.diariosur.es\/vistetecomopuedas\/wp-json\/wp\/v2\/tags?post=1134"}],"curies":[{"name":"wp","href":"https:\/\/api.w.org\/{rel}","templated":true}]}}