{"id":1137,"date":"2012-07-18T22:40:39","date_gmt":"2012-07-18T22:40:39","guid":{"rendered":"http:\/\/blogs.diariosur.es\/vistetecomopuedas\/?p=1137"},"modified":"2012-07-18T22:40:39","modified_gmt":"2012-07-18T22:40:39","slug":"se-llevan-los-colores-llamativos-fluorizate","status":"publish","type":"post","link":"https:\/\/blogs.diariosur.es\/vistetecomopuedas\/2012\/07\/18\/se-llevan-los-colores-llamativos-fluorizate\/","title":{"rendered":"Se llevan los colores llamativos, \u00a1Fluor\u00edzate!"},"content":{"rendered":"<p>En todas las tiendas encontramos este verano colores muy chillones. Amarillos, verdes, naranjas, rosas, todos ellos en tono <strong>fl\u00faor<\/strong>. Pantalones, tops, vestidos y zapatos se visten de estos colores que no dejar\u00e1n a nadie indiferente. Adem\u00e1s, dicho sea de paso se trata de un tono que queda de maravilla en contraste con un buen moreno.<\/p>\n<p>Evidentemente las tiendas del grupo<strong><a href=\"www.inditex.com\" target=\"_blank\"> Inditex<\/a><\/strong> cuentan con prendas fl\u00faor, pero tambi\u00e9n podemos encontrarlas en otras como <strong><a href=\"www.blanco.com\" target=\"_blank\">Blanco<\/a><\/strong> o <strong><a href=\"www.mango.com\" target=\"_blank\">Mango<\/a><\/strong>. Tambi\u00e9n en marcas como los bolsos de <strong>Stella Ritwaggen<\/strong> de los que os hablaba en <a href=\"https:\/\/blogs.diariosur.es\/vistetecomopuedas\/2012\/06\/26\/en-busca-de-clones\/\" target=\"_blank\">esta entrada<\/a>. A continuaci\u00f3n os dejo dos de las prendas que pod\u00e9is encontrar en tonos fl\u00faor esta temporada en tiendas como <strong><a href=\"www.bershka.com\" target=\"_blank\">Bershka<\/a><\/strong> o<strong><a href=\"www.pullandbear.com\" target=\"_blank\"> Pull and Bear<\/a><\/strong>. Y tambi\u00e9n os ense\u00f1o mi propia adquisici\u00f3n de una blusa en color<strong> fl\u00faor<\/strong>, \u00a1Espero que os guste!<\/p>\n<p><a href=\"\/vistetecomopuedas\/wp-content\/uploads\/sites\/47\/2012\/07\/FL\u00daOR-4.jpg\"><img loading=\"lazy\" class=\"aligncenter size-full wp-image-1138\" title=\"FL\u00daOR 4\" src=\"\/vistetecomopuedas\/wp-content\/uploads\/sites\/47\/2012\/07\/FL\u00daOR-4.jpg\" alt=\"\" width=\"660\" height=\"564\" srcset=\"https:\/\/static-blogs.diariosur.es\/wp-content\/uploads\/sites\/47\/2012\/07\/FL\u00daOR-4.jpg 660w, https:\/\/static-blogs.diariosur.es\/wp-content\/uploads\/sites\/47\/2012\/07\/FL\u00daOR-4-300x256.jpg 300w\" sizes=\"(max-width: 660px) 100vw, 660px\" \/><\/a><\/p>\n<p><a href=\"\/vistetecomopuedas\/wp-content\/uploads\/sites\/47\/2012\/07\/FL\u00daOR-1.jpg\"><img loading=\"lazy\" class=\"aligncenter size-full wp-image-1139\" title=\"FL\u00daOR 1\" src=\"\/vistetecomopuedas\/wp-content\/uploads\/sites\/47\/2012\/07\/FL\u00daOR-1.jpg\" alt=\"\" width=\"660\" height=\"750\" srcset=\"https:\/\/static-blogs.diariosur.es\/wp-content\/uploads\/sites\/47\/2012\/07\/FL\u00daOR-1.jpg 660w, https:\/\/static-blogs.diariosur.es\/wp-content\/uploads\/sites\/47\/2012\/07\/FL\u00daOR-1-264x300.jpg 264w\" sizes=\"(max-width: 660px) 100vw, 660px\" \/><\/a><\/p>\n<p><a href=\"\/vistetecomopuedas\/wp-content\/uploads\/sites\/47\/2012\/07\/FL\u00daOR-2.jpg\"><img loading=\"lazy\" class=\"aligncenter size-full wp-image-1140\" title=\"FL\u00daOR 2\" src=\"\/vistetecomopuedas\/wp-content\/uploads\/sites\/47\/2012\/07\/FL\u00daOR-2.jpg\" alt=\"\" width=\"660\" height=\"1000\" srcset=\"https:\/\/static-blogs.diariosur.es\/wp-content\/uploads\/sites\/47\/2012\/07\/FL\u00daOR-2.jpg 660w, https:\/\/static-blogs.diariosur.es\/wp-content\/uploads\/sites\/47\/2012\/07\/FL\u00daOR-2-198x300.jpg 198w\" sizes=\"(max-width: 660px) 100vw, 660px\" \/><\/a><\/p>\n<div id=\"attachment_1141\" style=\"width: 670px\" class=\"wp-caption aligncenter\"><a href=\"\/vistetecomopuedas\/wp-content\/uploads\/sites\/47\/2012\/07\/FL\u00daOR-3.jpg\"><img aria-describedby=\"caption-attachment-1141\" loading=\"lazy\" class=\"size-full wp-image-1141\" title=\"FL\u00daOR 3\" src=\"\/vistetecomopuedas\/wp-content\/uploads\/sites\/47\/2012\/07\/FL\u00daOR-3.jpg\" alt=\"\" width=\"660\" height=\"1000\" srcset=\"https:\/\/static-blogs.diariosur.es\/wp-content\/uploads\/sites\/47\/2012\/07\/FL\u00daOR-3.jpg 660w, https:\/\/static-blogs.diariosur.es\/wp-content\/uploads\/sites\/47\/2012\/07\/FL\u00daOR-3-198x300.jpg 198w\" sizes=\"(max-width: 660px) 100vw, 660px\" \/><\/a><p id=\"caption-attachment-1141\" class=\"wp-caption-text\">Top y collar: Bershka (nueva temporada), Pantalones: Zara Trafaluc (old), Bolso: Primark, Zapatos: Stradivarius (otra temporada)<\/p><\/div>\n","protected":false},"excerpt":{"rendered":"<p>En todas las tiendas encontramos este verano colores muy chillones. Amarillos, verdes, naranjas, rosas, todos ellos en tono fl\u00faor. Pantalones, tops, vestidos y zapatos se visten de estos colores que no dejar\u00e1n a nadie indiferente. Adem\u00e1s, dicho sea de paso se trata de un tono que queda de maravilla en contraste con un buen moreno. [&hellip;]<\/p>\n","protected":false},"author":52,"featured_media":0,"comment_status":"open","ping_status":"closed","sticky":false,"template":"","format":"standard","meta":[],"categories":[667],"tags":[803,896,924,973,1042,1139,1122],"_links":{"self":[{"href":"https:\/\/blogs.diariosur.es\/vistetecomopuedas\/wp-json\/wp\/v2\/posts\/1137"}],"collection":[{"href":"https:\/\/blogs.diariosur.es\/vistetecomopuedas\/wp-json\/wp\/v2\/posts"}],"about":[{"href":"https:\/\/blogs.diariosur.es\/vistetecomopuedas\/wp-json\/wp\/v2\/types\/post"}],"author":[{"embeddable":true,"href":"https:\/\/blogs.diariosur.es\/vistetecomopuedas\/wp-json\/wp\/v2\/users\/52"}],"replies":[{"embeddable":true,"href":"https:\/\/blogs.diariosur.es\/vistetecomopuedas\/wp-json\/wp\/v2\/comments?post=1137"}],"version-history":[{"count":0,"href":"https:\/\/blogs.diariosur.es\/vistetecomopuedas\/wp-json\/wp\/v2\/posts\/1137\/revisions"}],"wp:attachment":[{"href":"https:\/\/blogs.diariosur.es\/vistetecomopuedas\/wp-json\/wp\/v2\/media?parent=1137"}],"wp:term":[{"taxonomy":"category","embeddable":true,"href":"https:\/\/blogs.diariosur.es\/vistetecomopuedas\/wp-json\/wp\/v2\/categories?post=1137"},{"taxonomy":"post_tag","embeddable":true,"href":"https:\/\/blogs.diariosur.es\/vistetecomopuedas\/wp-json\/wp\/v2\/tags?post=1137"}],"curies":[{"name":"wp","href":"https:\/\/api.w.org\/{rel}","templated":true}]}}