{"id":1192,"date":"2012-09-30T19:28:43","date_gmt":"2012-09-30T19:28:43","guid":{"rendered":"http:\/\/blogs.diariosur.es\/vistetecomopuedas\/?p=1192"},"modified":"2012-09-30T19:28:43","modified_gmt":"2012-09-30T19:28:43","slug":"juego-de-prendas-y-contrastes-blanco-y-negro","status":"publish","type":"post","link":"https:\/\/blogs.diariosur.es\/vistetecomopuedas\/2012\/09\/30\/juego-de-prendas-y-contrastes-blanco-y-negro\/","title":{"rendered":"Juego de prendas y contrastes. Blanco y negro"},"content":{"rendered":"<p>Quiz\u00e1s record\u00e9is que en <a href=\"https:\/\/blogs.diariosur.es\/vistetecomopuedas\/2012\/09\/03\/little-white-dress\/\" target=\"_blank\">esta entrada<\/a> os mostraba un <strong>vestido blanco tipo c\u00f3ctel<\/strong> (<strong>LWD<\/strong>) y os dec\u00eda que en una futura entrada os ense\u00f1ar\u00eda otra forma de combinarlo. Ahora ha empezado hacer algo de fresco y, a no ser que las temperaturas vuelvan a subir ligeramente, ya no hace tanto tiempo para vestirse con un vestidito sin nada de abrigo, pero ten\u00eda que mostraros las im\u00e1genes. A veces la moda es cuesti\u00f3n de jugar con las prendas y superponerlas, y eso es lo que hice en esta ocasi\u00f3n.<\/p>\n<div id=\"attachment_1193\" style=\"width: 670px\" class=\"wp-caption aligncenter\"><a href=\"\/vistetecomopuedas\/wp-content\/uploads\/sites\/47\/2012\/09\/blancoynegro1.jpg\"><img aria-describedby=\"caption-attachment-1193\" loading=\"lazy\" class=\"size-full wp-image-1193\" title=\"prenda sobre prenda\" src=\"\/vistetecomopuedas\/wp-content\/uploads\/sites\/47\/2012\/09\/blancoynegro1.jpg\" alt=\"\" width=\"660\" height=\"606\" srcset=\"https:\/\/static-blogs.diariosur.es\/wp-content\/uploads\/sites\/47\/2012\/09\/blancoynegro1.jpg 660w, https:\/\/static-blogs.diariosur.es\/wp-content\/uploads\/sites\/47\/2012\/09\/blancoynegro1-300x275.jpg 300w\" sizes=\"(max-width: 660px) 100vw, 660px\" \/><\/a><p id=\"caption-attachment-1193\" class=\"wp-caption-text\">Superposici\u00f3n de LWD sobre vestido negro de Bershka (temporada verano 2012). Encima mini falda negra. Collar The Chic<\/p><\/div>\n<div id=\"attachment_1194\" style=\"width: 670px\" class=\"wp-caption aligncenter\"><a href=\"\/vistetecomopuedas\/wp-content\/uploads\/sites\/47\/2012\/09\/blancoynegro2.jpg\"><img aria-describedby=\"caption-attachment-1194\" loading=\"lazy\" class=\"size-full wp-image-1194\" title=\"blancoynegro2\" src=\"\/vistetecomopuedas\/wp-content\/uploads\/sites\/47\/2012\/09\/blancoynegro2.jpg\" alt=\"\" width=\"660\" height=\"1000\" srcset=\"https:\/\/static-blogs.diariosur.es\/wp-content\/uploads\/sites\/47\/2012\/09\/blancoynegro2.jpg 660w, https:\/\/static-blogs.diariosur.es\/wp-content\/uploads\/sites\/47\/2012\/09\/blancoynegro2-198x300.jpg 198w\" sizes=\"(max-width: 660px) 100vw, 660px\" \/><\/a><p id=\"caption-attachment-1194\" class=\"wp-caption-text\">Vestido LWD sobre falda negra<\/p><\/div>\n<p>&nbsp;<\/p>\n","protected":false},"excerpt":{"rendered":"<p>Quiz\u00e1s record\u00e9is que en esta entrada os mostraba un vestido blanco tipo c\u00f3ctel (LWD) y os dec\u00eda que en una futura entrada os ense\u00f1ar\u00eda otra forma de combinarlo. Ahora ha empezado hacer algo de fresco y, a no ser que las temperaturas vuelvan a subir ligeramente, ya no hace tanto tiempo para vestirse con un [&hellip;]<\/p>\n","protected":false},"author":52,"featured_media":0,"comment_status":"open","ping_status":"closed","sticky":false,"template":"","format":"standard","meta":[],"categories":[667],"tags":[803,964],"_links":{"self":[{"href":"https:\/\/blogs.diariosur.es\/vistetecomopuedas\/wp-json\/wp\/v2\/posts\/1192"}],"collection":[{"href":"https:\/\/blogs.diariosur.es\/vistetecomopuedas\/wp-json\/wp\/v2\/posts"}],"about":[{"href":"https:\/\/blogs.diariosur.es\/vistetecomopuedas\/wp-json\/wp\/v2\/types\/post"}],"author":[{"embeddable":true,"href":"https:\/\/blogs.diariosur.es\/vistetecomopuedas\/wp-json\/wp\/v2\/users\/52"}],"replies":[{"embeddable":true,"href":"https:\/\/blogs.diariosur.es\/vistetecomopuedas\/wp-json\/wp\/v2\/comments?post=1192"}],"version-history":[{"count":0,"href":"https:\/\/blogs.diariosur.es\/vistetecomopuedas\/wp-json\/wp\/v2\/posts\/1192\/revisions"}],"wp:attachment":[{"href":"https:\/\/blogs.diariosur.es\/vistetecomopuedas\/wp-json\/wp\/v2\/media?parent=1192"}],"wp:term":[{"taxonomy":"category","embeddable":true,"href":"https:\/\/blogs.diariosur.es\/vistetecomopuedas\/wp-json\/wp\/v2\/categories?post=1192"},{"taxonomy":"post_tag","embeddable":true,"href":"https:\/\/blogs.diariosur.es\/vistetecomopuedas\/wp-json\/wp\/v2\/tags?post=1192"}],"curies":[{"name":"wp","href":"https:\/\/api.w.org\/{rel}","templated":true}]}}