{"id":1218,"date":"2012-11-07T19:27:32","date_gmt":"2012-11-07T19:27:32","guid":{"rendered":"http:\/\/blogs.diariosur.es\/vistetecomopuedas\/?p=1218"},"modified":"2012-11-07T19:27:32","modified_gmt":"2012-11-07T19:27:32","slug":"la-fashion-week-vuelve-a-plaza-mayor-con-helen-lindes-como-madrina-de-lujo","status":"publish","type":"post","link":"https:\/\/blogs.diariosur.es\/vistetecomopuedas\/2012\/11\/07\/la-fashion-week-vuelve-a-plaza-mayor-con-helen-lindes-como-madrina-de-lujo\/","title":{"rendered":"La Fashion Week vuelve a Plaza Mayor con Helen Lindes como madrina de lujo"},"content":{"rendered":"<p>Desde hoy y hasta el pr\u00f3ximo 17 de noviembre podremos disfrutar de la <strong>Plaza MayorFashionWeek<\/strong> en la que podremos ser asesorados por estilistas, <strong>personal shoppers<\/strong> e, incluso, posar en un plat\u00f3 de fotograf\u00eda. El evento alcanza ya su sexta edici\u00f3n y se consolida como una de las citas de moda imperdibles de <strong>M\u00e1laga<\/strong>. De esta forma, no es de extra\u00f1ar que para la inauguraci\u00f3n de esta &#8216;<strong>fashion week<\/strong>&#8216; se haya contado con la modelo <strong>Helen Lindes<\/strong> como madrina de lujo.<\/p>\n<p>En una rueda de prensa, la <strong>top<\/strong> internacional explic\u00f3 que para ella la <strong>moda<\/strong> consiste en expresar el &#8220;estilo y la personalidad&#8221; mediante la <strong>ropa<\/strong>. \u201cGracias a la <strong>moda<\/strong> podemos resaltar nuestras virtudes y esconder nuestros defectos, pero hay que saber c\u00f3mo. Es importante aprender algunos <strong>trucos de estilo<\/strong> que har\u00e1n que te sientas m\u00e1s segura de ti misma\u201d, afirm\u00f3. Dicho esto, <strong>Helen Lindes<\/strong> aconsej\u00f3 sobre c\u00f3mo posar de manera natural ante los focos y dio algunos trucos tales como sonre\u00edr ante la c\u00e1mara. Tambi\u00e9n habl\u00f3 de las prendas que no pueden faltar en su armario, tales como vaqueros o un pantal\u00f3n negro.<\/p>\n<p>El p\u00fablico que pudo presenciar esta inauguraci\u00f3n se atrevi\u00f3 despu\u00e9s a posar como &#8220;<strong>modelos<\/strong>&#8221; en el plat\u00f3 de fotograf\u00eda que se ha instalado en <strong>Plaza Mayor<\/strong> con motivo de estos 10 d\u00edas de<strong> moda<\/strong>, y del que podremos disfrutar durante este evento.<\/p>\n<p><span style=\"text-decoration: underline;\"><strong>Personal Shoppers y Happy Hour<\/strong><\/span><\/p>\n<p>Adem\u00e1s, como ya ha ocurrido en anteriores ediciones, quienes lo deseen podr\u00e1n ser asesorados de manera gratuita por <strong>personal shoppers <\/strong>(horario de 13.00 a 22.00 horas). Con ellos, podremos disfrutar de una sesi\u00f3n personalizada sobre lo que mejor nos sienta y cu\u00e1les son los looks que m\u00e1s se adaptan a cada persona en funci\u00f3n de sus gustos y estilo. Si no os anim\u00e1is a apuntaros, probablemente yo pueda probarlo estos d\u00edas y ya os contar\u00e9 mi experiencia, as\u00ed quiz\u00e1s para la pr\u00f3xima os decid\u00edas a aprovechar este servicio que pone <strong>Plaza Mayor<\/strong> durante la <strong>MayorFashionWeek<\/strong>.<\/p>\n<p>Por si esto fuera poco, hasta el 17 de noviembre muchas tiendas ofrecer\u00e1n <strong>descuentos<\/strong> y <strong>promociones<\/strong> a los clientes durante las llamadas &#8216;<strong>Happy Hour<\/strong>&#8216;. Espero que nos enteremos y podamos aprovecharlas. Ya sab\u00e9is que os avisar\u00e9 por aqu\u00ed si estoy al tanto de algo con antelaci\u00f3n \ud83d\ude42<\/p>\n<p>Y para terminar este post os dejo con algunas claves para ir a la \u00faltima en esta temporada, y no lo digo yo, lo dice <strong>Lido Palma<\/strong>, quien ser\u00e1 el encargado de liderar nuevamente el equipo de estilistas que se ubicar\u00e1 en Plaza <strong>MayorFashionWeek<\/strong>. As\u00ed que tomar nota: brocados y relieves. De esta forma conseguiremos un &#8220;look lleno de fuerza y con cierto aire antiguo&#8221;, seg\u00fan <strong>Lido Palma<\/strong>. Tambi\u00e9n apuesta por colores como el burdeos, el azul petr\u00f3leo y los tonos militares. Como b\u00e1sicos, el camel. Respecto a las prendas y accesorios, seg\u00fan Palma, no podemos quedarnos sin un vestido cl\u00e1sico por la rodilla, prendas de cuero, accesorios metalizados de gran tama\u00f1o, botas militares y botines de monta\u00f1a para la ciudad.<\/p>\n<p>Para los <strong>hombres<\/strong>, Palma apuesta por los looks inspirados en el cine cl\u00e1sico, tipo Sherlock Holmes. Trajes de cuadros, americanas de terciopelo, sombreros y tirantes ser\u00e1n prendas masculinas estrella para este oto\u00f1o-invierno.<\/p>\n<div id=\"attachment_1219\" style=\"width: 670px\" class=\"wp-caption aligncenter\"><a href=\"\/vistetecomopuedas\/wp-content\/uploads\/sites\/47\/2012\/11\/Helen-Lindes.jpg\"><img aria-describedby=\"caption-attachment-1219\" loading=\"lazy\" class=\"size-full wp-image-1219\" title=\"Helen Lindes\" src=\"\/vistetecomopuedas\/wp-content\/uploads\/sites\/47\/2012\/11\/Helen-Lindes.jpg\" alt=\"\" width=\"660\" height=\"455\" srcset=\"https:\/\/static-blogs.diariosur.es\/wp-content\/uploads\/sites\/47\/2012\/11\/Helen-Lindes.jpg 660w, https:\/\/static-blogs.diariosur.es\/wp-content\/uploads\/sites\/47\/2012\/11\/Helen-Lindes-300x207.jpg 300w\" sizes=\"(max-width: 660px) 100vw, 660px\" \/><\/a><p id=\"caption-attachment-1219\" class=\"wp-caption-text\">Helen Lindes durante la inauguraci\u00f3n de la Plaza MayorFashionWeek<\/p><\/div>\n<div id=\"attachment_1220\" style=\"width: 670px\" class=\"wp-caption aligncenter\"><a href=\"\/vistetecomopuedas\/wp-content\/uploads\/sites\/47\/2012\/11\/Helen-Lindes-2.jpg\"><img aria-describedby=\"caption-attachment-1220\" loading=\"lazy\" class=\"size-full wp-image-1220\" title=\"Helen Lindes 2\" src=\"\/vistetecomopuedas\/wp-content\/uploads\/sites\/47\/2012\/11\/Helen-Lindes-2.jpg\" alt=\"\" width=\"660\" height=\"472\" srcset=\"https:\/\/static-blogs.diariosur.es\/wp-content\/uploads\/sites\/47\/2012\/11\/Helen-Lindes-2.jpg 660w, https:\/\/static-blogs.diariosur.es\/wp-content\/uploads\/sites\/47\/2012\/11\/Helen-Lindes-2-300x215.jpg 300w\" sizes=\"(max-width: 660px) 100vw, 660px\" \/><\/a><p id=\"caption-attachment-1220\" class=\"wp-caption-text\">Helen Lindes durante la rueda de prensa, con algunos de los profesionales que trabajan en la MayorFashionWeek<\/p><\/div>\n<p>&nbsp;<\/p>\n<p>&nbsp;<\/p>\n<p>&nbsp;<\/p>\n<p>&nbsp;<\/p>\n","protected":false},"excerpt":{"rendered":"<p>Desde hoy y hasta el pr\u00f3ximo 17 de noviembre podremos disfrutar de la Plaza MayorFashionWeek en la que podremos ser asesorados por estilistas, personal shoppers e, incluso, posar en un plat\u00f3 de fotograf\u00eda. El evento alcanza ya su sexta edici\u00f3n y se consolida como una de las citas de moda imperdibles de M\u00e1laga. De esta [&hellip;]<\/p>\n","protected":false},"author":52,"featured_media":0,"comment_status":"open","ping_status":"closed","sticky":false,"template":"","format":"standard","meta":[],"categories":[759],"tags":[916,954,987,1035,1038],"_links":{"self":[{"href":"https:\/\/blogs.diariosur.es\/vistetecomopuedas\/wp-json\/wp\/v2\/posts\/1218"}],"collection":[{"href":"https:\/\/blogs.diariosur.es\/vistetecomopuedas\/wp-json\/wp\/v2\/posts"}],"about":[{"href":"https:\/\/blogs.diariosur.es\/vistetecomopuedas\/wp-json\/wp\/v2\/types\/post"}],"author":[{"embeddable":true,"href":"https:\/\/blogs.diariosur.es\/vistetecomopuedas\/wp-json\/wp\/v2\/users\/52"}],"replies":[{"embeddable":true,"href":"https:\/\/blogs.diariosur.es\/vistetecomopuedas\/wp-json\/wp\/v2\/comments?post=1218"}],"version-history":[{"count":0,"href":"https:\/\/blogs.diariosur.es\/vistetecomopuedas\/wp-json\/wp\/v2\/posts\/1218\/revisions"}],"wp:attachment":[{"href":"https:\/\/blogs.diariosur.es\/vistetecomopuedas\/wp-json\/wp\/v2\/media?parent=1218"}],"wp:term":[{"taxonomy":"category","embeddable":true,"href":"https:\/\/blogs.diariosur.es\/vistetecomopuedas\/wp-json\/wp\/v2\/categories?post=1218"},{"taxonomy":"post_tag","embeddable":true,"href":"https:\/\/blogs.diariosur.es\/vistetecomopuedas\/wp-json\/wp\/v2\/tags?post=1218"}],"curies":[{"name":"wp","href":"https:\/\/api.w.org\/{rel}","templated":true}]}}