{"id":1247,"date":"2012-12-16T18:58:06","date_gmt":"2012-12-16T18:58:06","guid":{"rendered":"http:\/\/blogs.diariosur.es\/vistetecomopuedas\/?p=1247"},"modified":"2012-12-16T18:58:06","modified_gmt":"2012-12-16T18:58:06","slug":"vestir-de-fiesta-a-precios-economicos","status":"publish","type":"post","link":"https:\/\/blogs.diariosur.es\/vistetecomopuedas\/2012\/12\/16\/vestir-de-fiesta-a-precios-economicos\/","title":{"rendered":"Vestir de fiesta a precios econ\u00f3micos"},"content":{"rendered":"<p>Aqu\u00ed estoy otra vez, hoy con un post casi obligado por estas fechas. Y es que todos, queramos o no, estamos ya pensando en las pr\u00f3ximas reuniones familiares u otras comidas navide\u00f1as a las que tendremos que asistir en estos d\u00edas. En algunas ocasiones podemos reutilizar ese\u00a0<strong>vestido<\/strong>\u00a0o conjunto que ya tenemos, pero hay veces que ese t\u00edpico traje que siempre nos salva en tales eventos ya est\u00e1 demasiado visto y hay que cambiarlo. As\u00ed que como la cosa no est\u00e1 para gastar demasiado y en este blog siempre apostamos por\u00a0<strong>vestir bien<\/strong>\u00a0a\u00a0<strong>precios asequibles<\/strong>, aqu\u00ed van dos buenas propuestas para noches tipo\u00a0<strong>Nochebuena<\/strong>\u00a0o\u00a0<strong>Nochevieja<\/strong>.<\/p>\n<p>&nbsp;<\/p>\n<p>La primera de las opciones que os muestro, el<strong>\u00a0look\u00a0<\/strong>1, ser\u00eda m\u00e1s propio para la \u00faltima noche del a\u00f1o. En la foto no se aprecia demasiado bien c\u00f3mo queda este\u00a0<strong>mono<\/strong>, y digo esto porque yo misma me lo he comprado y queda much\u00edsimo mejor. En serio, es bastante m\u00e1s bonito en persona. El\u00a0<strong>mono<\/strong>\u00a0o\u00a0<strong>jumpsuit<\/strong>\u00a0-como algunas lo llam\u00e1is- es de\u00a0<strong>Promod<\/strong>, de \u00faltima colecci\u00f3n. Mi propuesta ser\u00eda combinarlo con unos\u00a0<strong>botines de tac\u00f3n,\u00a0<\/strong>estos son de<strong>\u00a0Asos<\/strong>, (pero hay similares en todas las zapater\u00edas); una<strong>\u00a0pulsera<\/strong>\u00a0o<strong>\u00a0brazalete<\/strong>\u00a0(el de la foto es de\u00a0<strong>Promod<\/strong>), y un<strong>\u00a0abrigo de pelo sint\u00e9tico\u00a0<\/strong>(este tambi\u00e9n es de<strong>\u00a0Asos<\/strong>).<\/p>\n<p>&nbsp;<\/p>\n<p>La segunda propuesta es para una comida al mediod\u00eda o para una cena como Nochebuena. El vestido es bastante elegante, al mismo tiempo que femenino. Adem\u00e1s, el detalle que tiene en el cuello lo hace distinto y muy bonito. Por eso en esta ocasi\u00f3n prescindir\u00edamos de\u00a0<strong>collar<\/strong>\u00a0y apostar\u00edamos por unos<strong>\u00a0pendientes<\/strong>\u00a0que se vean pero no sean demasiado grande. Los que yo he elegido son de\u00a0<strong>Claire&#8217;s<\/strong>. Para darle un toque m\u00e1s festivo me he decantado por unos\u00a0<strong>zapatos<\/strong>\u00a0en tonos dorados (de<strong>\u00a0Asos<\/strong>), al igual que el\u00a0<strong>clutch<\/strong>\u00a0(de\u00a0<strong>C&#038;A<\/strong>). Por cierto, el vestido es de<strong>\u00a0C&#038;A<\/strong>. Todo es de la colecci\u00f3n actual.<\/p>\n<p>\u00a1Besos y felices fiestas!<\/p>\n<p>&nbsp;<\/p>\n<p><a href=\"\/vistetecomopuedas\/wp-content\/uploads\/sites\/47\/2012\/12\/vistiendo-de-fiesta.jpg\"><img loading=\"lazy\" class=\"aligncenter size-full wp-image-1248\" title=\"vistiendo de fiesta\" src=\"\/vistetecomopuedas\/wp-content\/uploads\/sites\/47\/2012\/12\/vistiendo-de-fiesta.jpg\" alt=\"\" width=\"660\" height=\"800\" srcset=\"https:\/\/static-blogs.diariosur.es\/wp-content\/uploads\/sites\/47\/2012\/12\/vistiendo-de-fiesta.jpg 660w, https:\/\/static-blogs.diariosur.es\/wp-content\/uploads\/sites\/47\/2012\/12\/vistiendo-de-fiesta-248x300.jpg 248w\" sizes=\"(max-width: 660px) 100vw, 660px\" \/><\/a><\/p>\n<div><\/div>\n","protected":false},"excerpt":{"rendered":"<p>Aqu\u00ed estoy otra vez, hoy con un post casi obligado por estas fechas. Y es que todos, queramos o no, estamos ya pensando en las pr\u00f3ximas reuniones familiares u otras comidas navide\u00f1as a las que tendremos que asistir en estos d\u00edas. En algunas ocasiones podemos reutilizar ese\u00a0vestido\u00a0o conjunto que ya tenemos, pero hay veces que [&hellip;]<\/p>\n","protected":false},"author":52,"featured_media":0,"comment_status":"open","ping_status":"closed","sticky":false,"template":"","format":"standard","meta":[],"categories":[667],"tags":[796,820,839],"_links":{"self":[{"href":"https:\/\/blogs.diariosur.es\/vistetecomopuedas\/wp-json\/wp\/v2\/posts\/1247"}],"collection":[{"href":"https:\/\/blogs.diariosur.es\/vistetecomopuedas\/wp-json\/wp\/v2\/posts"}],"about":[{"href":"https:\/\/blogs.diariosur.es\/vistetecomopuedas\/wp-json\/wp\/v2\/types\/post"}],"author":[{"embeddable":true,"href":"https:\/\/blogs.diariosur.es\/vistetecomopuedas\/wp-json\/wp\/v2\/users\/52"}],"replies":[{"embeddable":true,"href":"https:\/\/blogs.diariosur.es\/vistetecomopuedas\/wp-json\/wp\/v2\/comments?post=1247"}],"version-history":[{"count":0,"href":"https:\/\/blogs.diariosur.es\/vistetecomopuedas\/wp-json\/wp\/v2\/posts\/1247\/revisions"}],"wp:attachment":[{"href":"https:\/\/blogs.diariosur.es\/vistetecomopuedas\/wp-json\/wp\/v2\/media?parent=1247"}],"wp:term":[{"taxonomy":"category","embeddable":true,"href":"https:\/\/blogs.diariosur.es\/vistetecomopuedas\/wp-json\/wp\/v2\/categories?post=1247"},{"taxonomy":"post_tag","embeddable":true,"href":"https:\/\/blogs.diariosur.es\/vistetecomopuedas\/wp-json\/wp\/v2\/tags?post=1247"}],"curies":[{"name":"wp","href":"https:\/\/api.w.org\/{rel}","templated":true}]}}