{"id":1270,"date":"2013-01-16T20:36:15","date_gmt":"2013-01-16T20:36:15","guid":{"rendered":"http:\/\/blogs.diariosur.es\/vistetecomopuedas\/?p=1270"},"modified":"2013-01-16T20:36:15","modified_gmt":"2013-01-16T20:36:15","slug":"el-invierno-es-de-color-rosa","status":"publish","type":"post","link":"https:\/\/blogs.diariosur.es\/vistetecomopuedas\/2013\/01\/16\/el-invierno-es-de-color-rosa\/","title":{"rendered":"El invierno es de color rosa"},"content":{"rendered":"<p>Como no podemos afirmar aquello que dec\u00eda la canci\u00f3n de &#8216;La vie \u00e8 rose&#8217;, al menos qued\u00e9monos con que el invierno s\u00ed que lo es -a pesar de que no soy nada amante de esta estaci\u00f3n-. No obstante, los que vivimos por el sur tenemos bastante suerte de poder disfrutar de un invierno suave. Seguramente compart\u00e1is conmigo que hay pocas cosas como caminar disfrutando de un atardecer junto a la playa. Eso es lo que hac\u00eda cuando mi particular fot\u00f3grafo capt\u00f3 estos momentos mientras paseaba y repasaba alguna lista de cosas pendientes qu\u00e9 hacer junto al mejor paisaje. Como v\u00e9is, ese d\u00eda apost\u00e9 por tonos pasteles, de la gama de los rosados-morados. Un color que no s\u00f3lo tiene que quedar relegado a la primavera, sino que puede venir a endulzar estos d\u00edas fr\u00edos de invierno.<\/p>\n<p><a href=\"\/vistetecomopuedas\/wp-content\/uploads\/sites\/47\/2013\/01\/Rosados-en-playa.jpg\"><img loading=\"lazy\" class=\"aligncenter size-full wp-image-1271\" title=\"Rosados en playa\" src=\"\/vistetecomopuedas\/wp-content\/uploads\/sites\/47\/2013\/01\/Rosados-en-playa.jpg\" alt=\"\" width=\"660\" height=\"800\" srcset=\"https:\/\/static-blogs.diariosur.es\/wp-content\/uploads\/sites\/47\/2013\/01\/Rosados-en-playa.jpg 660w, https:\/\/static-blogs.diariosur.es\/wp-content\/uploads\/sites\/47\/2013\/01\/Rosados-en-playa-248x300.jpg 248w\" sizes=\"(max-width: 660px) 100vw, 660px\" \/><\/a><\/p>\n<p><a href=\"\/vistetecomopuedas\/wp-content\/uploads\/sites\/47\/2013\/01\/rosados-en-playa-2.jpg\"><img loading=\"lazy\" class=\"aligncenter size-full wp-image-1272\" title=\"rosados en playa 2\" src=\"\/vistetecomopuedas\/wp-content\/uploads\/sites\/47\/2013\/01\/rosados-en-playa-2.jpg\" alt=\"\" width=\"660\" height=\"800\" srcset=\"https:\/\/static-blogs.diariosur.es\/wp-content\/uploads\/sites\/47\/2013\/01\/rosados-en-playa-2.jpg 660w, https:\/\/static-blogs.diariosur.es\/wp-content\/uploads\/sites\/47\/2013\/01\/rosados-en-playa-2-248x300.jpg 248w\" sizes=\"(max-width: 660px) 100vw, 660px\" \/><\/a><\/p>\n<p><a href=\"\/vistetecomopuedas\/wp-content\/uploads\/sites\/47\/2013\/01\/rosado-en-playa-3.jpg\"><img loading=\"lazy\" class=\"aligncenter size-full wp-image-1273\" title=\"rosado en playa 3\" src=\"\/vistetecomopuedas\/wp-content\/uploads\/sites\/47\/2013\/01\/rosado-en-playa-3.jpg\" alt=\"\" width=\"660\" height=\"800\" srcset=\"https:\/\/static-blogs.diariosur.es\/wp-content\/uploads\/sites\/47\/2013\/01\/rosado-en-playa-3.jpg 660w, https:\/\/static-blogs.diariosur.es\/wp-content\/uploads\/sites\/47\/2013\/01\/rosado-en-playa-3-248x300.jpg 248w\" sizes=\"(max-width: 660px) 100vw, 660px\" \/><\/a><\/p>\n<pre><span style=\"font-size: x-small;\">Rebeca:<strong>\u00a0Blanco<\/strong><\/span><\/pre>\n<pre><span style=\"font-size: x-small;\">Camisa:\u00a0<strong>Zara<\/strong><\/span><\/pre>\n<pre><span style=\"font-size: x-small;\">Collar:\u00a0<strong>Bijou Brigitte<\/strong><\/span><\/pre>\n<pre><span style=\"font-size: x-small;\">Short:\u00a0<strong>H&M<\/strong><\/span><\/pre>\n<pre><span style=\"font-size: x-small;\">Pa\u00f1uelo:\u00a0<strong>Day a day<\/strong><\/span><\/pre>\n<pre><span style=\"font-size: x-small;\">Botas:\u00a0<strong>Blanco<\/strong>\u00a0(otra temporada)<\/span><\/pre>\n<pre><span style=\"font-size: x-small;\">Chaqueta cuero (que no se ve en fotos pero que tambi\u00e9n llevaba):\u00a0<strong>Blanco<\/strong>\u00a0(otra temporada)<\/span><\/pre>\n<pre><span style=\"font-size: x-small;\">Pantys:\u00a0<strong>Blanco<\/strong><\/span><\/pre>\n<div><span style=\"font-size: x-small;\"><strong><br \/>\n<\/strong><\/span><\/div>\n","protected":false},"excerpt":{"rendered":"<p>Como no podemos afirmar aquello que dec\u00eda la canci\u00f3n de &#8216;La vie \u00e8 rose&#8217;, al menos qued\u00e9monos con que el invierno s\u00ed que lo es -a pesar de que no soy nada amante de esta estaci\u00f3n-. No obstante, los que vivimos por el sur tenemos bastante suerte de poder disfrutar de un invierno suave. Seguramente [&hellip;]<\/p>\n","protected":false},"author":52,"featured_media":0,"comment_status":"open","ping_status":"closed","sticky":false,"template":"","format":"standard","meta":[],"categories":[667],"tags":[1151,807,1152,1122],"_links":{"self":[{"href":"https:\/\/blogs.diariosur.es\/vistetecomopuedas\/wp-json\/wp\/v2\/posts\/1270"}],"collection":[{"href":"https:\/\/blogs.diariosur.es\/vistetecomopuedas\/wp-json\/wp\/v2\/posts"}],"about":[{"href":"https:\/\/blogs.diariosur.es\/vistetecomopuedas\/wp-json\/wp\/v2\/types\/post"}],"author":[{"embeddable":true,"href":"https:\/\/blogs.diariosur.es\/vistetecomopuedas\/wp-json\/wp\/v2\/users\/52"}],"replies":[{"embeddable":true,"href":"https:\/\/blogs.diariosur.es\/vistetecomopuedas\/wp-json\/wp\/v2\/comments?post=1270"}],"version-history":[{"count":0,"href":"https:\/\/blogs.diariosur.es\/vistetecomopuedas\/wp-json\/wp\/v2\/posts\/1270\/revisions"}],"wp:attachment":[{"href":"https:\/\/blogs.diariosur.es\/vistetecomopuedas\/wp-json\/wp\/v2\/media?parent=1270"}],"wp:term":[{"taxonomy":"category","embeddable":true,"href":"https:\/\/blogs.diariosur.es\/vistetecomopuedas\/wp-json\/wp\/v2\/categories?post=1270"},{"taxonomy":"post_tag","embeddable":true,"href":"https:\/\/blogs.diariosur.es\/vistetecomopuedas\/wp-json\/wp\/v2\/tags?post=1270"}],"curies":[{"name":"wp","href":"https:\/\/api.w.org\/{rel}","templated":true}]}}