{"id":1276,"date":"2013-01-31T07:00:05","date_gmt":"2013-01-31T07:00:05","guid":{"rendered":"http:\/\/blogs.diariosur.es\/vistetecomopuedas\/?p=1276"},"modified":"2013-01-31T07:00:05","modified_gmt":"2013-01-31T07:00:05","slug":"las-nuevas-colecciones-apuestan-por-un-hombre-de-estilo-urbano-y-casual","status":"publish","type":"post","link":"https:\/\/blogs.diariosur.es\/vistetecomopuedas\/2013\/01\/31\/las-nuevas-colecciones-apuestan-por-un-hombre-de-estilo-urbano-y-casual\/","title":{"rendered":"Las nuevas colecciones apuestan por un hombre de estilo urbano y casual"},"content":{"rendered":"<p>Todas las marcas est\u00e1n lanzando ya sus nuevas\u00a0<strong>colecciones<\/strong>. Ya hemos visto algunos adelantos de la\u00a0<strong>moda\u00a0<\/strong>femenina, y seguramente pr\u00f3ximamente os ense\u00f1ar\u00e9 m\u00e1s propuestas para la\u00a0<strong>primavera-verano 2013<\/strong>. En esta ocasi\u00f3n es el turno de conocer qu\u00e9 traen marcas como\u00a0<strong>Blanco Man<\/strong>\u00a0o\u00a0<strong>H.E. by Mango.<\/strong>\u00a0Casi todas las nuevas colecciones apuestan por un\u00a0<strong>hombre<\/strong>\u00a0de estilo urbano y casual para la pr\u00f3xima estaci\u00f3n.<\/p>\n<p>Echando un vistazo, encontramos muchas camisetas: marineras, prints&#8230;, vaqueros desgastados, pantalones de distintos colores, y cazadoras sports. Os dejo con dos propuestas para el d\u00eda a d\u00eda. Una con prendas de\u00a0<strong>Blanco Man<\/strong>\u00a0y otras con ropa de\u00a0<strong>H.E. by Mango<\/strong>. Por cierto, que esta \u00faltima marca ha contado con\u00a0<strong>Andr\u00e9s Velencoso<\/strong>\u00a0para su nueva campa\u00f1a en sustituci\u00f3n de\u00a0<strong><a href=\"http:\/\/vistetecomopuedas.blogspot.com.es\/2011\/02\/he-is-gerard-pique.html\" data-blogger-escaped-target=\"_blank\" rel=\"external nofollow\">Piqu\u00e9<\/a><\/strong>.<\/p>\n<p><a href=\"\/vistetecomopuedas\/wp-content\/uploads\/sites\/47\/2013\/01\/Blanco-man.jpg\"><img loading=\"lazy\" class=\"aligncenter size-full wp-image-1277\" title=\"Blanco man\" src=\"\/vistetecomopuedas\/wp-content\/uploads\/sites\/47\/2013\/01\/Blanco-man.jpg\" alt=\"\" width=\"660\" height=\"737\" srcset=\"https:\/\/static-blogs.diariosur.es\/wp-content\/uploads\/sites\/47\/2013\/01\/Blanco-man.jpg 660w, https:\/\/static-blogs.diariosur.es\/wp-content\/uploads\/sites\/47\/2013\/01\/Blanco-man-269x300.jpg 269w\" sizes=\"(max-width: 660px) 100vw, 660px\" \/><\/a><\/p>\n<p><a href=\"\/vistetecomopuedas\/wp-content\/uploads\/sites\/47\/2013\/01\/HE-by-mango.jpg\"><img loading=\"lazy\" class=\"aligncenter size-full wp-image-1278\" title=\"HE by mango\" src=\"\/vistetecomopuedas\/wp-content\/uploads\/sites\/47\/2013\/01\/HE-by-mango.jpg\" alt=\"\" width=\"660\" height=\"738\" srcset=\"https:\/\/static-blogs.diariosur.es\/wp-content\/uploads\/sites\/47\/2013\/01\/HE-by-mango.jpg 660w, https:\/\/static-blogs.diariosur.es\/wp-content\/uploads\/sites\/47\/2013\/01\/HE-by-mango-268x300.jpg 268w\" sizes=\"(max-width: 660px) 100vw, 660px\" \/><\/a><\/p>\n","protected":false},"excerpt":{"rendered":"<p>Todas las marcas est\u00e1n lanzando ya sus nuevas\u00a0colecciones. Ya hemos visto algunos adelantos de la\u00a0moda\u00a0femenina, y seguramente pr\u00f3ximamente os ense\u00f1ar\u00e9 m\u00e1s propuestas para la\u00a0primavera-verano 2013. En esta ocasi\u00f3n es el turno de conocer qu\u00e9 traen marcas como\u00a0Blanco Man\u00a0o\u00a0H.E. by Mango.\u00a0Casi todas las nuevas colecciones apuestan por un\u00a0hombre\u00a0de estilo urbano y casual para la pr\u00f3xima estaci\u00f3n. [&hellip;]<\/p>\n","protected":false},"author":52,"featured_media":0,"comment_status":"open","ping_status":"closed","sticky":false,"template":"","format":"standard","meta":[],"categories":[667],"tags":[808,912,918,973,994,1153],"_links":{"self":[{"href":"https:\/\/blogs.diariosur.es\/vistetecomopuedas\/wp-json\/wp\/v2\/posts\/1276"}],"collection":[{"href":"https:\/\/blogs.diariosur.es\/vistetecomopuedas\/wp-json\/wp\/v2\/posts"}],"about":[{"href":"https:\/\/blogs.diariosur.es\/vistetecomopuedas\/wp-json\/wp\/v2\/types\/post"}],"author":[{"embeddable":true,"href":"https:\/\/blogs.diariosur.es\/vistetecomopuedas\/wp-json\/wp\/v2\/users\/52"}],"replies":[{"embeddable":true,"href":"https:\/\/blogs.diariosur.es\/vistetecomopuedas\/wp-json\/wp\/v2\/comments?post=1276"}],"version-history":[{"count":0,"href":"https:\/\/blogs.diariosur.es\/vistetecomopuedas\/wp-json\/wp\/v2\/posts\/1276\/revisions"}],"wp:attachment":[{"href":"https:\/\/blogs.diariosur.es\/vistetecomopuedas\/wp-json\/wp\/v2\/media?parent=1276"}],"wp:term":[{"taxonomy":"category","embeddable":true,"href":"https:\/\/blogs.diariosur.es\/vistetecomopuedas\/wp-json\/wp\/v2\/categories?post=1276"},{"taxonomy":"post_tag","embeddable":true,"href":"https:\/\/blogs.diariosur.es\/vistetecomopuedas\/wp-json\/wp\/v2\/tags?post=1276"}],"curies":[{"name":"wp","href":"https:\/\/api.w.org\/{rel}","templated":true}]}}