{"id":1283,"date":"2013-02-11T20:38:29","date_gmt":"2013-02-11T19:38:29","guid":{"rendered":"http:\/\/blogs.diariosur.es\/vistetecomopuedas\/?p=1283"},"modified":"2013-02-11T20:38:29","modified_gmt":"2013-02-11T19:38:29","slug":"nos-puede-pasar-a-todas-famosas-a-las-que-la-ropa-le-jugo-una-mala-pasada","status":"publish","type":"post","link":"https:\/\/blogs.diariosur.es\/vistetecomopuedas\/2013\/02\/11\/nos-puede-pasar-a-todas-famosas-a-las-que-la-ropa-le-jugo-una-mala-pasada\/","title":{"rendered":"Nos puede pasar a todas: Famosas a las que la ropa le jug\u00f3 una mala pasada"},"content":{"rendered":"<p>Hola de nuevo, esta vez vengo con un post desenfadado, de esos que traen a las famosas a la tierra terrenal. Y es que a todas nos puede pasar que en el momento menos oportuno se nos rompa el vestido, la camiseta, el pantal\u00f3n&#8230; a veces pensamos que se debe a que la prenda no ser\u00eda de buena calidad, pero est\u00e1 claro que siempre puede pasar. Y si no que se lo digan a <strong>Jennifer Lawrence<\/strong> y a <strong>Dior<\/strong>.<\/p>\n<p>Seguro que ya hab\u00e9is visto las im\u00e1genes en las que cuando iba a recoger su galard\u00f3n en los Premios del Sindicato de Actores se enganch\u00f3 el vestido quedando una parte al descubierto. Por fortuna, s\u00f3lo fueron unos segundos y el estropicio tuvo arreglo. Para que la pobre no se sintiera sola en esto de pasar verg\u00fcenza por un peque\u00f1o &#8220;accidente&#8221;,<strong> Lady Gaga<\/strong> se solidariz\u00f3 con ella. Durante su primer concierto en 2013, a la artista se le rompi\u00f3 el pantal\u00f3n de cuero que llevaba por la parte trasera, ante la atenta mirada de todos sus fans.<\/p>\n<p>Hace algo m\u00e1s de tiempo, tambi\u00e9n recordar\u00e9is que a <strong>Sof\u00eda Vergara<\/strong> le estall\u00f3 su vestido tambi\u00e9n por la parte trasera. Lo bueno de ser famosa es que en seguida tuvo a alguien que pudo arregl\u00e1rselo en la misma alfombra roja.<\/p>\n<p><a href=\"\/vistetecomopuedas\/wp-content\/uploads\/sites\/47\/2013\/02\/famosas_a_la_que_la_ropa_le_jug_una_mala_pasada.jpg\"><img loading=\"lazy\" class=\"aligncenter size-full wp-image-1284\" title=\"famosas_a_la_que_la_ropa_le_jug_una_mala_pasada\" src=\"\/vistetecomopuedas\/wp-content\/uploads\/sites\/47\/2013\/02\/famosas_a_la_que_la_ropa_le_jug_una_mala_pasada.jpg\" alt=\"\" width=\"660\" height=\"800\" srcset=\"https:\/\/static-blogs.diariosur.es\/wp-content\/uploads\/sites\/47\/2013\/02\/famosas_a_la_que_la_ropa_le_jug_una_mala_pasada.jpg 660w, https:\/\/static-blogs.diariosur.es\/wp-content\/uploads\/sites\/47\/2013\/02\/famosas_a_la_que_la_ropa_le_jug_una_mala_pasada-248x300.jpg 248w\" sizes=\"(max-width: 660px) 100vw, 660px\" \/><\/a><\/p>\n","protected":false},"excerpt":{"rendered":"<p>Hola de nuevo, esta vez vengo con un post desenfadado, de esos que traen a las famosas a la tierra terrenal. Y es que a todas nos puede pasar que en el momento menos oportuno se nos rompa el vestido, la camiseta, el pantal\u00f3n&#8230; a veces pensamos que se debe a que la prenda no [&hellip;]<\/p>\n","protected":false},"author":52,"featured_media":0,"comment_status":"open","ping_status":"closed","sticky":false,"template":"","format":"standard","meta":[],"categories":[667],"tags":[870,931,1154,1056,1071],"_links":{"self":[{"href":"https:\/\/blogs.diariosur.es\/vistetecomopuedas\/wp-json\/wp\/v2\/posts\/1283"}],"collection":[{"href":"https:\/\/blogs.diariosur.es\/vistetecomopuedas\/wp-json\/wp\/v2\/posts"}],"about":[{"href":"https:\/\/blogs.diariosur.es\/vistetecomopuedas\/wp-json\/wp\/v2\/types\/post"}],"author":[{"embeddable":true,"href":"https:\/\/blogs.diariosur.es\/vistetecomopuedas\/wp-json\/wp\/v2\/users\/52"}],"replies":[{"embeddable":true,"href":"https:\/\/blogs.diariosur.es\/vistetecomopuedas\/wp-json\/wp\/v2\/comments?post=1283"}],"version-history":[{"count":0,"href":"https:\/\/blogs.diariosur.es\/vistetecomopuedas\/wp-json\/wp\/v2\/posts\/1283\/revisions"}],"wp:attachment":[{"href":"https:\/\/blogs.diariosur.es\/vistetecomopuedas\/wp-json\/wp\/v2\/media?parent=1283"}],"wp:term":[{"taxonomy":"category","embeddable":true,"href":"https:\/\/blogs.diariosur.es\/vistetecomopuedas\/wp-json\/wp\/v2\/categories?post=1283"},{"taxonomy":"post_tag","embeddable":true,"href":"https:\/\/blogs.diariosur.es\/vistetecomopuedas\/wp-json\/wp\/v2\/tags?post=1283"}],"curies":[{"name":"wp","href":"https:\/\/api.w.org\/{rel}","templated":true}]}}