{"id":1289,"date":"2013-02-22T00:11:33","date_gmt":"2013-02-21T23:11:33","guid":{"rendered":"http:\/\/blogs.diariosur.es\/vistetecomopuedas\/?p=1289"},"modified":"2013-02-22T00:11:33","modified_gmt":"2013-02-21T23:11:33","slug":"la-primavera-llega-a-plaza-mayor-en-el-i-encuentro-blogger","status":"publish","type":"post","link":"https:\/\/blogs.diariosur.es\/vistetecomopuedas\/2013\/02\/22\/la-primavera-llega-a-plaza-mayor-en-el-i-encuentro-blogger\/","title":{"rendered":"La primavera llega a Plaza Mayor en el I Encuentro Blogger"},"content":{"rendered":"<div>Con este fr\u00edo y los cielos cubiertos se hace dif\u00edcil pensar en<strong>\u00a0primavera<\/strong>, pero \u00e9sta ya ha llegado a todas las tiendas.\u00a0Acabo de llegar de participar en el\u00a0<strong>I Encuentro blogger del Centro de Ocio Plaza Mayor<\/strong>. El evento consist\u00eda en probarnos ropa de <strong>nueva temporada<\/strong> de distintas\u00a0<strong>tiendas<\/strong>\u00a0participantes y poder confeccionar nuestros\u00a0<strong>outfits<\/strong>\u00a0primaverales.<\/div>\n<div><\/div>\n<div>Como siempre, este tipo de eventos son un buen motivo para conocer a\u00a0<strong>bloggers<\/strong>, encontrarte con otras que ya conoces y, en definitiva, pasar un buen rato. Adem\u00e1s, todos pudimos conocer de cerca las <strong>prendas<\/strong> que traen las nuevas colecciones en distintas tiendas. En la que m\u00e1s rato pas\u00e9 (ya que no todas participaban en este evento) fue en\u00a0<strong>Trucco<\/strong>. All\u00ed me prob\u00e9 varias prendas, entre los que salieron dos <strong>looks primaverales.<\/strong> Aunque me quedo con el \u00faltimo que os muestro m\u00e1s adelante.<\/div>\n<div><\/div>\n<div>Por \u00faltimo, os indico qu\u00e9 tiendas de Plaza Mayor participaban en este <strong>I Encuentro de bloggers Plaza Mayor<\/strong>: Chk 10, C&#038;A, Geox, Cortefiel, Polinesia, Loft Six, Piel de Toro, Celop, Baileys, Jack &#038; Jones, Antony Morato, Cameiu, Women&#8217;secret, 7Camicie, Trucco, Tino Gonz\u00e1lez, Decimas, El Potro, Shana, Quiksilver, Maxichica, Mombou, Odd Fashion, Levi&#8217;s Factory y Paco Mart\u00ednez.<\/div>\n<div><\/div>\n<div><a href=\"\/vistetecomopuedas\/wp-content\/uploads\/sites\/47\/2013\/02\/Evento-bloggers-Plaza-Mayor.jpg\"><img loading=\"lazy\" class=\"aligncenter size-full wp-image-1290\" title=\"Evento bloggers Plaza Mayor\" src=\"\/vistetecomopuedas\/wp-content\/uploads\/sites\/47\/2013\/02\/Evento-bloggers-Plaza-Mayor.jpg\" alt=\"\" width=\"660\" height=\"617\" srcset=\"https:\/\/static-blogs.diariosur.es\/wp-content\/uploads\/sites\/47\/2013\/02\/Evento-bloggers-Plaza-Mayor.jpg 660w, https:\/\/static-blogs.diariosur.es\/wp-content\/uploads\/sites\/47\/2013\/02\/Evento-bloggers-Plaza-Mayor-300x280.jpg 300w\" sizes=\"(max-width: 660px) 100vw, 660px\" \/><\/a><\/div>\n<div style=\"text-align: center;\">En el photocall del 1 encuentro blogger Plaza Mayor, y conversando con la blogger de Sex in M\u00e1laga City<\/div>\n<div style=\"text-align: center;\"><\/div>\n<div><a href=\"\/vistetecomopuedas\/wp-content\/uploads\/sites\/47\/2013\/02\/Encuentro-blogger-plaza-Mayor-2.jpg\"><img loading=\"lazy\" class=\"size-full wp-image-1291 aligncenter\" title=\"Encuentro blogger plaza Mayor 2\" src=\"\/vistetecomopuedas\/wp-content\/uploads\/sites\/47\/2013\/02\/Encuentro-blogger-plaza-Mayor-2.jpg\" alt=\"\" width=\"660\" height=\"800\" srcset=\"https:\/\/static-blogs.diariosur.es\/wp-content\/uploads\/sites\/47\/2013\/02\/Encuentro-blogger-plaza-Mayor-2.jpg 660w, https:\/\/static-blogs.diariosur.es\/wp-content\/uploads\/sites\/47\/2013\/02\/Encuentro-blogger-plaza-Mayor-2-248x300.jpg 248w\" sizes=\"(max-width: 660px) 100vw, 660px\" \/><\/a><\/div>\n<div style=\"text-align: center;\">En esta foto pod\u00e9is ver a Almudena del blog de esta casa: Pasarela Urbana, y a Lorena tambi\u00e9n del Diario Sur.<\/div>\n<div><\/div>\n<div><a href=\"\/vistetecomopuedas\/wp-content\/uploads\/sites\/47\/2013\/02\/Encuentro-blogger-plaza-mayor-3.jpg\"><img loading=\"lazy\" class=\"aligncenter size-full wp-image-1293\" title=\"Encuentro blogger plaza mayor 3\" src=\"\/vistetecomopuedas\/wp-content\/uploads\/sites\/47\/2013\/02\/Encuentro-blogger-plaza-mayor-3.jpg\" alt=\"\" width=\"660\" height=\"800\" srcset=\"https:\/\/static-blogs.diariosur.es\/wp-content\/uploads\/sites\/47\/2013\/02\/Encuentro-blogger-plaza-mayor-3.jpg 660w, https:\/\/static-blogs.diariosur.es\/wp-content\/uploads\/sites\/47\/2013\/02\/Encuentro-blogger-plaza-mayor-3-248x300.jpg 248w\" sizes=\"(max-width: 660px) 100vw, 660px\" \/><\/a><\/div>\n<div>Este \u00faltimo <strong>vestido<\/strong> fue el que m\u00e1s me gust\u00f3 de todo lo que me prob\u00e9, as\u00ed como el\u00a0<strong>cintur\u00f3n<\/strong>\u00a0que le a\u00f1ad\u00ed, el cual simulaba unas hojas. L\u00e1stima que no hubiera de mi talla. La\u00a0<strong>parka\u00a0<\/strong>con capucha me pareci\u00f3 que contrastaba perfectamente con el vestido d\u00e1ndole un toque diferente, as\u00ed que all\u00ed que me la puse. Aunque, seguro que si me comprara este vestido lo combinar\u00eda con una chaqueta distinta, como una blanca polipiel que me aconsej\u00f3 la dependienta de\u00a0<strong>Trucco<\/strong>, que por cierto si v\u00e1is saldr\u00e9is encantadas, pues es simpatiqu\u00edsima.<\/div>\n<div><\/div>\n<div>\u00a1Feliz fin de semana!<\/div>\n<div><\/div>\n","protected":false},"excerpt":{"rendered":"<p>Con este fr\u00edo y los cielos cubiertos se hace dif\u00edcil pensar en\u00a0primavera, pero \u00e9sta ya ha llegado a todas las tiendas.\u00a0Acabo de llegar de participar en el\u00a0I Encuentro blogger del Centro de Ocio Plaza Mayor. El evento consist\u00eda en probarnos ropa de nueva temporada de distintas\u00a0tiendas\u00a0participantes y poder confeccionar nuestros\u00a0outfits\u00a0primaverales. Como siempre, este tipo de [&hellip;]<\/p>\n","protected":false},"author":52,"featured_media":0,"comment_status":"open","ping_status":"closed","sticky":false,"template":"","format":"standard","meta":[],"categories":[667],"tags":[962,1022,1038,1043,1100],"_links":{"self":[{"href":"https:\/\/blogs.diariosur.es\/vistetecomopuedas\/wp-json\/wp\/v2\/posts\/1289"}],"collection":[{"href":"https:\/\/blogs.diariosur.es\/vistetecomopuedas\/wp-json\/wp\/v2\/posts"}],"about":[{"href":"https:\/\/blogs.diariosur.es\/vistetecomopuedas\/wp-json\/wp\/v2\/types\/post"}],"author":[{"embeddable":true,"href":"https:\/\/blogs.diariosur.es\/vistetecomopuedas\/wp-json\/wp\/v2\/users\/52"}],"replies":[{"embeddable":true,"href":"https:\/\/blogs.diariosur.es\/vistetecomopuedas\/wp-json\/wp\/v2\/comments?post=1289"}],"version-history":[{"count":0,"href":"https:\/\/blogs.diariosur.es\/vistetecomopuedas\/wp-json\/wp\/v2\/posts\/1289\/revisions"}],"wp:attachment":[{"href":"https:\/\/blogs.diariosur.es\/vistetecomopuedas\/wp-json\/wp\/v2\/media?parent=1289"}],"wp:term":[{"taxonomy":"category","embeddable":true,"href":"https:\/\/blogs.diariosur.es\/vistetecomopuedas\/wp-json\/wp\/v2\/categories?post=1289"},{"taxonomy":"post_tag","embeddable":true,"href":"https:\/\/blogs.diariosur.es\/vistetecomopuedas\/wp-json\/wp\/v2\/tags?post=1289"}],"curies":[{"name":"wp","href":"https:\/\/api.w.org\/{rel}","templated":true}]}}