{"id":1295,"date":"2013-03-01T14:52:09","date_gmt":"2013-03-01T13:52:09","guid":{"rendered":"http:\/\/blogs.diariosur.es\/vistetecomopuedas\/?p=1295"},"modified":"2013-03-01T14:52:09","modified_gmt":"2013-03-01T13:52:09","slug":"1295","status":"publish","type":"post","link":"https:\/\/blogs.diariosur.es\/vistetecomopuedas\/2013\/03\/01\/1295\/","title":{"rendered":"La alta costura de Maga Sublime Collection se asoma al centro"},"content":{"rendered":"<p>La alta costura toma la c\u00e9ntrica calle Larios de\u00a0<strong>M\u00e1laga\u00a0<\/strong>este fin de semana, a partir de un evento que organiza el <a href=\"http:\/\/www.museoautomovilmalaga.com\/\" rel=\"external nofollow\">Museo Automovil\u00edstico<\/a> de la capital de la Costa del Sol. Se trata de un anticipo a la\u00a0<strong>Maga Sublime Collection<\/strong>, actividad que pretende hacer un recorrido por la alta costura desde finales del siglo XIX y hasta el siglo XX a trav\u00e9s de una treintena de vestidos \u00fanicos y que jam\u00e1s han sido expuesto. No se trata de piezas cualquiera: firmas de la talla como\u00a0<strong>Dior<\/strong>,\u00a0<strong>Chanel<\/strong>,\u00a0<strong>Yves Saint Laurent\u00a0<\/strong>o\u00a0<strong>Balmain<\/strong>.<\/p>\n<div><a href=\"\/vistetecomopuedas\/wp-content\/uploads\/sites\/47\/2013\/03\/museomoda.jpg\"><img loading=\"lazy\" class=\"aligncenter  wp-image-1296\" title=\"Maga Sublime Collection - Museo Automovil\u00edstico de M\u00e1laga\" src=\"\/vistetecomopuedas\/wp-content\/uploads\/sites\/47\/2013\/03\/museomoda.jpg\" alt=\"\" width=\"384\" height=\"288\" srcset=\"https:\/\/static-blogs.diariosur.es\/wp-content\/uploads\/sites\/47\/2013\/03\/museomoda.jpg 640w, https:\/\/static-blogs.diariosur.es\/wp-content\/uploads\/sites\/47\/2013\/03\/museomoda-300x225.jpg 300w\" sizes=\"(max-width: 384px) 100vw, 384px\" \/><\/a><\/div>\n<div><\/div>\n<div>\n<div>Sus organizadores nos citan s\u00e1bado y domingo en el centro de M\u00e1laga: el\u00a0<strong>s\u00e1bado, d\u00eda 2<\/strong>, desde las 12.30 h y hasta las 14.30 horas, el evento nos permitir\u00e1 disfrutar de alguno de los exclusivos vestidos que forman la muestra. Pero, sin duda, la actividad m\u00e1s atractiva del fin de semana llegar\u00e1 el\u00a0<strong>domingo, 3 de marzo<\/strong>. De 16.30 a 18.30 horas, los malague\u00f1os tendr\u00e1n la posibilidad de convertirse en una estrella del mundo del cine: podr\u00e1n sentirse como tales, mont\u00e1ndose en alguno de los veh\u00edculos de la colecci\u00f3n, y siendo fotografiados para ser parte de un atractivo concurso en las redes sociales del Museo. Antes de la sesi\u00f3n, los participantes podr\u00e1n disfrutar de un\u00a0<strong>maquillaje express<\/strong>.<\/div>\n<div><\/div>\n<div>El Museo Automovil\u00edstico de M\u00e1laga quiere implicar a la ciudad en la cultura y la moda. No hay mejor forma de hacerlo que a partir de este anticipo de la\u00a0<strong>Maga Sublime Collection<\/strong>, muestra de vestidos de alta costura vintage que se inaugura el pr\u00f3ximo d\u00eda 7 de marzo.<\/div>\n<div><\/div>\n<\/div>\n","protected":false},"excerpt":{"rendered":"<p>La alta costura toma la c\u00e9ntrica calle Larios de\u00a0M\u00e1laga\u00a0este fin de semana, a partir de un evento que organiza el Museo Automovil\u00edstico de la capital de la Costa del Sol. Se trata de un anticipo a la\u00a0Maga Sublime Collection, actividad que pretende hacer un recorrido por la alta costura desde finales del siglo XIX y [&hellip;]<\/p>\n","protected":false},"author":52,"featured_media":0,"comment_status":"open","ping_status":"closed","sticky":false,"template":"","format":"standard","meta":[],"categories":[667],"tags":[],"_links":{"self":[{"href":"https:\/\/blogs.diariosur.es\/vistetecomopuedas\/wp-json\/wp\/v2\/posts\/1295"}],"collection":[{"href":"https:\/\/blogs.diariosur.es\/vistetecomopuedas\/wp-json\/wp\/v2\/posts"}],"about":[{"href":"https:\/\/blogs.diariosur.es\/vistetecomopuedas\/wp-json\/wp\/v2\/types\/post"}],"author":[{"embeddable":true,"href":"https:\/\/blogs.diariosur.es\/vistetecomopuedas\/wp-json\/wp\/v2\/users\/52"}],"replies":[{"embeddable":true,"href":"https:\/\/blogs.diariosur.es\/vistetecomopuedas\/wp-json\/wp\/v2\/comments?post=1295"}],"version-history":[{"count":0,"href":"https:\/\/blogs.diariosur.es\/vistetecomopuedas\/wp-json\/wp\/v2\/posts\/1295\/revisions"}],"wp:attachment":[{"href":"https:\/\/blogs.diariosur.es\/vistetecomopuedas\/wp-json\/wp\/v2\/media?parent=1295"}],"wp:term":[{"taxonomy":"category","embeddable":true,"href":"https:\/\/blogs.diariosur.es\/vistetecomopuedas\/wp-json\/wp\/v2\/categories?post=1295"},{"taxonomy":"post_tag","embeddable":true,"href":"https:\/\/blogs.diariosur.es\/vistetecomopuedas\/wp-json\/wp\/v2\/tags?post=1295"}],"curies":[{"name":"wp","href":"https:\/\/api.w.org\/{rel}","templated":true}]}}