{"id":1299,"date":"2013-03-09T02:12:00","date_gmt":"2013-03-09T01:12:00","guid":{"rendered":"http:\/\/blogs.diariosur.es\/vistetecomopuedas\/?p=1299"},"modified":"2013-03-09T02:12:00","modified_gmt":"2013-03-09T01:12:00","slug":"la-maga-sublime-collection-viste-de-epoca-al-museo-automovilistico-de-malaga","status":"publish","type":"post","link":"https:\/\/blogs.diariosur.es\/vistetecomopuedas\/2013\/03\/09\/la-maga-sublime-collection-viste-de-epoca-al-museo-automovilistico-de-malaga\/","title":{"rendered":"La Maga Sublime Collection viste de \u00e9poca al Museo Automovil\u00edstico de M\u00e1laga"},"content":{"rendered":"<p><strong>Maga Sublime Collection<\/strong>, as\u00ed se llama la nueva <strong>exposici\u00f3n<\/strong> que, desde anoche, alberga el <strong>Museo Automovil\u00edstico de M\u00e1laga<\/strong>. Una muestra formada por unos sesenta vestidos que estar\u00e1n de forma permanente en dicho enclave. Bajo el sobrenombre \u201cDe <strong>Mariano Fortuny<\/strong> a <strong>John Galliano<\/strong>\u201d la colecci\u00f3n ofrece un recorrido por la evoluci\u00f3n de la moda a lo largo del siglo XX.<\/p>\n<p>Al acto de inauguraci\u00f3n de <strong>Maga Sublime Collection<\/strong> asistieron el alcalde de M\u00e1laga, <strong>Francisco de la Torre<\/strong>, el director del <strong>Museo Automovil\u00edstico de M\u00e1laga<\/strong>,<strong> Joao Magalhaes<\/strong> \u2013ambos encargados de presentar esta apuesta por el turismo de <strong>moda<\/strong> y <strong>lujo<\/strong>-, la <strong>Princesa Mar\u00eda Luisa de Prusia<\/strong>, junto a su esposo el <strong>Conde Rudi<\/strong> y <strong>Linda Echevarr\u00eda<\/strong>, entre otras personalidades destacadas de la provincia.<strong><\/strong><\/p>\n<p style=\"text-align: left;\" align=\"center\">En esta colecci\u00f3n se incluyen preciosos vestidos presentados en cinco temas: El esplendor de la <strong>Belle \u00c9poque<\/strong>; la elegancia de la <strong>postguerra<\/strong>, con modelos de <strong>Balenciaga<\/strong>, <strong>Dior<\/strong>, <strong>Chanel<\/strong> o <strong>Nina Ricci<\/strong>; El <strong>Chic<\/strong> absoluto, con vestidos de <strong>Yves Saint Laurent<\/strong> o <strong>Lanvin<\/strong>; Los vestidos cocktail <strong>a\u00f1os 50 y 60<\/strong>; y la <strong>alta costura <\/strong>con el sombrero zapato de <strong>Dal\u00ed<\/strong> o el ave del para\u00edso de la inmortal <strong>Elsa Schiaparelli<\/strong>.<\/p>\n<p>Una colecci\u00f3n digna de ver, sobre todo junto a esos coches que tambi\u00e9n se exponen en el museo. Lo cierto es que la atm\u00f3sfera no pod\u00eda ser mejor. Como la que se respir\u00f3 anoche durante la inauguraci\u00f3n. Creo que puedo hablar por todos los asistentes si afirmo que lo pasamos realmente bien. Todo estuvo bastante bien organizado y los vestidos estaban dispuestos de manera escenogr\u00e1fica. Acompa\u00f1ados de tocados, en un espacio decorado acorde a la \u00e9poca, con sombrereras, maletas antiguas, tocadores, vestidores\u2026 Lo mejor es que si os apetece verla no hay que pagar m\u00e1s, pues la visita est\u00e1 incluida en el precio de la entrada al museo.<\/p>\n<p>Asimismo, anoche, algunas afortunadas pudimos disfrutar de numerosos tocados que estaban en otro departamento del museo. Una maravilla de la moda pues pertenec\u00edan a distintas \u00e9pocas. Todo gracias a la amabilidad del director del Museo, Joao Magalhaes, que fue quien tuvo el gusto de permitirnos esta particular visita. Aunque fue gracias tambi\u00e9n a Elia de <strong>Logana Tocados<\/strong>, que fue quien consigui\u00f3 este peque\u00f1o encuentro para Rose de Sex in the M\u00e1laga City y para m\u00ed. La verdad es que pasamos un rato estupendo, pues como siempre nos encontramos caras conocidas sin las que estos eventos no ser\u00eda lo mismo y otras que eran conocidas pero que a\u00fan no hab\u00eda tenido la oportunidad de ver en persona como <strong>Manuel Beltr\u00e1n<\/strong>, con quien tambi\u00e9n lo pas\u00e9 bastante bien. Y es que la moda tambi\u00e9n es eso, momentos m\u00e1gicos de luz, color, mezclados con el romanticismo de otras \u00e9pocas, abrigados por un mundo de acero, neum\u00e1ticos y elegancia que junto a la gastronom\u00eda nos traslada al disfraz de vestirnos hoy d\u00eda, en la post guerra o en la Belle \u00c9poque.<\/p>\n<p>Os dejo con im\u00e1genes de algunos de los dise\u00f1os que podr\u00e9is encontrar en esta nueva exposici\u00f3n, as\u00ed como un par de im\u00e1genes que tomamos en esta cita<\/p>\n<p><a href=\"\/vistetecomopuedas\/wp-content\/uploads\/sites\/47\/2013\/03\/Maga-Sublime-Collection-3.jpg\"><img loading=\"lazy\" class=\"aligncenter size-full wp-image-1301\" title=\"Maga Sublime Collection 3\" src=\"\/vistetecomopuedas\/wp-content\/uploads\/sites\/47\/2013\/03\/Maga-Sublime-Collection-3.jpg\" alt=\"\" width=\"660\" height=\"800\" srcset=\"https:\/\/static-blogs.diariosur.es\/wp-content\/uploads\/sites\/47\/2013\/03\/Maga-Sublime-Collection-3.jpg 660w, https:\/\/static-blogs.diariosur.es\/wp-content\/uploads\/sites\/47\/2013\/03\/Maga-Sublime-Collection-3-248x300.jpg 248w\" sizes=\"(max-width: 660px) 100vw, 660px\" \/><\/a><\/p>\n<p><a href=\"\/vistetecomopuedas\/wp-content\/uploads\/sites\/47\/2013\/03\/Maga-Sublime-Collection-2.jpg\"><img loading=\"lazy\" class=\"aligncenter size-full wp-image-1300\" title=\"Maga Sublime Collection 2\" src=\"\/vistetecomopuedas\/wp-content\/uploads\/sites\/47\/2013\/03\/Maga-Sublime-Collection-2.jpg\" alt=\"\" width=\"660\" height=\"800\" srcset=\"https:\/\/static-blogs.diariosur.es\/wp-content\/uploads\/sites\/47\/2013\/03\/Maga-Sublime-Collection-2.jpg 660w, https:\/\/static-blogs.diariosur.es\/wp-content\/uploads\/sites\/47\/2013\/03\/Maga-Sublime-Collection-2-248x300.jpg 248w\" sizes=\"(max-width: 660px) 100vw, 660px\" \/><\/a><\/p>\n<p><a href=\"\/vistetecomopuedas\/wp-content\/uploads\/sites\/47\/2013\/03\/Maga-Sublime-Collection-4.jpg\"><img loading=\"lazy\" class=\"aligncenter size-full wp-image-1302\" title=\"Maga Sublime Collection 4\" src=\"\/vistetecomopuedas\/wp-content\/uploads\/sites\/47\/2013\/03\/Maga-Sublime-Collection-4.jpg\" alt=\"\" width=\"660\" height=\"800\" srcset=\"https:\/\/static-blogs.diariosur.es\/wp-content\/uploads\/sites\/47\/2013\/03\/Maga-Sublime-Collection-4.jpg 660w, https:\/\/static-blogs.diariosur.es\/wp-content\/uploads\/sites\/47\/2013\/03\/Maga-Sublime-Collection-4-248x300.jpg 248w\" sizes=\"(max-width: 660px) 100vw, 660px\" \/><\/a><\/p>\n<div id=\"attachment_1303\" style=\"width: 670px\" class=\"wp-caption aligncenter\"><a href=\"\/vistetecomopuedas\/wp-content\/uploads\/sites\/47\/2013\/03\/Maga-Sublime-Collection-5.jpg\"><img aria-describedby=\"caption-attachment-1303\" loading=\"lazy\" class=\"size-full wp-image-1303\" title=\"Maga Sublime Collection 5\" src=\"\/vistetecomopuedas\/wp-content\/uploads\/sites\/47\/2013\/03\/Maga-Sublime-Collection-5.jpg\" alt=\"\" width=\"660\" height=\"800\" srcset=\"https:\/\/static-blogs.diariosur.es\/wp-content\/uploads\/sites\/47\/2013\/03\/Maga-Sublime-Collection-5.jpg 660w, https:\/\/static-blogs.diariosur.es\/wp-content\/uploads\/sites\/47\/2013\/03\/Maga-Sublime-Collection-5-248x300.jpg 248w\" sizes=\"(max-width: 660px) 100vw, 660px\" \/><\/a><p id=\"caption-attachment-1303\" class=\"wp-caption-text\">De izquierda a derecha: Manuel Beltr\u00e1n, Rose de Sex and the M\u00e1laga city y Elia de Logana Tocados<\/p><\/div>\n","protected":false},"excerpt":{"rendered":"<p>Maga Sublime Collection, as\u00ed se llama la nueva exposici\u00f3n que, desde anoche, alberga el Museo Automovil\u00edstico de M\u00e1laga. Una muestra formada por unos sesenta vestidos que estar\u00e1n de forma permanente en dicho enclave. Bajo el sobrenombre \u201cDe Mariano Fortuny a John Galliano\u201d la colecci\u00f3n ofrece un recorrido por la evoluci\u00f3n de la moda a lo [&hellip;]<\/p>\n","protected":false},"author":52,"featured_media":0,"comment_status":"open","ping_status":"closed","sticky":false,"template":"","format":"standard","meta":[],"categories":[667],"tags":[798,834,870,946,967,1002,1009,1095,1110,1113,1116],"_links":{"self":[{"href":"https:\/\/blogs.diariosur.es\/vistetecomopuedas\/wp-json\/wp\/v2\/posts\/1299"}],"collection":[{"href":"https:\/\/blogs.diariosur.es\/vistetecomopuedas\/wp-json\/wp\/v2\/posts"}],"about":[{"href":"https:\/\/blogs.diariosur.es\/vistetecomopuedas\/wp-json\/wp\/v2\/types\/post"}],"author":[{"embeddable":true,"href":"https:\/\/blogs.diariosur.es\/vistetecomopuedas\/wp-json\/wp\/v2\/users\/52"}],"replies":[{"embeddable":true,"href":"https:\/\/blogs.diariosur.es\/vistetecomopuedas\/wp-json\/wp\/v2\/comments?post=1299"}],"version-history":[{"count":0,"href":"https:\/\/blogs.diariosur.es\/vistetecomopuedas\/wp-json\/wp\/v2\/posts\/1299\/revisions"}],"wp:attachment":[{"href":"https:\/\/blogs.diariosur.es\/vistetecomopuedas\/wp-json\/wp\/v2\/media?parent=1299"}],"wp:term":[{"taxonomy":"category","embeddable":true,"href":"https:\/\/blogs.diariosur.es\/vistetecomopuedas\/wp-json\/wp\/v2\/categories?post=1299"},{"taxonomy":"post_tag","embeddable":true,"href":"https:\/\/blogs.diariosur.es\/vistetecomopuedas\/wp-json\/wp\/v2\/tags?post=1299"}],"curies":[{"name":"wp","href":"https:\/\/api.w.org\/{rel}","templated":true}]}}